{"id":28350,"date":"2023-03-02T18:47:36","date_gmt":"2023-03-02T21:47:36","guid":{"rendered":"https:\/\/radiorevelacionfm.cl\/?p=28350"},"modified":"2023-03-02T18:47:36","modified_gmt":"2023-03-02T21:47:36","slug":"seremi-de-gobierno-aplaude-promulgacion-de-ley-tea-hoy-dimos-un-paso-mas-en-la-inclusion-social","status":"publish","type":"post","link":"https:\/\/radiorevelacionfm.cl\/?p=28350","title":{"rendered":"Seremi de Gobierno aplaude promulgaci\u00f3n de Ley TEA: hoy dimos un paso m\u00e1s en la inclusi\u00f3n social"},"content":{"rendered":"<div class=\"flex_column av_one_full  flex_column_div av-zero-column-padding first  avia-builder-el-0  el_before_av_one_full  avia-builder-el-first  \" style='border-radius:0px; '><div  class='avia-image-container  av-styling-    avia-builder-el-1  avia-builder-el-no-sibling  avia-align-center '  itemprop=\"image\" itemscope=\"itemscope\" itemtype=\"https:\/\/schema.org\/ImageObject\"  ><div class='avia-image-container-inner'><div class='avia-image-overlay-wrap'><img decoding=\"async\" class='wp-image-28351 avia-img-lazy-loading-not-28351 avia_image' src=\"https:\/\/radiorevelacionfm.cl\/wp-content\/uploads\/2023\/03\/vista-general-1-1_optimized-1.jpeg\" alt='' title='vista-general-(1)-(1)_optimized (1)' height=\"600\" width=\"800\"  itemprop=\"thumbnailUrl\" srcset=\"https:\/\/radiorevelacionfm.cl\/wp-content\/uploads\/2023\/03\/vista-general-1-1_optimized-1.jpeg 800w, https:\/\/radiorevelacionfm.cl\/wp-content\/uploads\/2023\/03\/vista-general-1-1_optimized-1-300x225.jpeg 300w, https:\/\/radiorevelacionfm.cl\/wp-content\/uploads\/2023\/03\/vista-general-1-1_optimized-1-768x576.jpeg 768w, https:\/\/radiorevelacionfm.cl\/wp-content\/uploads\/2023\/03\/vista-general-1-1_optimized-1-705x529.jpeg 705w, https:\/\/radiorevelacionfm.cl\/wp-content\/uploads\/2023\/03\/vista-general-1-1_optimized-1-600x450.jpeg 600w\" sizes=\"(max-width: 800px) 100vw, 800px\" \/><\/div><\/div><\/div><\/div><div class=\"flex_column av_one_full  flex_column_div av-zero-column-padding first  avia-builder-el-2  el_after_av_one_full  el_before_av_one_full  column-top-margin\" style='border-radius:0px; '><section class=\"av_textblock_section \"  itemscope=\"itemscope\" itemtype=\"https:\/\/schema.org\/BlogPosting\" itemprop=\"blogPost\" ><div class='avia_textblock  '   itemprop=\"text\" ><p style=\"text-align: center;\"><span style=\"font-size: 18pt;\"><strong>Seremi de Gobierno aplaude promulgaci\u00f3n de Ley TEA: hoy dimos un paso m\u00e1s en la inclusi\u00f3n social<\/strong><\/span><\/p>\n<div id=\"gtx-trans\" style=\"position: absolute; left: -50px; top: 4.31534px;\">\n<div class=\"gtx-trans-icon\"><\/div>\n<\/div>\n<\/div><\/section><\/div><div class=\"flex_column av_one_full  flex_column_div av-zero-column-padding first  avia-builder-el-4  el_after_av_one_full  el_before_av_hr  column-top-margin\" style='border-radius:0px; '><section class=\"av_textblock_section \"  itemscope=\"itemscope\" itemtype=\"https:\/\/schema.org\/BlogPosting\" itemprop=\"blogPost\" ><div class='avia_textblock  '   itemprop=\"text\" ><p class=\"v1MsoNormal\" style=\"text-align: justify;\">La Seremi de Gobierno de Ays\u00e9n, Tatiana Pl\u00e1 \u00c1lvarez, celebr\u00f3 este jueves la promulgaci\u00f3n por parte del Presidente Gabriel Boric de una ley que establece la inclusi\u00f3n, atenci\u00f3n integral, y protecci\u00f3n de derechos para todas las personas con trastorno del espectro autista, en el \u00e1mbito social, de salud y educaci\u00f3n.<\/p>\n<p class=\"v1MsoNormal\" style=\"text-align: justify;\">La vocera destac\u00f3 la relevancia de la iniciativa y agradeci\u00f3 a las familias y amigos de personas que viven en el espectro autista por su perseverancia de a\u00f1os, tratando de visibilizar y concientizar sobre el autismo en Chile.<\/p>\n<p class=\"v1MsoNormal\" style=\"text-align: justify;\">\u00abPara nosotros como Gobierno esta es una excelente noticia, porque estamos dando cumplimiento al compromiso establecido por el Presidente Gabriel Boric, con las organizaciones y especialmente con las familias y personas que conviven con la condici\u00f3n de espectro autista\u00bb, se\u00f1al\u00f3 la vocera, precisando adem\u00e1s que la nueva normativa, promueve un abordaje integral de dichas personas en el \u00e1mbito social, de la salud y de la educaci\u00f3n, junto con concientizar a la sociedad sobre esta tem\u00e1tica.<\/p>\n<p class=\"v1MsoNormal\" style=\"text-align: justify;\">\u00abLo anterior \u2013aclar\u00f3-, sin perjuicio de los dem\u00e1s derechos, beneficios o garant\u00edas contempladas en otros cuerpos legales o normativos y en los tratados internacionales ratificados por Chile que se encuentren vigentes\u00bb.<\/p>\n<p class=\"v1MsoNormal\" style=\"text-align: justify;\">\u00abEsta es una ley que incluye a todas las personas, durante todo el curso de vida. Y es que llegar oportunamente con las acciones necesarias no solo mejorar\u00e1 las condiciones de vida de las personas NNA con TEA sino tambi\u00e9n de sus familias, al disminuir el gasto que implica la atenci\u00f3n en salud. Sin embargo, tambi\u00e9n sabemos que hist\u00f3ricamente, el TEA en personas adultas ha sido invisibilizado y, con ello, las v\u00e1lidas necesidades de diagn\u00f3stico y consiguientes apoyos. Mediante esta ley, visibilizamos el TEA en la adultez, y con acciones tan significativas como brindar acceso al diagn\u00f3stico en adultos esperamos contribuir a acabar con el estigma y la discriminaci\u00f3n\u00bb, dijo.<\/p>\n<p class=\"v1MsoNormal\" style=\"text-align: justify;\">Desde Santiago, y tras participar en el acto que encabezaron el Presidente Gabriel Boric y los Ministros de Desarrollo Social, Giorgio Jackson; Educaci\u00f3n, Marco Antonio \u00c1vila, y Salud, Ximena Aguilera, la Presidenta de TEAcompa\u00f1amos, Claudia Bilbao, quien represent\u00f3 esta agrupaci\u00f3n regional, cont\u00f3:<\/p>\n<p class=\"v1MsoNormal\" style=\"text-align: justify;\">\u00abMe siento muy emocionada por todo lo que dijo el Presidente, incluso habl\u00f3 de que cuando se estaba preparando este evento ten\u00eda que tener caracter\u00edsticas especiales. Nos cont\u00f3 que a \u00e9l no le gustan mucho las rejas, pero estaban para resguardar a varios ni\u00f1os que vinieron con sus padres\u00bb.<\/p>\n<p class=\"v1MsoNormal\" style=\"text-align: justify;\">\u00abTodo el personal, y la gente de producci\u00f3n, se preocup\u00f3 de preparar todo, porque sab\u00edan que iban a venir muchos autistas adultos tambi\u00e9n, entonces se tuvo que preparar a toda la gente para dar una buena atenci\u00f3n. El Presidente\u00a0 nos dijo que todos deber\u00edan estar informados con respecto al autismo, la sociedad completa, y en el acto de hoy hab\u00eda mucha gente de todos lados de Chile, incluso una chica que ven\u00eda de RapaNui\u00a0 de Autismo RapaNui. Del sur estaba yo por la regi\u00f3n de Ays\u00e9n, pero tambi\u00e9n hab\u00eda gente de Chilo\u00e9, de Osorno y Puerto Varas\u00bb, agreg\u00f3.<\/p>\n<p class=\"v1MsoNormal\" style=\"text-align: justify;\">Finalmente, cabe destacar que con la nueva normativa, se establece la detecci\u00f3n temprana en materia de ni\u00f1ez, para que a trav\u00e9s de Chile Crece Contigo, se entreguen a los ni\u00f1os y ni\u00f1as las herramientas de comunicaci\u00f3n aumentativa. Tambi\u00e9n, se establece como principio la interseccionalidad del Estado, pues muchas de las pol\u00edticas que se requieren para abordar a los ni\u00f1os, ni\u00f1as adolescentes y a las personas adultas con trastorno del espectro autista requieren de una mirada intersectorial, pero adem\u00e1s se ha incorporado una de las materias relacionadas al enfoque de g\u00e9nero relacionado a las personas cuidadoras, lo que es fundamental para este Gobierno.<\/p>\n<\/div><\/section><\/div><div  style='height:50px' class='hr hr-invisible   avia-builder-el-6  el_after_av_one_full  el_before_av_social_share '><span class='hr-inner ' ><span class='hr-inner-style'><\/span><\/span><\/div><\/p>\n<div  class='av-social-sharing-box  avia-builder-el-7  el_after_av_hr  el_before_av_hr  '><div class='av-share-box'><h5 class='av-share-link-description av-no-toc '>Compartir esta noticia<\/h5><ul class='av-share-box-list noLightbox'><li class='av-share-link av-social-link-facebook' ><a target=\"_blank\" aria-label=\"Compartir en Facebook\" href='https:\/\/www.facebook.com\/sharer.php?u=https:\/\/radiorevelacionfm.cl\/?p=28350&#038;t=Seremi%20de%20Gobierno%20aplaude%20promulgaci%C3%B3n%20de%20Ley%20TEA%3A%20hoy%20dimos%20un%20paso%20m%C3%A1s%20en%20la%20inclusi%C3%B3n%20social' aria-hidden='false' data-av_icon='\ue8f3' data-av_iconfont='entypo-fontello' title='' data-avia-related-tooltip='Compartir en Facebook' rel=\"noopener\"><span class='avia_hidden_link_text'>Compartir en Facebook<\/span><\/a><\/li><li class='av-share-link av-social-link-twitter' ><a target=\"_blank\" aria-label=\"Compartir en Twitter\" href='https:\/\/twitter.com\/share?text=Seremi%20de%20Gobierno%20aplaude%20promulgaci%C3%B3n%20de%20Ley%20TEA%3A%20hoy%20dimos%20un%20paso%20m%C3%A1s%20en%20la%20inclusi%C3%B3n%20social&#038;url=https:\/\/radiorevelacionfm.cl\/?p=28350' aria-hidden='false' data-av_icon='\ue8f1' data-av_iconfont='entypo-fontello' title='' data-avia-related-tooltip='Compartir en Twitter' rel=\"noopener\"><span class='avia_hidden_link_text'>Compartir en Twitter<\/span><\/a><\/li><li class='av-share-link av-social-link-whatsapp' ><a target=\"_blank\" aria-label=\"Compartir en Whatsapp\" href='https:\/\/api.whatsapp.com\/send?text=https:\/\/radiorevelacionfm.cl\/?p=28350' aria-hidden='false' data-av_icon='\uf232' data-av_iconfont='entypo-fontello' title='' data-avia-related-tooltip='Compartir en Whatsapp' rel=\"noopener\"><span class='avia_hidden_link_text'>Compartir en Whatsapp<\/span><\/a><\/li><li class='av-share-link av-social-link-linkedin' ><a target=\"_blank\" aria-label=\"Compartir en LinkedIn\" href='https:\/\/linkedin.com\/shareArticle?mini=true&#038;title=Seremi%20de%20Gobierno%20aplaude%20promulgaci%C3%B3n%20de%20Ley%20TEA%3A%20hoy%20dimos%20un%20paso%20m%C3%A1s%20en%20la%20inclusi%C3%B3n%20social&#038;url=https:\/\/radiorevelacionfm.cl\/?p=28350' aria-hidden='false' data-av_icon='\ue8fc' data-av_iconfont='entypo-fontello' title='' data-avia-related-tooltip='Compartir en LinkedIn' rel=\"noopener\"><span class='avia_hidden_link_text'>Compartir en LinkedIn<\/span><\/a><\/li><li class='av-share-link av-social-link-mail' ><a  aria-label=\"Compartir por correo\" href='mailto:?subject=Seremi%20de%20Gobierno%20aplaude%20promulgaci%C3%B3n%20de%20Ley%20TEA%3A%20hoy%20dimos%20un%20paso%20m%C3%A1s%20en%20la%20inclusi%C3%B3n%20social&#038;body=https:\/\/radiorevelacionfm.cl\/?p=28350' aria-hidden='false' data-av_icon='\ue805' data-av_iconfont='entypo-fontello' title='' data-avia-related-tooltip='Compartir por correo'><span class='avia_hidden_link_text'>Compartir por correo<\/span><\/a><\/li><\/ul><\/div><\/div>\n<div  style='height:50px' class='hr hr-invisible   avia-builder-el-8  el_after_av_social_share  el_before_av_comments_list '><span class='hr-inner ' ><span class='hr-inner-style'><\/span><\/span><\/div>\n<div  class='av-buildercomment  av-blog-meta-html-info-disabled av-blog-meta-tag-disabled  '><\/div>\n","protected":false},"excerpt":{"rendered":"","protected":false},"author":1,"featured_media":28351,"comment_status":"open","ping_status":"open","sticky":false,"template":"","format":"standard","meta":{"footnotes":""},"categories":[38],"tags":[],"class_list":["post-28350","post","type-post","status-publish","format-standard","has-post-thumbnail","hentry","category-regional"],"jetpack_featured_media_url":"https:\/\/radiorevelacionfm.cl\/wp-content\/uploads\/2023\/03\/vista-general-1-1_optimized-1.jpeg","_links":{"self":[{"href":"https:\/\/radiorevelacionfm.cl\/index.php?rest_route=\/wp\/v2\/posts\/28350","targetHints":{"allow":["GET"]}}],"collection":[{"href":"https:\/\/radiorevelacionfm.cl\/index.php?rest_route=\/wp\/v2\/posts"}],"about":[{"href":"https:\/\/radiorevelacionfm.cl\/index.php?rest_route=\/wp\/v2\/types\/post"}],"author":[{"embeddable":true,"href":"https:\/\/radiorevelacionfm.cl\/index.php?rest_route=\/wp\/v2\/users\/1"}],"replies":[{"embeddable":true,"href":"https:\/\/radiorevelacionfm.cl\/index.php?rest_route=%2Fwp%2Fv2%2Fcomments&post=28350"}],"version-history":[{"count":2,"href":"https:\/\/radiorevelacionfm.cl\/index.php?rest_route=\/wp\/v2\/posts\/28350\/revisions"}],"predecessor-version":[{"id":28370,"href":"https:\/\/radiorevelacionfm.cl\/index.php?rest_route=\/wp\/v2\/posts\/28350\/revisions\/28370"}],"wp:featuredmedia":[{"embeddable":true,"href":"https:\/\/radiorevelacionfm.cl\/index.php?rest_route=\/wp\/v2\/media\/28351"}],"wp:attachment":[{"href":"https:\/\/radiorevelacionfm.cl\/index.php?rest_route=%2Fwp%2Fv2%2Fmedia&parent=28350"}],"wp:term":[{"taxonomy":"category","embeddable":true,"href":"https:\/\/radiorevelacionfm.cl\/index.php?rest_route=%2Fwp%2Fv2%2Fcategories&post=28350"},{"taxonomy":"post_tag","embeddable":true,"href":"https:\/\/radiorevelacionfm.cl\/index.php?rest_route=%2Fwp%2Fv2%2Ftags&post=28350"}],"curies":[{"name":"wp","href":"https:\/\/api.w.org\/{rel}","templated":true}]}}