{"id":28347,"date":"2023-03-03T09:55:32","date_gmt":"2023-03-03T12:55:32","guid":{"rendered":"https:\/\/radiorevelacionfm.cl\/?p=28347"},"modified":"2023-03-03T11:02:24","modified_gmt":"2023-03-03T14:02:24","slug":"en-dia-de-la-naturaleza-anuncian-lanzamiento-del-mesdelclima","status":"publish","type":"post","link":"https:\/\/radiorevelacionfm.cl\/?p=28347","title":{"rendered":"En D\u00eda de la Naturaleza anuncian lanzamiento del #MesDelClima"},"content":{"rendered":"<div class=\"flex_column av_one_full  flex_column_div av-zero-column-padding first  avia-builder-el-0  el_before_av_one_full  avia-builder-el-first  \" style='border-radius:0px; '><div  class='avia-image-container  av-styling-    avia-builder-el-1  avia-builder-el-no-sibling  avia-align-center '  itemprop=\"image\" itemscope=\"itemscope\" itemtype=\"https:\/\/schema.org\/ImageObject\"  ><div class='avia-image-container-inner'><div class='avia-image-overlay-wrap'><img decoding=\"async\" class='wp-image-28348 avia-img-lazy-loading-not-28348 avia_image' src=\"https:\/\/radiorevelacionfm.cl\/wp-content\/uploads\/2023\/03\/1-8-4_optimized-1.jpg\" alt='' title='1-(8)-(4)_optimized (1)' height=\"600\" width=\"1153\"  itemprop=\"thumbnailUrl\" srcset=\"https:\/\/radiorevelacionfm.cl\/wp-content\/uploads\/2023\/03\/1-8-4_optimized-1.jpg 1153w, https:\/\/radiorevelacionfm.cl\/wp-content\/uploads\/2023\/03\/1-8-4_optimized-1-300x156.jpg 300w, https:\/\/radiorevelacionfm.cl\/wp-content\/uploads\/2023\/03\/1-8-4_optimized-1-1030x536.jpg 1030w, https:\/\/radiorevelacionfm.cl\/wp-content\/uploads\/2023\/03\/1-8-4_optimized-1-768x400.jpg 768w, https:\/\/radiorevelacionfm.cl\/wp-content\/uploads\/2023\/03\/1-8-4_optimized-1-705x367.jpg 705w, https:\/\/radiorevelacionfm.cl\/wp-content\/uploads\/2023\/03\/1-8-4_optimized-1-600x312.jpg 600w\" sizes=\"(max-width: 1153px) 100vw, 1153px\" \/><\/div><\/div><\/div><\/div><div class=\"flex_column av_one_full  flex_column_div av-zero-column-padding first  avia-builder-el-2  el_after_av_one_full  el_before_av_one_full  column-top-margin\" style='border-radius:0px; '><section class=\"av_textblock_section \"  itemscope=\"itemscope\" itemtype=\"https:\/\/schema.org\/BlogPosting\" itemprop=\"blogPost\" ><div class='avia_textblock  '   itemprop=\"text\" ><p style=\"text-align: center;\"><strong><span style=\"font-size: 18pt;\">En D\u00eda de la Naturaleza anuncian lanzamiento del #MesDelClima<\/span><\/strong><\/p>\n<div id=\"gtx-trans\" style=\"position: absolute; left: -50px; top: 4.31534px;\">\n<div class=\"gtx-trans-icon\"><\/div>\n<\/div>\n<\/div><\/section><\/div><div class=\"flex_column av_one_full  flex_column_div av-zero-column-padding first  avia-builder-el-4  el_after_av_one_full  el_before_av_hr  column-top-margin\" style='border-radius:0px; '><section class=\"av_textblock_section \"  itemscope=\"itemscope\" itemtype=\"https:\/\/schema.org\/BlogPosting\" itemprop=\"blogPost\" ><div class='avia_textblock  '   itemprop=\"text\" ><p style=\"text-align: justify;\">Este 3 de marzo, y en el marco del \u201cD\u00eda Mundial de la Naturaleza\u201d, el SEREMI del Medio Ambiente, Juli\u00e1n C\u00e1rdenas, junto a la Directora Regional (i) de CONAF Ays\u00e9n, Andrea Bahamonde, dieron inicio al #MesDelClima, celebraci\u00f3n que se extender\u00e1 durante todo el mes de marzo y que considerar\u00e1 numerosas actividades e instancias de di\u00e1logo orientadas a aprender m\u00e1s de los efectos del cambio clim\u00e1tico, y las distintas formas en que nuestra ciudadan\u00eda puede actuar para potenciar la mitigaci\u00f3n y adaptaci\u00f3n de nuestra Regi\u00f3n.<\/p>\n<p style=\"text-align: justify;\">De esta forma, desde Laguna Chiguay y en el coraz\u00f3n del Parque Nacional Cerro Castillo, ambas autoridades hicieron el llamado a la comunidad para sumarse y participar de las distintas actividades que nutrir\u00e1n el calendario de este mes, comenzando precisamente con este d\u00eda, proclamado desde la Asamblea General de la ONU, con el objetivo de sensibilizar acerca del valor de la fauna y la flora salvajes. En este sentido, la Directora Regional (i) de CONAF Ays\u00e9n destac\u00f3 \u201cEstamos conmemorando este d\u00eda y a mis espaldas se encuentra la Laguna Chiguay que ha sido un reflejo del impacto del cambio clim\u00e1tico, nosotros a trav\u00e9s del monitoreo sostenido con los guardaparques hemos visto la disminuci\u00f3n de este espejo de agua con la consecuente repercusi\u00f3n asociada\u201d, detallando c\u00f3mo la disminuci\u00f3n del caudal ha afectado el ecosistema de la avifauna, ranas y otras especies que habitan en la laguna.<\/p>\n<p style=\"text-align: justify;\">Por su parte el SEREMI del Medio Ambiente, relev\u00f3 la fecha como el primer hito de muchos a realizar durante el #MesDelClima, dado que el calendario ambiental de marzo re\u00fane numerosas instancias conmemorativas de relevancia medioambiental, como son: el d\u00eda de los bosques, del agua, la hora del planeta y por supuesto el d\u00eda mundial del clima; fechas que convocan y re\u00fanen a diversos servicios, centros de investigaci\u00f3n, academia, y otras organizaciones, en torno a la problem\u00e1tica ambiental y la promoci\u00f3n de pr\u00e1cticas sustentables. \u201cEstamos efectivamente inaugurando el mes del clima con una parrilla de actividades para reunirnos con las comunidades para dialogar, transmitir educaci\u00f3n ambiental en materia de cambio clim\u00e1tico para fomentar la acci\u00f3n clim\u00e1tica\u201d, explic\u00f3 Juli\u00e1n C\u00e1rdenas, enfatizando que el objetivo es avanzar hacia el empoderamiento clim\u00e1tico para lograr un rol protag\u00f3nico de la ciudadan\u00eda, donde la comprensi\u00f3n del fen\u00f3meno es clave para avanzar hacia nuestra adaptaci\u00f3n y la mitigaci\u00f3n del cambio clim\u00e1tico.<\/p>\n<p style=\"text-align: justify;\">Respecto de las actividades en marzo, la autoridad invit\u00f3 a la comunidad a mantenerse atenta a los distintos medios de comunicaci\u00f3n y redes sociales de la SEREMI, donde se anunciar\u00e1 e invitar\u00e1 a la ciudadan\u00eda a participar de las distintas actividades programadas para el mes, que incluyen conversatorios, rutas guiadas, cicletadas, reconocimientos, acuerdos y otras; as\u00ed como otras actividades dirigidas a grupos espec\u00edficos tales como escuelas o juntas vecinales, en materia de eficiencia energ\u00e9tica, calefacci\u00f3n sustentable y ley marco de cambio clim\u00e1tico.<\/p>\n<p style=\"text-align: justify;\">Finalmente, las autoridades revelaron una de las activadas gratuitas consideradas en conjunto para este mes, e hicieron una amplia convocatoria a la comunidad \u201cLes invitamos el d\u00eda domingo 26 de marzo, en el que se conmemora el d\u00eda Mundial del Clima, a visitar las \u00e1reas silvestres protegidas, a conocer nuestros bosques. La regi\u00f3n de Ays\u00e9n es privilegiada, contiene m\u00e1s de 4.000.000 de hect\u00e1reas de bosque nativo y gran cantidad est\u00e1 dentro de \u00e1reas protegida, as\u00ed que vis\u00edtennos y conozcan estos sumideros de carbono para mitigar el cambio clim\u00e1tico\u201d, explic\u00f3 Andrea Bahamonde, a lo que el SEREMI del Medio Ambiente recalc\u00f3 el importante aporte de CONAF y de todos los colaboradores en este mes \u201cAs\u00ed que este 26 todas y todos bienvenidos a visitar nuestros parques nacionales y reservas de forma gratuita\u201d, concluy\u00f3.<\/p>\n<\/div><\/section><\/div><div  style='height:50px' class='hr hr-invisible   avia-builder-el-6  el_after_av_one_full  el_before_av_social_share '><span class='hr-inner ' ><span class='hr-inner-style'><\/span><\/span><\/div><\/p>\n<div  class='av-social-sharing-box  avia-builder-el-7  el_after_av_hr  el_before_av_hr  '><div class='av-share-box'><h5 class='av-share-link-description av-no-toc '>Compartir esta noticia<\/h5><ul class='av-share-box-list noLightbox'><li class='av-share-link av-social-link-facebook' ><a target=\"_blank\" aria-label=\"Compartir en Facebook\" href='https:\/\/www.facebook.com\/sharer.php?u=https:\/\/radiorevelacionfm.cl\/?p=28347&#038;t=En%20D%C3%ADa%20de%20la%20Naturaleza%20anuncian%20lanzamiento%20del%20%23MesDelClima' aria-hidden='false' data-av_icon='\ue8f3' data-av_iconfont='entypo-fontello' title='' data-avia-related-tooltip='Compartir en Facebook' rel=\"noopener\"><span class='avia_hidden_link_text'>Compartir en Facebook<\/span><\/a><\/li><li class='av-share-link av-social-link-twitter' ><a target=\"_blank\" aria-label=\"Compartir en Twitter\" href='https:\/\/twitter.com\/share?text=En%20D%C3%ADa%20de%20la%20Naturaleza%20anuncian%20lanzamiento%20del%20%23MesDelClima&#038;url=https:\/\/radiorevelacionfm.cl\/?p=28347' aria-hidden='false' data-av_icon='\ue8f1' data-av_iconfont='entypo-fontello' title='' data-avia-related-tooltip='Compartir en Twitter' rel=\"noopener\"><span class='avia_hidden_link_text'>Compartir en Twitter<\/span><\/a><\/li><li class='av-share-link av-social-link-whatsapp' ><a target=\"_blank\" aria-label=\"Compartir en Whatsapp\" href='https:\/\/api.whatsapp.com\/send?text=https:\/\/radiorevelacionfm.cl\/?p=28347' aria-hidden='false' data-av_icon='\uf232' data-av_iconfont='entypo-fontello' title='' data-avia-related-tooltip='Compartir en Whatsapp' rel=\"noopener\"><span class='avia_hidden_link_text'>Compartir en Whatsapp<\/span><\/a><\/li><li class='av-share-link av-social-link-linkedin' ><a target=\"_blank\" aria-label=\"Compartir en LinkedIn\" href='https:\/\/linkedin.com\/shareArticle?mini=true&#038;title=En%20D%C3%ADa%20de%20la%20Naturaleza%20anuncian%20lanzamiento%20del%20%23MesDelClima&#038;url=https:\/\/radiorevelacionfm.cl\/?p=28347' aria-hidden='false' data-av_icon='\ue8fc' data-av_iconfont='entypo-fontello' title='' data-avia-related-tooltip='Compartir en LinkedIn' rel=\"noopener\"><span class='avia_hidden_link_text'>Compartir en LinkedIn<\/span><\/a><\/li><li class='av-share-link av-social-link-mail' ><a  aria-label=\"Compartir por correo\" href='mailto:?subject=En%20D%C3%ADa%20de%20la%20Naturaleza%20anuncian%20lanzamiento%20del%20%23MesDelClima&#038;body=https:\/\/radiorevelacionfm.cl\/?p=28347' aria-hidden='false' data-av_icon='\ue805' data-av_iconfont='entypo-fontello' title='' data-avia-related-tooltip='Compartir por correo'><span class='avia_hidden_link_text'>Compartir por correo<\/span><\/a><\/li><\/ul><\/div><\/div>\n<div  style='height:50px' class='hr hr-invisible   avia-builder-el-8  el_after_av_social_share  el_before_av_comments_list '><span class='hr-inner ' ><span class='hr-inner-style'><\/span><\/span><\/div>\n<div  class='av-buildercomment  av-blog-meta-html-info-disabled av-blog-meta-tag-disabled  '><\/div>\n","protected":false},"excerpt":{"rendered":"","protected":false},"author":1,"featured_media":28348,"comment_status":"open","ping_status":"open","sticky":false,"template":"","format":"standard","meta":{"footnotes":""},"categories":[39],"tags":[],"class_list":["post-28347","post","type-post","status-publish","format-standard","has-post-thumbnail","hentry","category-medio-ambiente"],"jetpack_featured_media_url":"https:\/\/radiorevelacionfm.cl\/wp-content\/uploads\/2023\/03\/1-8-4_optimized-1.jpg","_links":{"self":[{"href":"https:\/\/radiorevelacionfm.cl\/index.php?rest_route=\/wp\/v2\/posts\/28347","targetHints":{"allow":["GET"]}}],"collection":[{"href":"https:\/\/radiorevelacionfm.cl\/index.php?rest_route=\/wp\/v2\/posts"}],"about":[{"href":"https:\/\/radiorevelacionfm.cl\/index.php?rest_route=\/wp\/v2\/types\/post"}],"author":[{"embeddable":true,"href":"https:\/\/radiorevelacionfm.cl\/index.php?rest_route=\/wp\/v2\/users\/1"}],"replies":[{"embeddable":true,"href":"https:\/\/radiorevelacionfm.cl\/index.php?rest_route=%2Fwp%2Fv2%2Fcomments&post=28347"}],"version-history":[{"count":2,"href":"https:\/\/radiorevelacionfm.cl\/index.php?rest_route=\/wp\/v2\/posts\/28347\/revisions"}],"predecessor-version":[{"id":28393,"href":"https:\/\/radiorevelacionfm.cl\/index.php?rest_route=\/wp\/v2\/posts\/28347\/revisions\/28393"}],"wp:featuredmedia":[{"embeddable":true,"href":"https:\/\/radiorevelacionfm.cl\/index.php?rest_route=\/wp\/v2\/media\/28348"}],"wp:attachment":[{"href":"https:\/\/radiorevelacionfm.cl\/index.php?rest_route=%2Fwp%2Fv2%2Fmedia&parent=28347"}],"wp:term":[{"taxonomy":"category","embeddable":true,"href":"https:\/\/radiorevelacionfm.cl\/index.php?rest_route=%2Fwp%2Fv2%2Fcategories&post=28347"},{"taxonomy":"post_tag","embeddable":true,"href":"https:\/\/radiorevelacionfm.cl\/index.php?rest_route=%2Fwp%2Fv2%2Ftags&post=28347"}],"curies":[{"name":"wp","href":"https:\/\/api.w.org\/{rel}","templated":true}]}}