{"id":28344,"date":"2023-03-02T17:48:46","date_gmt":"2023-03-02T20:48:46","guid":{"rendered":"https:\/\/radiorevelacionfm.cl\/?p=28344"},"modified":"2023-03-02T17:48:46","modified_gmt":"2023-03-02T20:48:46","slug":"aysen-cuenta-con-un-75-de-jovenes-que-declaran-estar-asalariados","status":"publish","type":"post","link":"https:\/\/radiorevelacionfm.cl\/?p=28344","title":{"rendered":"Ays\u00e9n cuenta con un 75% de j\u00f3venes que declaran estar asalariados"},"content":{"rendered":"<div class=\"flex_column av_one_full  flex_column_div av-zero-column-padding first  avia-builder-el-0  el_before_av_one_full  avia-builder-el-first  \" style='border-radius:0px; '><div  class='avia-image-container  av-styling-    avia-builder-el-1  avia-builder-el-no-sibling  avia-align-center '  itemprop=\"image\" itemscope=\"itemscope\" itemtype=\"https:\/\/schema.org\/ImageObject\"  ><div class='avia-image-container-inner'><div class='avia-image-overlay-wrap'><img decoding=\"async\" class='wp-image-28345 avia-img-lazy-loading-not-28345 avia_image' src=\"https:\/\/radiorevelacionfm.cl\/wp-content\/uploads\/2023\/03\/IMG-2132-1-1.jpg\" alt='' title='IMG-2132 (1) (1)' height=\"600\" width=\"800\"  itemprop=\"thumbnailUrl\" srcset=\"https:\/\/radiorevelacionfm.cl\/wp-content\/uploads\/2023\/03\/IMG-2132-1-1.jpg 800w, https:\/\/radiorevelacionfm.cl\/wp-content\/uploads\/2023\/03\/IMG-2132-1-1-300x225.jpg 300w, https:\/\/radiorevelacionfm.cl\/wp-content\/uploads\/2023\/03\/IMG-2132-1-1-768x576.jpg 768w, https:\/\/radiorevelacionfm.cl\/wp-content\/uploads\/2023\/03\/IMG-2132-1-1-705x529.jpg 705w, https:\/\/radiorevelacionfm.cl\/wp-content\/uploads\/2023\/03\/IMG-2132-1-1-600x450.jpg 600w\" sizes=\"(max-width: 800px) 100vw, 800px\" \/><\/div><\/div><\/div><\/div><div class=\"flex_column av_one_full  flex_column_div av-zero-column-padding first  avia-builder-el-2  el_after_av_one_full  el_before_av_one_full  column-top-margin\" style='border-radius:0px; '><section class=\"av_textblock_section \"  itemscope=\"itemscope\" itemtype=\"https:\/\/schema.org\/BlogPosting\" itemprop=\"blogPost\" ><div class='avia_textblock  '   itemprop=\"text\" ><p style=\"text-align: center;\"><span style=\"font-size: 18pt;\"><strong>Ays\u00e9n cuenta con un 75% de j\u00f3venes que declaran estar asalariados<\/strong><\/span><\/p>\n<div id=\"gtx-trans\" style=\"position: absolute; left: -50px; top: 4.31534px;\">\n<div class=\"gtx-trans-icon\"><\/div>\n<\/div>\n<\/div><\/section><\/div><div class=\"flex_column av_one_full  flex_column_div av-zero-column-padding first  avia-builder-el-4  el_after_av_one_full  el_before_av_hr  column-top-margin\" style='border-radius:0px; '><section class=\"av_textblock_section \"  itemscope=\"itemscope\" itemtype=\"https:\/\/schema.org\/BlogPosting\" itemprop=\"blogPost\" ><div class='avia_textblock  '   itemprop=\"text\" ><p style=\"text-align: justify;\">En el auditorio de la Biblioteca Regional se dieron cita distintas autoridades regionales, agrupaciones sociales y poblaci\u00f3n de la sociedad civil con el objetivo de conocer los principales resultados regionales de la 10\u00aa Encuesta Nacional de Juventudes.<\/p>\n<p style=\"text-align: justify;\">Este instrumento comenz\u00f3 a aplicarse en 1994 y, desde hace 28 a\u00f1os, es una importante fuente de informaci\u00f3n para desarrollar pol\u00edticas p\u00fablicas a un importante grupo et\u00e1reo de la poblaci\u00f3n, a trav\u00e9s de Instituto Nacional de la Juventud (INJUV).<\/p>\n<p style=\"text-align: justify;\">\u201cEl objetivo es obtener informaci\u00f3n pertinente y oportuna para el diagn\u00f3stico de las realidades juveniles en Chile, apuntando a 13 dimensiones: educaci\u00f3n, salud mental, pol\u00edtica, participaci\u00f3n social, violencia, empleo, entre otras\u201d, explic\u00f3 la Directora Regional (s) de INJUV Ays\u00e9n, G\u00e9nesis Arias Fuentes.<\/p>\n<p style=\"text-align: justify;\">Asimismo, reforz\u00f3 que este \u201clevantamiento se realiz\u00f3 entre diciembre de 2021 a mayo de 2022, con una muestra que lleg\u00f3 a los 9 mil 700 j\u00f3venes entre 15 y 19 a\u00f1os. En el caso de la Regi\u00f3n de Ays\u00e9n se entrevist\u00f3 a 400 personas\u201d, inform\u00f3 Arias.<\/p>\n<p style=\"text-align: justify;\">Para el Delegado Presidencial Regional, Rodrigo Araya \u201cla informaci\u00f3n de la encuesta habla de la realidad y la actualidad que vive la comunidad juvenil y adolescente en nuestro territorio, es relevante porque se toman decisiones y se pueden hacer intervenciones, todas\u00a0 enfocadas \u00a0a fomentar el autocuidado en la poblaci\u00f3n adolescente que es tremendamente relevante en nuestro mundo moderno, adem\u00e1s es importante \u00a0conocer la oferta que tiene INJUV \u00a0para el territorio regional, las oportunidades y actividades que van a\u00a0 estar disponibles durante este a\u00f1o 2023\u201d.<\/p>\n<p style=\"text-align: justify;\">En tanto la Jefa de la Divisi\u00f3n de Desarrollo Social y Humano del Gobierno Regional, Vania C\u00e1ceres, quien asisti\u00f3 en representaci\u00f3n de la Gobernadora Regional Andrea Mac\u00edas Palma, sostuvo que \u201cla presencia en este espacio dice relaci\u00f3n con la\u00a0 importancia para el Gobierno Regional de instrumentos que tengan por objeto conocer antecedentes sectorizados a prop\u00f3sito de la realidad de la juventud regional, en ese sentido todo en cuanto propenda al dise\u00f1o, coordinaci\u00f3n y planificaci\u00f3n de pol\u00edticas p\u00fablicas sectorizadas nosotros creemos que es relevante, tambi\u00e9n para tomar decisiones regionales que vayan bien orientadas y con ello toda la planificaci\u00f3n regional tenga una estructura orientada donde corresponde, es decir a nuestros j\u00f3venes, que pasan por muchas circunstancias complejas a prop\u00f3sito de la pandemia, las expectativas que ellos tienen en cuanto a su desarrollo personal, todo eso se toma en consideraci\u00f3n al momento de tomar decisiones en la regi\u00f3n de Ays\u00e9n\u201d.<\/p>\n<p style=\"text-align: justify;\">A nivel nacional, y entre los resultados destacados en nuestra regi\u00f3n, se encuentra el inter\u00e9s de las y los j\u00f3venes por la pol\u00edtica y que alcanz\u00f3 su punto m\u00e1s alto (29%) en diez a\u00f1os. Adem\u00e1s, la preferencia de la democracia como sistema pol\u00edtico registr\u00f3 un m\u00e1ximo hist\u00f3rico (57%). La confianza en las votaciones como factor de cambio en la sociedad y las conversaciones de pol\u00edtica con otras personas alcanzan sus porcentajes m\u00e1s altos de la serie luego de 13 a\u00f1os (81% y 64%, respectivamente).<\/p>\n<p style=\"text-align: justify;\">Los datos locales, revelan que la regi\u00f3n posee un 0,5 % de poblaci\u00f3n joven. Un 75% est\u00e1 empleado como asalariado (64% a nivel nacional). Ays\u00e9n cuenta con la cifra m\u00e1s alta de j\u00f3venes que declaran estar asalariados. Por otro lado, un 19% posee empleo por cuenta propia (25% nacional), segunda m\u00e1s alta a nivel pa\u00eds.<\/p>\n<p style=\"text-align: justify;\">Uno de los datos destacados es que, respecto a la medici\u00f3n anterior, aument\u00f3 de manera significativa la jefatura de hogar juvenil, marcando un 36%, lo que transforma a Ays\u00e9n en la zona con la mayor proporci\u00f3n nacionalmente hablando.<\/p>\n<p style=\"text-align: justify;\">Esta d\u00e9cima versi\u00f3n da a conocer que uno de cada tres entrevistados declara tener educaci\u00f3n universitaria completa o incompleta y en torno al pago de la educaci\u00f3n superior, se registra un aumento a trav\u00e9s de la gratuidad (se duplica en 4 a\u00f1os, de 22% a 40%) y se mantiene el financiamiento v\u00eda cr\u00e9ditos (22%).<\/p>\n<p style=\"text-align: justify;\">En la regi\u00f3n prima el pago de la ESUP por las familias, representando al 42%; le sigue el pago v\u00eda gratuidad con un 34%. Es importante destacar que los j\u00f3venes se sienten m\u00e1s preparados para afrontar el mundo laboral con la educaci\u00f3n que reciben o recibieron (64% a nivel nacional, 75% a nivel regional), como tambi\u00e9n creen que las tecnolog\u00edas entregan m\u00e1s oportunidades laborales (86% a nivel nacional, 91% regional).<\/p>\n<p style=\"text-align: justify;\">Para conocer todos los detalles de esta encuesta puedes ingresar a www.injuv.gob.cl<\/p>\n<\/div><\/section><\/div><div  style='height:50px' class='hr hr-invisible   avia-builder-el-6  el_after_av_one_full  el_before_av_social_share '><span class='hr-inner ' ><span class='hr-inner-style'><\/span><\/span><\/div><\/p>\n<div  class='av-social-sharing-box  avia-builder-el-7  el_after_av_hr  el_before_av_hr  '><div class='av-share-box'><h5 class='av-share-link-description av-no-toc '>Compartir esta noticia<\/h5><ul class='av-share-box-list noLightbox'><li class='av-share-link av-social-link-facebook' ><a target=\"_blank\" aria-label=\"Compartir en Facebook\" href='https:\/\/www.facebook.com\/sharer.php?u=https:\/\/radiorevelacionfm.cl\/?p=28344&#038;t=Ays%C3%A9n%20cuenta%20con%20un%2075%25%20de%20j%C3%B3venes%20que%20declaran%20estar%20asalariados' aria-hidden='false' data-av_icon='\ue8f3' data-av_iconfont='entypo-fontello' title='' data-avia-related-tooltip='Compartir en Facebook' rel=\"noopener\"><span class='avia_hidden_link_text'>Compartir en Facebook<\/span><\/a><\/li><li class='av-share-link av-social-link-twitter' ><a target=\"_blank\" aria-label=\"Compartir en Twitter\" href='https:\/\/twitter.com\/share?text=Ays%C3%A9n%20cuenta%20con%20un%2075%25%20de%20j%C3%B3venes%20que%20declaran%20estar%20asalariados&#038;url=https:\/\/radiorevelacionfm.cl\/?p=28344' aria-hidden='false' data-av_icon='\ue8f1' data-av_iconfont='entypo-fontello' title='' data-avia-related-tooltip='Compartir en Twitter' rel=\"noopener\"><span class='avia_hidden_link_text'>Compartir en Twitter<\/span><\/a><\/li><li class='av-share-link av-social-link-whatsapp' ><a target=\"_blank\" aria-label=\"Compartir en Whatsapp\" href='https:\/\/api.whatsapp.com\/send?text=https:\/\/radiorevelacionfm.cl\/?p=28344' aria-hidden='false' data-av_icon='\uf232' data-av_iconfont='entypo-fontello' title='' data-avia-related-tooltip='Compartir en Whatsapp' rel=\"noopener\"><span class='avia_hidden_link_text'>Compartir en Whatsapp<\/span><\/a><\/li><li class='av-share-link av-social-link-linkedin' ><a target=\"_blank\" aria-label=\"Compartir en LinkedIn\" href='https:\/\/linkedin.com\/shareArticle?mini=true&#038;title=Ays%C3%A9n%20cuenta%20con%20un%2075%25%20de%20j%C3%B3venes%20que%20declaran%20estar%20asalariados&#038;url=https:\/\/radiorevelacionfm.cl\/?p=28344' aria-hidden='false' data-av_icon='\ue8fc' data-av_iconfont='entypo-fontello' title='' data-avia-related-tooltip='Compartir en LinkedIn' rel=\"noopener\"><span class='avia_hidden_link_text'>Compartir en LinkedIn<\/span><\/a><\/li><li class='av-share-link av-social-link-mail' ><a  aria-label=\"Compartir por correo\" href='mailto:?subject=Ays%C3%A9n%20cuenta%20con%20un%2075%25%20de%20j%C3%B3venes%20que%20declaran%20estar%20asalariados&#038;body=https:\/\/radiorevelacionfm.cl\/?p=28344' aria-hidden='false' data-av_icon='\ue805' data-av_iconfont='entypo-fontello' title='' data-avia-related-tooltip='Compartir por correo'><span class='avia_hidden_link_text'>Compartir por correo<\/span><\/a><\/li><\/ul><\/div><\/div>\n<div  style='height:50px' class='hr hr-invisible   avia-builder-el-8  el_after_av_social_share  el_before_av_comments_list '><span class='hr-inner ' ><span class='hr-inner-style'><\/span><\/span><\/div>\n<div  class='av-buildercomment  av-blog-meta-html-info-disabled av-blog-meta-tag-disabled  '><\/div>\n","protected":false},"excerpt":{"rendered":"","protected":false},"author":1,"featured_media":28345,"comment_status":"open","ping_status":"open","sticky":false,"template":"","format":"standard","meta":{"footnotes":""},"categories":[38],"tags":[],"class_list":["post-28344","post","type-post","status-publish","format-standard","has-post-thumbnail","hentry","category-regional"],"jetpack_featured_media_url":"https:\/\/radiorevelacionfm.cl\/wp-content\/uploads\/2023\/03\/IMG-2132-1-1.jpg","_links":{"self":[{"href":"https:\/\/radiorevelacionfm.cl\/index.php?rest_route=\/wp\/v2\/posts\/28344","targetHints":{"allow":["GET"]}}],"collection":[{"href":"https:\/\/radiorevelacionfm.cl\/index.php?rest_route=\/wp\/v2\/posts"}],"about":[{"href":"https:\/\/radiorevelacionfm.cl\/index.php?rest_route=\/wp\/v2\/types\/post"}],"author":[{"embeddable":true,"href":"https:\/\/radiorevelacionfm.cl\/index.php?rest_route=\/wp\/v2\/users\/1"}],"replies":[{"embeddable":true,"href":"https:\/\/radiorevelacionfm.cl\/index.php?rest_route=%2Fwp%2Fv2%2Fcomments&post=28344"}],"version-history":[{"count":2,"href":"https:\/\/radiorevelacionfm.cl\/index.php?rest_route=\/wp\/v2\/posts\/28344\/revisions"}],"predecessor-version":[{"id":28360,"href":"https:\/\/radiorevelacionfm.cl\/index.php?rest_route=\/wp\/v2\/posts\/28344\/revisions\/28360"}],"wp:featuredmedia":[{"embeddable":true,"href":"https:\/\/radiorevelacionfm.cl\/index.php?rest_route=\/wp\/v2\/media\/28345"}],"wp:attachment":[{"href":"https:\/\/radiorevelacionfm.cl\/index.php?rest_route=%2Fwp%2Fv2%2Fmedia&parent=28344"}],"wp:term":[{"taxonomy":"category","embeddable":true,"href":"https:\/\/radiorevelacionfm.cl\/index.php?rest_route=%2Fwp%2Fv2%2Fcategories&post=28344"},{"taxonomy":"post_tag","embeddable":true,"href":"https:\/\/radiorevelacionfm.cl\/index.php?rest_route=%2Fwp%2Fv2%2Ftags&post=28344"}],"curies":[{"name":"wp","href":"https:\/\/api.w.org\/{rel}","templated":true}]}}