{"id":2834,"date":"2021-02-20T12:53:03","date_gmt":"2021-02-20T15:53:03","guid":{"rendered":"https:\/\/radiorevelacionfm.cl\/?p=2834"},"modified":"2021-02-20T12:53:03","modified_gmt":"2021-02-20T15:53:03","slug":"en-cochrane-intensifican-patrullajes-preventivos-para-evitar-incendios-forestales","status":"publish","type":"post","link":"https:\/\/radiorevelacionfm.cl\/?p=2834","title":{"rendered":"En Cochrane intensifican patrullajes preventivos para evitar incendios forestales"},"content":{"rendered":"<div class=\"flex_column av_one_full  flex_column_div av-zero-column-padding first  avia-builder-el-0  el_before_av_one_full  avia-builder-el-first  \" style='border-radius:0px; '><div  class='avia-image-container  av-styling-    avia-builder-el-1  avia-builder-el-no-sibling  avia-align-center '  itemprop=\"image\" itemscope=\"itemscope\" itemtype=\"https:\/\/schema.org\/ImageObject\"  ><div class='avia-image-container-inner'><div class='avia-image-overlay-wrap'><img decoding=\"async\" class='wp-image-0 avia-img-lazy-loading-not-0 avia_image' src=\"https:\/\/radiorevelacionfm.cl\/wp-content\/uploads\/2021\/02\/CONAF-1.jpg\" alt='' title=''   itemprop=\"thumbnailUrl\"  \/><\/div><\/div><\/div><\/div><div class=\"flex_column av_one_full  flex_column_div av-zero-column-padding first  avia-builder-el-2  el_after_av_one_full  el_before_av_one_full  column-top-margin\" style='border-radius:0px; '><section class=\"av_textblock_section \"  itemscope=\"itemscope\" itemtype=\"https:\/\/schema.org\/BlogPosting\" itemprop=\"blogPost\" ><div class='avia_textblock  '   itemprop=\"text\" ><p style=\"text-align: center;\"><strong><span style=\"font-size: 18pt;\">En Cochrane intensifican patrullajes preventivos para evitar incendios forestales<\/span><\/strong><\/p>\n<div id=\"gtx-trans\" style=\"position: absolute; left: -50px; top: 4.31534px;\">\n<div class=\"gtx-trans-icon\"><\/div>\n<\/div>\n<\/div><\/section><\/div><div class=\"flex_column av_one_full  flex_column_div av-zero-column-padding first  avia-builder-el-4  el_after_av_one_full  el_before_av_hr  column-top-margin\" style='border-radius:0px; '><section class=\"av_textblock_section \"  itemscope=\"itemscope\" itemtype=\"https:\/\/schema.org\/BlogPosting\" itemprop=\"blogPost\" ><div class='avia_textblock  '   itemprop=\"text\" ><p class=\"has-drop-cap\" style=\"text-align: justify;\">Tras semanas de altas temperaturas, la Gobernaci\u00f3n de Capit\u00e1n Prat realiz\u00f3 coordinaci\u00f3n para que la Corporaci\u00f3n Nacional Forestal en la provincia con el apoyo de Carabineros de la 4ta Comisar\u00eda y la Compa\u00f1\u00eda Andina N\u00b020 realizaran patrullajes preventivos para alertar tanto a visitantes y turistas de balnearios y camping, los riesgos de realizar fogatas con el motivo de prevenir incendios forestales.<\/p>\n<p style=\"text-align: justify;\">De acuerdo con ello, el gobernador Gustavo M\u00e1rquez se\u00f1al\u00f3 que \u201cel realizar gestiones que nos permitan coordinarnos como Estado es una de mis principales funciones en la provincia, y la verdad es que no queremos por ning\u00fan motivo revivir aquel mega incendio que nos afect\u00f3 en verano del 2019, por lo que frente al pron\u00f3stico clim\u00e1tico que venimos arrastrando este verano, se hizo imprescindible el redoblar toda medida de prevenci\u00f3n que nos evite un incendio forestal. Por ello agradecemos la colaboraci\u00f3n y voluntad de nuestros carabineros y ej\u00e9rcito quienes frente a todas sus actividades diarias adem\u00e1s destinaron personal a realizar estas jornadas de patrullaje\u201d.<\/p>\n<p style=\"text-align: justify;\">Frente a lo mencionado por la autoridad provincial, estas jornadas se realizaron dos veces al d\u00eda en donde el objetivo era acercarse a conversar con los campistas y visitantes, lo cual permiti\u00f3 difundir el mensaje de prevenci\u00f3n a las personas que ingresaron a los distintos sectores aleda\u00f1os a la comuna de Cochrane.<\/p>\n<div class=\"code-block code-block-4\" style=\"text-align: justify;\">\n<div id=\"div-gpt-ad-9098732-2\" data-google-query-id=\"CNW8nsLj-O4CFdAFuQYdE-8Prg\">\n<div id=\"google_ads_iframe_\/21899093516\/DiarioCondoresDelBaker\/300x250-B_0__container__\">En tal sentido, la jefa provincial de Conaf, Mar\u00eda Elena Su\u00e1rez detall\u00f3 \u201cA ra\u00edz de las altas temperaturas que vivimos las \u00faltimas dos semanas, necesitamos contar con el apoyo de m\u00e1s personal, adem\u00e1s de las brigadas, por lo tanto recurrimos a nuestros grande amigos como lo son carabineros y ej\u00e9rcito, quienes nos apoyaron en la realizaci\u00f3n de estos patrullajes preventivos, gracias a las distintas coordinaciones que realizamos por medio de la gobernaci\u00f3n provincial\u201d.<\/div>\n<\/div>\n<\/div>\n<p style=\"text-align: justify;\">Cabe mencionar que la actividad se mantendr\u00e1 mediante el pron\u00f3stico del tiempo arroje altas temperaturas, ya que esto genera una mayor aglomeraci\u00f3n de familias y grupos en los principales balnearios de la localidad alertando el riesgo que se produzcan incendios mediante el mal uso del fuego.<\/p>\n<\/div><\/section><\/div><div  style='height:50px' class='hr hr-invisible   avia-builder-el-6  el_after_av_one_full  el_before_av_social_share '><span class='hr-inner ' ><span class='hr-inner-style'><\/span><\/span><\/div><\/p>\n<div  class='av-social-sharing-box  avia-builder-el-7  el_after_av_hr  el_before_av_hr  '><div class='av-share-box'><h5 class='av-share-link-description av-no-toc '>Compartir esta noticia<\/h5><ul class='av-share-box-list noLightbox'><li class='av-share-link av-social-link-facebook' ><a target=\"_blank\" aria-label=\"Compartir en Facebook\" href='https:\/\/www.facebook.com\/sharer.php?u=https:\/\/radiorevelacionfm.cl\/?p=2834&#038;t=En%20Cochrane%20intensifican%20patrullajes%20preventivos%20para%20evitar%20incendios%20forestales' aria-hidden='false' data-av_icon='\ue8f3' data-av_iconfont='entypo-fontello' title='' data-avia-related-tooltip='Compartir en Facebook' rel=\"noopener\"><span class='avia_hidden_link_text'>Compartir en Facebook<\/span><\/a><\/li><li class='av-share-link av-social-link-twitter' ><a target=\"_blank\" aria-label=\"Compartir en Twitter\" href='https:\/\/twitter.com\/share?text=En%20Cochrane%20intensifican%20patrullajes%20preventivos%20para%20evitar%20incendios%20forestales&#038;url=https:\/\/radiorevelacionfm.cl\/?p=2834' aria-hidden='false' data-av_icon='\ue8f1' data-av_iconfont='entypo-fontello' title='' data-avia-related-tooltip='Compartir en Twitter' rel=\"noopener\"><span class='avia_hidden_link_text'>Compartir en Twitter<\/span><\/a><\/li><li class='av-share-link av-social-link-whatsapp' ><a target=\"_blank\" aria-label=\"Compartir en Whatsapp\" href='https:\/\/api.whatsapp.com\/send?text=https:\/\/radiorevelacionfm.cl\/?p=2834' aria-hidden='false' data-av_icon='\uf232' data-av_iconfont='entypo-fontello' title='' data-avia-related-tooltip='Compartir en Whatsapp' rel=\"noopener\"><span class='avia_hidden_link_text'>Compartir en Whatsapp<\/span><\/a><\/li><li class='av-share-link av-social-link-linkedin' ><a target=\"_blank\" aria-label=\"Compartir en LinkedIn\" href='https:\/\/linkedin.com\/shareArticle?mini=true&#038;title=En%20Cochrane%20intensifican%20patrullajes%20preventivos%20para%20evitar%20incendios%20forestales&#038;url=https:\/\/radiorevelacionfm.cl\/?p=2834' aria-hidden='false' data-av_icon='\ue8fc' data-av_iconfont='entypo-fontello' title='' data-avia-related-tooltip='Compartir en LinkedIn' rel=\"noopener\"><span class='avia_hidden_link_text'>Compartir en LinkedIn<\/span><\/a><\/li><li class='av-share-link av-social-link-mail' ><a  aria-label=\"Compartir por correo\" href='mailto:?subject=En%20Cochrane%20intensifican%20patrullajes%20preventivos%20para%20evitar%20incendios%20forestales&#038;body=https:\/\/radiorevelacionfm.cl\/?p=2834' aria-hidden='false' data-av_icon='\ue805' data-av_iconfont='entypo-fontello' title='' data-avia-related-tooltip='Compartir por correo'><span class='avia_hidden_link_text'>Compartir por correo<\/span><\/a><\/li><\/ul><\/div><\/div>\n<div  style='height:50px' class='hr hr-invisible   avia-builder-el-8  el_after_av_social_share  el_before_av_comments_list '><span class='hr-inner ' ><span class='hr-inner-style'><\/span><\/span><\/div>\n<div  class='av-buildercomment  av-blog-meta-html-info-disabled av-blog-meta-tag-disabled  '><\/div>\n","protected":false},"excerpt":{"rendered":"","protected":false},"author":1,"featured_media":0,"comment_status":"open","ping_status":"open","sticky":false,"template":"","format":"standard","meta":{"footnotes":""},"categories":[38],"tags":[],"class_list":["post-2834","post","type-post","status-publish","format-standard","hentry","category-regional"],"jetpack_featured_media_url":"","_links":{"self":[{"href":"https:\/\/radiorevelacionfm.cl\/index.php?rest_route=\/wp\/v2\/posts\/2834","targetHints":{"allow":["GET"]}}],"collection":[{"href":"https:\/\/radiorevelacionfm.cl\/index.php?rest_route=\/wp\/v2\/posts"}],"about":[{"href":"https:\/\/radiorevelacionfm.cl\/index.php?rest_route=\/wp\/v2\/types\/post"}],"author":[{"embeddable":true,"href":"https:\/\/radiorevelacionfm.cl\/index.php?rest_route=\/wp\/v2\/users\/1"}],"replies":[{"embeddable":true,"href":"https:\/\/radiorevelacionfm.cl\/index.php?rest_route=%2Fwp%2Fv2%2Fcomments&post=2834"}],"version-history":[{"count":1,"href":"https:\/\/radiorevelacionfm.cl\/index.php?rest_route=\/wp\/v2\/posts\/2834\/revisions"}],"predecessor-version":[{"id":2836,"href":"https:\/\/radiorevelacionfm.cl\/index.php?rest_route=\/wp\/v2\/posts\/2834\/revisions\/2836"}],"wp:attachment":[{"href":"https:\/\/radiorevelacionfm.cl\/index.php?rest_route=%2Fwp%2Fv2%2Fmedia&parent=2834"}],"wp:term":[{"taxonomy":"category","embeddable":true,"href":"https:\/\/radiorevelacionfm.cl\/index.php?rest_route=%2Fwp%2Fv2%2Fcategories&post=2834"},{"taxonomy":"post_tag","embeddable":true,"href":"https:\/\/radiorevelacionfm.cl\/index.php?rest_route=%2Fwp%2Fv2%2Ftags&post=2834"}],"curies":[{"name":"wp","href":"https:\/\/api.w.org\/{rel}","templated":true}]}}