{"id":28334,"date":"2023-03-02T16:11:13","date_gmt":"2023-03-02T19:11:13","guid":{"rendered":"https:\/\/radiorevelacionfm.cl\/?p=28334"},"modified":"2023-03-02T16:22:03","modified_gmt":"2023-03-02T19:22:03","slug":"ejercito-dio-inicio-al-proceso-de-seleccion-del-contingente-en-coyhaique","status":"publish","type":"post","link":"https:\/\/radiorevelacionfm.cl\/?p=28334","title":{"rendered":"Ej\u00e9rcito dio inicio al proceso de selecci\u00f3n del contingente en Coyhaique"},"content":{"rendered":"<div class=\"flex_column av_one_full  flex_column_div av-zero-column-padding first  avia-builder-el-0  el_before_av_one_full  avia-builder-el-first  \" style='border-radius:0px; '><div  class='avia-image-container  av-styling-    avia-builder-el-1  avia-builder-el-no-sibling  avia-align-center '  itemprop=\"image\" itemscope=\"itemscope\" itemtype=\"https:\/\/schema.org\/ImageObject\"  ><div class='avia-image-container-inner'><div class='avia-image-overlay-wrap'><img decoding=\"async\" class='wp-image-28335 avia-img-lazy-loading-not-28335 avia_image' src=\"https:\/\/radiorevelacionfm.cl\/wp-content\/uploads\/2023\/03\/DSC9073-1-1.jpg\" alt='' title='_DSC9073 (1) (1)' height=\"600\" width=\"899\"  itemprop=\"thumbnailUrl\" srcset=\"https:\/\/radiorevelacionfm.cl\/wp-content\/uploads\/2023\/03\/DSC9073-1-1.jpg 899w, https:\/\/radiorevelacionfm.cl\/wp-content\/uploads\/2023\/03\/DSC9073-1-1-300x200.jpg 300w, https:\/\/radiorevelacionfm.cl\/wp-content\/uploads\/2023\/03\/DSC9073-1-1-768x513.jpg 768w, https:\/\/radiorevelacionfm.cl\/wp-content\/uploads\/2023\/03\/DSC9073-1-1-705x471.jpg 705w, https:\/\/radiorevelacionfm.cl\/wp-content\/uploads\/2023\/03\/DSC9073-1-1-600x400.jpg 600w\" sizes=\"(max-width: 899px) 100vw, 899px\" \/><\/div><\/div><\/div><\/div>\n<div class=\"flex_column av_one_full  flex_column_div av-zero-column-padding first  avia-builder-el-2  el_after_av_one_full  el_before_av_one_full  column-top-margin\" style='border-radius:0px; '><section class=\"av_textblock_section \"  itemscope=\"itemscope\" itemtype=\"https:\/\/schema.org\/BlogPosting\" itemprop=\"blogPost\" ><div class='avia_textblock  '   itemprop=\"text\" ><p style=\"text-align: center;\"><span style=\"font-size: 18pt;\"><strong>Ej\u00e9rcito dio inicio al proceso de selecci\u00f3n del contingente en Coyhaique<\/strong><\/span><\/p>\n<div id=\"gtx-trans\" style=\"position: absolute; left: -50px; top: 4.31534px;\">\n<div class=\"gtx-trans-icon\"><\/div>\n<\/div>\n<\/div><\/section><\/div>\n<div class=\"flex_column av_one_full  flex_column_div av-zero-column-padding first  avia-builder-el-4  el_after_av_one_full  el_before_av_hr  column-top-margin\" style='border-radius:0px; '><section class=\"av_textblock_section \"  itemscope=\"itemscope\" itemtype=\"https:\/\/schema.org\/BlogPosting\" itemprop=\"blogPost\" ><div class='avia_textblock  '   itemprop=\"text\" ><p style=\"text-align: justify;\">En el Campo Militar \u201cCoyhaique\u201d se dio inicio al proceso de selecci\u00f3n del contingente para el Servicio Militar 2023 en la IV Divisi\u00f3n de Ej\u00e9rcito.<\/p>\n<p style=\"text-align: justify;\">En tal sentido, este jueves 02 de marzo se presentaron los j\u00f3venes voluntarios, quienes fueron recibidos por el Comandante del Destacamento Motorizado N\u00b014 \u201cAys\u00e9n\u201d, Coronel Elias Abuyeres Manzur, quien les dio la bienvenida, convers\u00f3 y aclar\u00f3 las dudas de los presentes.<\/p>\n<p style=\"text-align: justify;\">La actividad continu\u00f3 con una muestra de material y equipo, para luego proceder a la revisi\u00f3n de los antecedentes personales, m\u00e9dicos y dentales de los j\u00f3venes, adem\u00e1s de un test sicol\u00f3gico, lo que permitir\u00e1 determinar qui\u00e9nes son id\u00f3neos para iniciar su servicio militar.<\/p>\n<p style=\"text-align: justify;\">Cabe destacar, que el proceso contin\u00faa los d\u00edas viernes 03 y lunes 06 de marzo, mientras que en Puerto Ays\u00e9n ser\u00e1n los d\u00edas 07, 08 y 09 de marzo. Quienes cumplan con su deber c\u00edvico, podr\u00e1n acceder a los beneficios que el Ej\u00e9rcito de Chile ofrece a su contingente, como postular para continuar su permanencia en las filas institucionales al optar por continuar la carrera profesional, nivelaci\u00f3n de estudios y de capacitaciones laborales a ra\u00edz de un convenio existente entre el Ej\u00e9rcito de Chile y el Servicio Nacional de Capacitaci\u00f3n y Empleo (SENCE) prepar\u00e1ndolos para enfrentar su reinserci\u00f3n a la vida ciudadana despu\u00e9s de haber cumplido su servicio militar accediendo a mayores opciones en el campo laboral.<\/p>\n<p style=\"text-align: justify;\">Los nuevos soldados que se acuartelan en el mes de abril, desarrollaran un per\u00edodo de especializaci\u00f3n t\u00e9cnica, llamada Fase de Formaci\u00f3n Inicial del Combatiente Individual, recibiendo instrucci\u00f3n militar, valores y disciplina, lo que los instruye y entrena para participar activamente en la Defensa Nacional y apoyar al pa\u00eds en casos de emergencias y cat\u00e1strofes.<\/p>\n<\/div><\/section><\/div><div  style='height:50px' class='hr hr-invisible   avia-builder-el-6  el_after_av_one_full  el_before_av_social_share '><span class='hr-inner ' ><span class='hr-inner-style'><\/span><\/span><\/div><\/p>\n<div  class='av-social-sharing-box  avia-builder-el-7  el_after_av_hr  el_before_av_hr  '><div class='av-share-box'><h5 class='av-share-link-description av-no-toc '>Compartir esta noticia<\/h5><ul class='av-share-box-list noLightbox'><li class='av-share-link av-social-link-facebook' ><a target=\"_blank\" aria-label=\"Compartir en Facebook\" href='https:\/\/www.facebook.com\/sharer.php?u=https:\/\/radiorevelacionfm.cl\/?p=28334&#038;t=Ej%C3%A9rcito%20dio%20inicio%20al%20proceso%20de%20selecci%C3%B3n%20del%20contingente%20en%20Coyhaique' aria-hidden='false' data-av_icon='\ue8f3' data-av_iconfont='entypo-fontello' title='' data-avia-related-tooltip='Compartir en Facebook' rel=\"noopener\"><span class='avia_hidden_link_text'>Compartir en Facebook<\/span><\/a><\/li><li class='av-share-link av-social-link-twitter' ><a target=\"_blank\" aria-label=\"Compartir en Twitter\" href='https:\/\/twitter.com\/share?text=Ej%C3%A9rcito%20dio%20inicio%20al%20proceso%20de%20selecci%C3%B3n%20del%20contingente%20en%20Coyhaique&#038;url=https:\/\/radiorevelacionfm.cl\/?p=28334' aria-hidden='false' data-av_icon='\ue8f1' data-av_iconfont='entypo-fontello' title='' data-avia-related-tooltip='Compartir en Twitter' rel=\"noopener\"><span class='avia_hidden_link_text'>Compartir en Twitter<\/span><\/a><\/li><li class='av-share-link av-social-link-whatsapp' ><a target=\"_blank\" aria-label=\"Compartir en Whatsapp\" href='https:\/\/api.whatsapp.com\/send?text=https:\/\/radiorevelacionfm.cl\/?p=28334' aria-hidden='false' data-av_icon='\uf232' data-av_iconfont='entypo-fontello' title='' data-avia-related-tooltip='Compartir en Whatsapp' rel=\"noopener\"><span class='avia_hidden_link_text'>Compartir en Whatsapp<\/span><\/a><\/li><li class='av-share-link av-social-link-linkedin' ><a target=\"_blank\" aria-label=\"Compartir en LinkedIn\" href='https:\/\/linkedin.com\/shareArticle?mini=true&#038;title=Ej%C3%A9rcito%20dio%20inicio%20al%20proceso%20de%20selecci%C3%B3n%20del%20contingente%20en%20Coyhaique&#038;url=https:\/\/radiorevelacionfm.cl\/?p=28334' aria-hidden='false' data-av_icon='\ue8fc' data-av_iconfont='entypo-fontello' title='' data-avia-related-tooltip='Compartir en LinkedIn' rel=\"noopener\"><span class='avia_hidden_link_text'>Compartir en LinkedIn<\/span><\/a><\/li><li class='av-share-link av-social-link-mail' ><a  aria-label=\"Compartir por correo\" href='mailto:?subject=Ej%C3%A9rcito%20dio%20inicio%20al%20proceso%20de%20selecci%C3%B3n%20del%20contingente%20en%20Coyhaique&#038;body=https:\/\/radiorevelacionfm.cl\/?p=28334' aria-hidden='false' data-av_icon='\ue805' data-av_iconfont='entypo-fontello' title='' data-avia-related-tooltip='Compartir por correo'><span class='avia_hidden_link_text'>Compartir por correo<\/span><\/a><\/li><\/ul><\/div><\/div>\n<div  style='height:50px' class='hr hr-invisible   avia-builder-el-8  el_after_av_social_share  el_before_av_comments_list '><span class='hr-inner ' ><span class='hr-inner-style'><\/span><\/span><\/div>\n<div  class='av-buildercomment  av-blog-meta-html-info-disabled av-blog-meta-tag-disabled  '><\/div>\n","protected":false},"excerpt":{"rendered":"","protected":false},"author":1,"featured_media":28335,"comment_status":"open","ping_status":"open","sticky":false,"template":"","format":"standard","meta":{"footnotes":""},"categories":[38],"tags":[],"class_list":["post-28334","post","type-post","status-publish","format-standard","has-post-thumbnail","hentry","category-regional"],"jetpack_featured_media_url":"https:\/\/radiorevelacionfm.cl\/wp-content\/uploads\/2023\/03\/DSC9073-1-1.jpg","_links":{"self":[{"href":"https:\/\/radiorevelacionfm.cl\/index.php?rest_route=\/wp\/v2\/posts\/28334","targetHints":{"allow":["GET"]}}],"collection":[{"href":"https:\/\/radiorevelacionfm.cl\/index.php?rest_route=\/wp\/v2\/posts"}],"about":[{"href":"https:\/\/radiorevelacionfm.cl\/index.php?rest_route=\/wp\/v2\/types\/post"}],"author":[{"embeddable":true,"href":"https:\/\/radiorevelacionfm.cl\/index.php?rest_route=\/wp\/v2\/users\/1"}],"replies":[{"embeddable":true,"href":"https:\/\/radiorevelacionfm.cl\/index.php?rest_route=%2Fwp%2Fv2%2Fcomments&post=28334"}],"version-history":[{"count":3,"href":"https:\/\/radiorevelacionfm.cl\/index.php?rest_route=\/wp\/v2\/posts\/28334\/revisions"}],"predecessor-version":[{"id":28339,"href":"https:\/\/radiorevelacionfm.cl\/index.php?rest_route=\/wp\/v2\/posts\/28334\/revisions\/28339"}],"wp:featuredmedia":[{"embeddable":true,"href":"https:\/\/radiorevelacionfm.cl\/index.php?rest_route=\/wp\/v2\/media\/28335"}],"wp:attachment":[{"href":"https:\/\/radiorevelacionfm.cl\/index.php?rest_route=%2Fwp%2Fv2%2Fmedia&parent=28334"}],"wp:term":[{"taxonomy":"category","embeddable":true,"href":"https:\/\/radiorevelacionfm.cl\/index.php?rest_route=%2Fwp%2Fv2%2Fcategories&post=28334"},{"taxonomy":"post_tag","embeddable":true,"href":"https:\/\/radiorevelacionfm.cl\/index.php?rest_route=%2Fwp%2Fv2%2Ftags&post=28334"}],"curies":[{"name":"wp","href":"https:\/\/api.w.org\/{rel}","templated":true}]}}