{"id":28330,"date":"2023-03-02T14:31:16","date_gmt":"2023-03-02T17:31:16","guid":{"rendered":"https:\/\/radiorevelacionfm.cl\/?p=28330"},"modified":"2023-03-02T14:31:16","modified_gmt":"2023-03-02T17:31:16","slug":"mop-impulsa-nuevos-proyectos-de-edificacion-publica-en-la-region-de-aysen","status":"publish","type":"post","link":"https:\/\/radiorevelacionfm.cl\/?p=28330","title":{"rendered":"MOP impulsa nuevos proyectos de edificaci\u00f3n p\u00fablica en la regi\u00f3n de Ays\u00e9n"},"content":{"rendered":"<div class=\"flex_column av_one_full  flex_column_div av-zero-column-padding first  avia-builder-el-0  el_before_av_one_full  avia-builder-el-first  \" style='border-radius:0px; '><div  class='avia-image-container  av-styling-    avia-builder-el-1  avia-builder-el-no-sibling  avia-align-center '  itemprop=\"image\" itemscope=\"itemscope\" itemtype=\"https:\/\/schema.org\/ImageObject\"  ><div class='avia-image-container-inner'><div class='avia-image-overlay-wrap'><img decoding=\"async\" class='wp-image-28331 avia-img-lazy-loading-not-28331 avia_image' src=\"https:\/\/radiorevelacionfm.cl\/wp-content\/uploads\/2023\/03\/img-20230302-wa0016-1_optimized.jpg\" alt='' title='img-20230302-wa0016-(1)_optimized' height=\"600\" width=\"800\"  itemprop=\"thumbnailUrl\" srcset=\"https:\/\/radiorevelacionfm.cl\/wp-content\/uploads\/2023\/03\/img-20230302-wa0016-1_optimized.jpg 800w, https:\/\/radiorevelacionfm.cl\/wp-content\/uploads\/2023\/03\/img-20230302-wa0016-1_optimized-300x225.jpg 300w, https:\/\/radiorevelacionfm.cl\/wp-content\/uploads\/2023\/03\/img-20230302-wa0016-1_optimized-768x576.jpg 768w, https:\/\/radiorevelacionfm.cl\/wp-content\/uploads\/2023\/03\/img-20230302-wa0016-1_optimized-705x529.jpg 705w, https:\/\/radiorevelacionfm.cl\/wp-content\/uploads\/2023\/03\/img-20230302-wa0016-1_optimized-600x450.jpg 600w\" sizes=\"(max-width: 800px) 100vw, 800px\" \/><\/div><\/div><\/div><\/div><div class=\"flex_column av_one_full  flex_column_div av-zero-column-padding first  avia-builder-el-2  el_after_av_one_full  el_before_av_one_full  column-top-margin\" style='border-radius:0px; '><section class=\"av_textblock_section \"  itemscope=\"itemscope\" itemtype=\"https:\/\/schema.org\/BlogPosting\" itemprop=\"blogPost\" ><div class='avia_textblock  '   itemprop=\"text\" ><p style=\"text-align: center;\"><strong><span style=\"font-size: 18pt;\">MOP impulsa nuevos proyectos de edificaci\u00f3n p\u00fablica en la regi\u00f3n de Ays\u00e9n<\/span><\/strong><\/p>\n<div id=\"gtx-trans\" style=\"position: absolute; left: -50px; top: 4.31534px;\">\n<div class=\"gtx-trans-icon\"><\/div>\n<\/div>\n<\/div><\/section><\/div><div class=\"flex_column av_one_full  flex_column_div av-zero-column-padding first  avia-builder-el-4  el_after_av_one_full  el_before_av_hr  column-top-margin\" style='border-radius:0px; '><section class=\"av_textblock_section \"  itemscope=\"itemscope\" itemtype=\"https:\/\/schema.org\/BlogPosting\" itemprop=\"blogPost\" ><div class='avia_textblock  '   itemprop=\"text\" ><p style=\"text-align: justify;\">Un positivo balance de su visita a la regi\u00f3n de Ays\u00e9n realiz\u00f3 la reci\u00e9n asumida Directora Nacional de Arquitectura del Ministerio de Obras P\u00fablicas, Loreto Wahr, quien recientemente pudo conocer en terreno el estado de la cartera de proyectos que se est\u00e1n impulsando en la regi\u00f3n y tuvo oportunidad de reunirse con la Gobernadora Regional, Andrea Mac\u00edas; el Delegado Presidencial Regional, Rodrigo Araya, y el Delegado Presidencial Provincial de General Carrera, Jorge Salfate; el Seremi de Obras P\u00fablicas, Patricio Sanhueza; el Alcalde de R\u00edo Ib\u00e1\u00f1ez, Marcelo Santana, y el Alcalde de Chile Chico, Luperciano Mu\u00f1oz.<\/p>\n<p style=\"text-align: justify;\">Seg\u00fan la autoridad nacional, \u201crealizamos esta importante visita a la regi\u00f3n de Ays\u00e9n para levantar un nutrido y variado perfil de proyectos, con el fin de tener presencia multisectorial en la l\u00ednea patrimonial, de edificaci\u00f3n institucional, salud y educaci\u00f3n\u201d. En ese sentido, destac\u00f3 su visita a la Primera Compa\u00f1\u00eda de Bomberos de Coyhaique para interiorizarse de sus futuras obras de reposici\u00f3n, tras finalizar recientemente la consultor\u00eda de dise\u00f1o de este cuartel por parte de la Direcci\u00f3n de Arquitectura.<\/p>\n<p style=\"text-align: justify;\">Posteriormente, Loreto Wahr se traslad\u00f3 a la comuna de R\u00edo Ib\u00e1\u00f1ez para realizar una visita inspectiva al monumento nacional Bodegas Portuarias de Puerto Ib\u00e1\u00f1ez, con el prop\u00f3sito de conocer detalles de la consultor\u00eda de dise\u00f1o para su restauraci\u00f3n patrimonial, la cual la Direcci\u00f3n de Arquitectura est\u00e1 pr\u00f3xima a finalizar. Gracias a este trabajo, en los pr\u00f3ximos a\u00f1os se puedan licitar y ejecutar las obras que posibiliten la recuperaci\u00f3n patrimonial de estos inmuebles que simbolizan el auge comercial que existi\u00f3 en el lago General Carrera hacia mediados del siglo pasado.<\/p>\n<p style=\"text-align: justify;\">La Directora Nacional de Arquitectura destac\u00f3 otros proyectos pr\u00f3ximos a materializarse en R\u00edo Ib\u00e1\u00f1ez, entre los que destacan la reposici\u00f3n del edificio consistorial y la habilitaci\u00f3n de la costanera de R\u00edo Tranquilo. En el primer caso, primero se requiere actualizar el dise\u00f1o del proyecto debido a la necesidad de incorporar la nueva normativa el\u00e9ctrica; en cuanto al segundo se est\u00e1 avanzando en gestiones administrativas para contar con los antecedentes prioritarios para iniciar la etapa de licitaci\u00f3n.<\/p>\n<p style=\"text-align: justify;\">En Chile Chico, la representante del MOP hizo un recorrido por las obras de construcci\u00f3n del nuevo hospital Dr. Leopoldo Ortega Rodr\u00edguez, las que a la fecha alcanzan un 31,03 por ciento de avance f\u00edsico. Asimismo, sostuvo una reuni\u00f3n con el alcalde de Chile Chico, Luperciano Mu\u00f1oz, con quien se abordaron los proyectos del nuevo edificio consistorial y de la piscina municipal, iniciativas impulsadas t\u00e9cnicamente por la municipalidad y que contar\u00e1n con la asesor\u00eda de la Direcci\u00f3n Regional de Arquitectura.<\/p>\n<p style=\"text-align: justify;\">La Directora estuvo acompa\u00f1ada por una comitiva integrada por la directora regional de Arquitectura, Paola Az\u00f3car, quien estuvo siguiendo de cerca este recorrido, cuyo objetivo se enmarca en la revisi\u00f3n del estado actual de los proyectos de inversi\u00f3n que lleva la Direcci\u00f3n de Arquitectura con el Gobierno Regional, y la definici\u00f3n de los lineamientos estrat\u00e9gicos regionales con los que se trabajar\u00e1 en este periodo del Gobierno del Presidente Gabriel Boric.<\/p>\n<p style=\"text-align: justify;\"><strong><u>Nueva infraestructura en Parque Nacional Patagonia<\/u><\/strong><\/p>\n<p style=\"text-align: justify;\">En el marco de esta visita, se dio a conocer el inicio del contrato para la construcci\u00f3n de senderos adecuados para el recorrido tur\u00edstico en la zona de Cueva de las Manos, ubicada en la reserva Jeinimeni del Parque Nacional Patagonia, en la comuna de Chile Chico. El proyecto consiste en la construcci\u00f3n de 7,5 km de senderos que unir\u00e1n las \u00e1reas de la Piedra Clavada, Cueva de las Manos y Valle Lunar, adem\u00e1s de la habilitaci\u00f3n de miradores, puentes, zonas de protecci\u00f3n y se\u00f1al\u00e9tica.<\/p>\n<p style=\"text-align: justify;\">En compa\u00f1\u00eda del Seremi de Obras P\u00fablicas, Patricio Sanhueza, el Delegado Presidencial Provincial de General Carrera, Crist\u00f3bal Barcel\u00f3, y representantes de CONAF, la Directora Nacional de Arquitectura destac\u00f3 la realizaci\u00f3n de esta iniciativa, que involucra una inversi\u00f3n de 1.682 millones de pesos por parte del Gobierno Regional de Ays\u00e9n.<\/p>\n<p style=\"text-align: justify;\">\u201cLa regi\u00f3n tiene un potencial tur\u00edstico y de desarrollo gigante y se requiere de una infraestructura pertinente y adecuada, que facilite y haga m\u00e1s amigables estos senderos. Si bien el paisaje contribuye de una manera sustancial, porque es una maravilla estar ac\u00e1, se necesitan ciertas facilidades que puedan prestar servicios a quienes visitan el lugar y de alguna manera van fortaleciendo este potencial tur\u00edstico\u201d, manifest\u00f3 Loreto Wahr.<\/p>\n<\/div><\/section><\/div><div  style='height:50px' class='hr hr-invisible   avia-builder-el-6  el_after_av_one_full  el_before_av_social_share '><span class='hr-inner ' ><span class='hr-inner-style'><\/span><\/span><\/div><\/p>\n<div  class='av-social-sharing-box  avia-builder-el-7  el_after_av_hr  el_before_av_hr  '><div class='av-share-box'><h5 class='av-share-link-description av-no-toc '>Compartir esta noticia<\/h5><ul class='av-share-box-list noLightbox'><li class='av-share-link av-social-link-facebook' ><a target=\"_blank\" aria-label=\"Compartir en Facebook\" href='https:\/\/www.facebook.com\/sharer.php?u=https:\/\/radiorevelacionfm.cl\/?p=28330&#038;t=MOP%20impulsa%20nuevos%20proyectos%20de%20edificaci%C3%B3n%20p%C3%BAblica%20en%20la%20regi%C3%B3n%20de%20Ays%C3%A9n' aria-hidden='false' data-av_icon='\ue8f3' data-av_iconfont='entypo-fontello' title='' data-avia-related-tooltip='Compartir en Facebook' rel=\"noopener\"><span class='avia_hidden_link_text'>Compartir en Facebook<\/span><\/a><\/li><li class='av-share-link av-social-link-twitter' ><a target=\"_blank\" aria-label=\"Compartir en Twitter\" href='https:\/\/twitter.com\/share?text=MOP%20impulsa%20nuevos%20proyectos%20de%20edificaci%C3%B3n%20p%C3%BAblica%20en%20la%20regi%C3%B3n%20de%20Ays%C3%A9n&#038;url=https:\/\/radiorevelacionfm.cl\/?p=28330' aria-hidden='false' data-av_icon='\ue8f1' data-av_iconfont='entypo-fontello' title='' data-avia-related-tooltip='Compartir en Twitter' rel=\"noopener\"><span class='avia_hidden_link_text'>Compartir en Twitter<\/span><\/a><\/li><li class='av-share-link av-social-link-whatsapp' ><a target=\"_blank\" aria-label=\"Compartir en Whatsapp\" href='https:\/\/api.whatsapp.com\/send?text=https:\/\/radiorevelacionfm.cl\/?p=28330' aria-hidden='false' data-av_icon='\uf232' data-av_iconfont='entypo-fontello' title='' data-avia-related-tooltip='Compartir en Whatsapp' rel=\"noopener\"><span class='avia_hidden_link_text'>Compartir en Whatsapp<\/span><\/a><\/li><li class='av-share-link av-social-link-linkedin' ><a target=\"_blank\" aria-label=\"Compartir en LinkedIn\" href='https:\/\/linkedin.com\/shareArticle?mini=true&#038;title=MOP%20impulsa%20nuevos%20proyectos%20de%20edificaci%C3%B3n%20p%C3%BAblica%20en%20la%20regi%C3%B3n%20de%20Ays%C3%A9n&#038;url=https:\/\/radiorevelacionfm.cl\/?p=28330' aria-hidden='false' data-av_icon='\ue8fc' data-av_iconfont='entypo-fontello' title='' data-avia-related-tooltip='Compartir en LinkedIn' rel=\"noopener\"><span class='avia_hidden_link_text'>Compartir en LinkedIn<\/span><\/a><\/li><li class='av-share-link av-social-link-mail' ><a  aria-label=\"Compartir por correo\" href='mailto:?subject=MOP%20impulsa%20nuevos%20proyectos%20de%20edificaci%C3%B3n%20p%C3%BAblica%20en%20la%20regi%C3%B3n%20de%20Ays%C3%A9n&#038;body=https:\/\/radiorevelacionfm.cl\/?p=28330' aria-hidden='false' data-av_icon='\ue805' data-av_iconfont='entypo-fontello' title='' data-avia-related-tooltip='Compartir por correo'><span class='avia_hidden_link_text'>Compartir por correo<\/span><\/a><\/li><\/ul><\/div><\/div>\n<div  style='height:50px' class='hr hr-invisible   avia-builder-el-8  el_after_av_social_share  el_before_av_comments_list '><span class='hr-inner ' ><span class='hr-inner-style'><\/span><\/span><\/div>\n<div  class='av-buildercomment  av-blog-meta-html-info-disabled av-blog-meta-tag-disabled  '><\/div>\n","protected":false},"excerpt":{"rendered":"","protected":false},"author":1,"featured_media":28331,"comment_status":"open","ping_status":"open","sticky":false,"template":"","format":"standard","meta":{"footnotes":""},"categories":[38],"tags":[],"class_list":["post-28330","post","type-post","status-publish","format-standard","has-post-thumbnail","hentry","category-regional"],"jetpack_featured_media_url":"https:\/\/radiorevelacionfm.cl\/wp-content\/uploads\/2023\/03\/img-20230302-wa0016-1_optimized.jpg","_links":{"self":[{"href":"https:\/\/radiorevelacionfm.cl\/index.php?rest_route=\/wp\/v2\/posts\/28330","targetHints":{"allow":["GET"]}}],"collection":[{"href":"https:\/\/radiorevelacionfm.cl\/index.php?rest_route=\/wp\/v2\/posts"}],"about":[{"href":"https:\/\/radiorevelacionfm.cl\/index.php?rest_route=\/wp\/v2\/types\/post"}],"author":[{"embeddable":true,"href":"https:\/\/radiorevelacionfm.cl\/index.php?rest_route=\/wp\/v2\/users\/1"}],"replies":[{"embeddable":true,"href":"https:\/\/radiorevelacionfm.cl\/index.php?rest_route=%2Fwp%2Fv2%2Fcomments&post=28330"}],"version-history":[{"count":2,"href":"https:\/\/radiorevelacionfm.cl\/index.php?rest_route=\/wp\/v2\/posts\/28330\/revisions"}],"predecessor-version":[{"id":28333,"href":"https:\/\/radiorevelacionfm.cl\/index.php?rest_route=\/wp\/v2\/posts\/28330\/revisions\/28333"}],"wp:featuredmedia":[{"embeddable":true,"href":"https:\/\/radiorevelacionfm.cl\/index.php?rest_route=\/wp\/v2\/media\/28331"}],"wp:attachment":[{"href":"https:\/\/radiorevelacionfm.cl\/index.php?rest_route=%2Fwp%2Fv2%2Fmedia&parent=28330"}],"wp:term":[{"taxonomy":"category","embeddable":true,"href":"https:\/\/radiorevelacionfm.cl\/index.php?rest_route=%2Fwp%2Fv2%2Fcategories&post=28330"},{"taxonomy":"post_tag","embeddable":true,"href":"https:\/\/radiorevelacionfm.cl\/index.php?rest_route=%2Fwp%2Fv2%2Ftags&post=28330"}],"curies":[{"name":"wp","href":"https:\/\/api.w.org\/{rel}","templated":true}]}}