{"id":28326,"date":"2023-03-02T12:45:24","date_gmt":"2023-03-02T15:45:24","guid":{"rendered":"https:\/\/radiorevelacionfm.cl\/?p=28326"},"modified":"2023-03-02T12:45:24","modified_gmt":"2023-03-02T15:45:24","slug":"interponen-denuncia-contra-vecina-de-puerto-chacabuco-por-amenazas-y-danos","status":"publish","type":"post","link":"https:\/\/radiorevelacionfm.cl\/?p=28326","title":{"rendered":"Interponen denuncia contra vecina de Puerto Chacabuco por amenazas y da\u00f1os"},"content":{"rendered":"<div class=\"flex_column av_one_full  flex_column_div av-zero-column-padding first  avia-builder-el-0  el_before_av_one_full  avia-builder-el-first  \" style='border-radius:0px; '><div  class='avia-image-container  av-styling-    avia-builder-el-1  avia-builder-el-no-sibling  avia-align-center '  itemprop=\"image\" itemscope=\"itemscope\" itemtype=\"https:\/\/schema.org\/ImageObject\"  ><div class='avia-image-container-inner'><div class='avia-image-overlay-wrap'><img decoding=\"async\" class='wp-image-28327 avia-img-lazy-loading-not-28327 avia_image' src=\"https:\/\/radiorevelacionfm.cl\/wp-content\/uploads\/2023\/03\/WhatsApp-Image-2023-03-01-at-20.52.37-1-1-1.jpeg\" alt='' title='WhatsApp Image 2023-03-01 at 20.52.37 (1) (1) (1)' height=\"600\" width=\"808\"  itemprop=\"thumbnailUrl\" srcset=\"https:\/\/radiorevelacionfm.cl\/wp-content\/uploads\/2023\/03\/WhatsApp-Image-2023-03-01-at-20.52.37-1-1-1.jpeg 808w, https:\/\/radiorevelacionfm.cl\/wp-content\/uploads\/2023\/03\/WhatsApp-Image-2023-03-01-at-20.52.37-1-1-1-300x223.jpeg 300w, https:\/\/radiorevelacionfm.cl\/wp-content\/uploads\/2023\/03\/WhatsApp-Image-2023-03-01-at-20.52.37-1-1-1-768x570.jpeg 768w, https:\/\/radiorevelacionfm.cl\/wp-content\/uploads\/2023\/03\/WhatsApp-Image-2023-03-01-at-20.52.37-1-1-1-705x524.jpeg 705w, https:\/\/radiorevelacionfm.cl\/wp-content\/uploads\/2023\/03\/WhatsApp-Image-2023-03-01-at-20.52.37-1-1-1-600x446.jpeg 600w\" sizes=\"(max-width: 808px) 100vw, 808px\" \/><\/div><\/div><\/div><\/div><div class=\"flex_column av_one_full  flex_column_div av-zero-column-padding first  avia-builder-el-2  el_after_av_one_full  el_before_av_one_full  column-top-margin\" style='border-radius:0px; '><section class=\"av_textblock_section \"  itemscope=\"itemscope\" itemtype=\"https:\/\/schema.org\/BlogPosting\" itemprop=\"blogPost\" ><div class='avia_textblock  '   itemprop=\"text\" ><p style=\"text-align: center;\"><strong><span style=\"font-size: 18pt;\">Interponen denuncia contra vecina de Puerto Chacabuco por amenazas y da\u00f1os<\/span><\/strong><\/p>\n<div id=\"gtx-trans\" style=\"position: absolute; left: -50px; top: 4.31534px;\">\n<div class=\"gtx-trans-icon\"><\/div>\n<\/div>\n<\/div><\/section><\/div><div class=\"flex_column av_one_full  flex_column_div av-zero-column-padding first  avia-builder-el-4  el_after_av_one_full  el_before_av_hr  column-top-margin\" style='border-radius:0px; '><section class=\"av_textblock_section \"  itemscope=\"itemscope\" itemtype=\"https:\/\/schema.org\/BlogPosting\" itemprop=\"blogPost\" ><div class='avia_textblock  '   itemprop=\"text\" ><p style=\"text-align: justify;\">La jornada del pasado mi\u00e9rcoles, la Direcci\u00f3n de Seguridad P\u00fablica de la Municipalidad de Ays\u00e9n interpuso una denuncia ante la Polic\u00eda de Investigaciones contra una vecina de Puerto Chacabuco por presuntas amenazas contra vecinos y funcionarios municipales, adem\u00e1s de da\u00f1os contra la propiedad e inmuebles.<\/p>\n<p style=\"text-align: justify;\">De acuerdo al director de Seguridad P\u00fablica, Marco Co\u00f1uecar, \u201cse est\u00e1 dando cumplimiento a un compromiso que se adquiri\u00f3 en la \u00faltima sesi\u00f3n del Consejo Comunal de Seguridad P\u00fablica, en el que un grupo de vecinos de Puerto Ays\u00e9n y Puerto Chacabuco nos relataron la angustia que viven permanentemente ante las supuestas amenazas y da\u00f1os que han sido v\u00edctimas por parte de esta persona\u201d.<\/p>\n<p style=\"text-align: justify;\">A ra\u00edz de esta situaci\u00f3n, se tom\u00f3 la decisi\u00f3n de hacer uso de las facultades que entrega la ley e interponer la denuncia para que la Polic\u00eda pueda investigar y esclarecer esta situaci\u00f3n, adem\u00e1s de entregar tranquilidad a los vecinos que puedan haberse visto afectados por este tipo de situaciones.<\/p>\n<p style=\"text-align: justify;\">\u201cEsta situaci\u00f3n es muy compleja. Esto viene a alterar la tranquilidad de la comunidad y adem\u00e1s, pone en riesgo la integridad f\u00edsica de nuestros vecinos\u201d, agreg\u00f3 Co\u00f1uecar, recalcando que tambi\u00e9n buscan resguardar la intimidad de la persona denunciada hasta que se conozcan los resultados de la investigaci\u00f3n, con el fin de esclarecer las circunstancias en que habr\u00edan ocurrido los hechos.<\/p>\n<p style=\"text-align: justify;\">De esta forma, Seguridad P\u00fablica reafirma su compromiso con el desaf\u00edo que implica entregar m\u00e1s tranquilidad a todas las vecinas y vecinos de la comuna de Ays\u00e9n, protegiendo la integridad f\u00edsica de la comunidad y resguardando los bienes de la misma.<\/p>\n<\/div><\/section><\/div><div  style='height:50px' class='hr hr-invisible   avia-builder-el-6  el_after_av_one_full  el_before_av_social_share '><span class='hr-inner ' ><span class='hr-inner-style'><\/span><\/span><\/div><\/p>\n<div  class='av-social-sharing-box  avia-builder-el-7  el_after_av_hr  el_before_av_hr  '><div class='av-share-box'><h5 class='av-share-link-description av-no-toc '>Compartir esta noticia<\/h5><ul class='av-share-box-list noLightbox'><li class='av-share-link av-social-link-facebook' ><a target=\"_blank\" aria-label=\"Compartir en Facebook\" href='https:\/\/www.facebook.com\/sharer.php?u=https:\/\/radiorevelacionfm.cl\/?p=28326&#038;t=Interponen%20denuncia%20contra%20vecina%20de%20Puerto%20Chacabuco%20por%20amenazas%20y%20da%C3%B1os' aria-hidden='false' data-av_icon='\ue8f3' data-av_iconfont='entypo-fontello' title='' data-avia-related-tooltip='Compartir en Facebook' rel=\"noopener\"><span class='avia_hidden_link_text'>Compartir en Facebook<\/span><\/a><\/li><li class='av-share-link av-social-link-twitter' ><a target=\"_blank\" aria-label=\"Compartir en Twitter\" href='https:\/\/twitter.com\/share?text=Interponen%20denuncia%20contra%20vecina%20de%20Puerto%20Chacabuco%20por%20amenazas%20y%20da%C3%B1os&#038;url=https:\/\/radiorevelacionfm.cl\/?p=28326' aria-hidden='false' data-av_icon='\ue8f1' data-av_iconfont='entypo-fontello' title='' data-avia-related-tooltip='Compartir en Twitter' rel=\"noopener\"><span class='avia_hidden_link_text'>Compartir en Twitter<\/span><\/a><\/li><li class='av-share-link av-social-link-whatsapp' ><a target=\"_blank\" aria-label=\"Compartir en Whatsapp\" href='https:\/\/api.whatsapp.com\/send?text=https:\/\/radiorevelacionfm.cl\/?p=28326' aria-hidden='false' data-av_icon='\uf232' data-av_iconfont='entypo-fontello' title='' data-avia-related-tooltip='Compartir en Whatsapp' rel=\"noopener\"><span class='avia_hidden_link_text'>Compartir en Whatsapp<\/span><\/a><\/li><li class='av-share-link av-social-link-linkedin' ><a target=\"_blank\" aria-label=\"Compartir en LinkedIn\" href='https:\/\/linkedin.com\/shareArticle?mini=true&#038;title=Interponen%20denuncia%20contra%20vecina%20de%20Puerto%20Chacabuco%20por%20amenazas%20y%20da%C3%B1os&#038;url=https:\/\/radiorevelacionfm.cl\/?p=28326' aria-hidden='false' data-av_icon='\ue8fc' data-av_iconfont='entypo-fontello' title='' data-avia-related-tooltip='Compartir en LinkedIn' rel=\"noopener\"><span class='avia_hidden_link_text'>Compartir en LinkedIn<\/span><\/a><\/li><li class='av-share-link av-social-link-mail' ><a  aria-label=\"Compartir por correo\" href='mailto:?subject=Interponen%20denuncia%20contra%20vecina%20de%20Puerto%20Chacabuco%20por%20amenazas%20y%20da%C3%B1os&#038;body=https:\/\/radiorevelacionfm.cl\/?p=28326' aria-hidden='false' data-av_icon='\ue805' data-av_iconfont='entypo-fontello' title='' data-avia-related-tooltip='Compartir por correo'><span class='avia_hidden_link_text'>Compartir por correo<\/span><\/a><\/li><\/ul><\/div><\/div>\n<div  style='height:50px' class='hr hr-invisible   avia-builder-el-8  el_after_av_social_share  el_before_av_comments_list '><span class='hr-inner ' ><span class='hr-inner-style'><\/span><\/span><\/div>\n<div  class='av-buildercomment  av-blog-meta-html-info-disabled av-blog-meta-tag-disabled  '><\/div>\n","protected":false},"excerpt":{"rendered":"","protected":false},"author":1,"featured_media":28327,"comment_status":"open","ping_status":"open","sticky":false,"template":"","format":"standard","meta":{"footnotes":""},"categories":[38],"tags":[],"class_list":["post-28326","post","type-post","status-publish","format-standard","has-post-thumbnail","hentry","category-regional"],"jetpack_featured_media_url":"https:\/\/radiorevelacionfm.cl\/wp-content\/uploads\/2023\/03\/WhatsApp-Image-2023-03-01-at-20.52.37-1-1-1.jpeg","_links":{"self":[{"href":"https:\/\/radiorevelacionfm.cl\/index.php?rest_route=\/wp\/v2\/posts\/28326","targetHints":{"allow":["GET"]}}],"collection":[{"href":"https:\/\/radiorevelacionfm.cl\/index.php?rest_route=\/wp\/v2\/posts"}],"about":[{"href":"https:\/\/radiorevelacionfm.cl\/index.php?rest_route=\/wp\/v2\/types\/post"}],"author":[{"embeddable":true,"href":"https:\/\/radiorevelacionfm.cl\/index.php?rest_route=\/wp\/v2\/users\/1"}],"replies":[{"embeddable":true,"href":"https:\/\/radiorevelacionfm.cl\/index.php?rest_route=%2Fwp%2Fv2%2Fcomments&post=28326"}],"version-history":[{"count":2,"href":"https:\/\/radiorevelacionfm.cl\/index.php?rest_route=\/wp\/v2\/posts\/28326\/revisions"}],"predecessor-version":[{"id":28329,"href":"https:\/\/radiorevelacionfm.cl\/index.php?rest_route=\/wp\/v2\/posts\/28326\/revisions\/28329"}],"wp:featuredmedia":[{"embeddable":true,"href":"https:\/\/radiorevelacionfm.cl\/index.php?rest_route=\/wp\/v2\/media\/28327"}],"wp:attachment":[{"href":"https:\/\/radiorevelacionfm.cl\/index.php?rest_route=%2Fwp%2Fv2%2Fmedia&parent=28326"}],"wp:term":[{"taxonomy":"category","embeddable":true,"href":"https:\/\/radiorevelacionfm.cl\/index.php?rest_route=%2Fwp%2Fv2%2Fcategories&post=28326"},{"taxonomy":"post_tag","embeddable":true,"href":"https:\/\/radiorevelacionfm.cl\/index.php?rest_route=%2Fwp%2Fv2%2Ftags&post=28326"}],"curies":[{"name":"wp","href":"https:\/\/api.w.org\/{rel}","templated":true}]}}