{"id":28317,"date":"2023-03-01T18:30:52","date_gmt":"2023-03-01T21:30:52","guid":{"rendered":"https:\/\/radiorevelacionfm.cl\/?p=28317"},"modified":"2023-03-01T18:30:52","modified_gmt":"2023-03-01T21:30:52","slug":"ano-judicial-2023-ministro-jose-ignacio-mora-asume-presidencia-de-la-corte-de-apelaciones-de-coyhaique","status":"publish","type":"post","link":"https:\/\/radiorevelacionfm.cl\/?p=28317","title":{"rendered":"A\u00f1o judicial 2023: ministro Jos\u00e9 Ignacio Mora asume presidencia de la Corte de Apelaciones de Coyhaique"},"content":{"rendered":"<div class=\"flex_column av_one_full  flex_column_div av-zero-column-padding first  avia-builder-el-0  el_before_av_one_full  avia-builder-el-first  \" style='border-radius:0px; '><div  class='avia-image-container  av-styling-    avia-builder-el-1  avia-builder-el-no-sibling  avia-align-center '  itemprop=\"image\" itemscope=\"itemscope\" itemtype=\"https:\/\/schema.org\/ImageObject\"  ><div class='avia-image-container-inner'><div class='avia-image-overlay-wrap'><img decoding=\"async\" class='wp-image-28318 avia-img-lazy-loading-not-28318 avia_image' src=\"https:\/\/radiorevelacionfm.cl\/wp-content\/uploads\/2023\/03\/Ministro-Jose-Ignacio-Mora-1-1.jpg\" alt='' title='Ministro Jos\u00e9 Ignacio Mora (1) (1)' height=\"600\" width=\"742\"  itemprop=\"thumbnailUrl\" srcset=\"https:\/\/radiorevelacionfm.cl\/wp-content\/uploads\/2023\/03\/Ministro-Jose-Ignacio-Mora-1-1.jpg 742w, https:\/\/radiorevelacionfm.cl\/wp-content\/uploads\/2023\/03\/Ministro-Jose-Ignacio-Mora-1-1-300x243.jpg 300w, https:\/\/radiorevelacionfm.cl\/wp-content\/uploads\/2023\/03\/Ministro-Jose-Ignacio-Mora-1-1-495x400.jpg 495w, https:\/\/radiorevelacionfm.cl\/wp-content\/uploads\/2023\/03\/Ministro-Jose-Ignacio-Mora-1-1-705x570.jpg 705w, https:\/\/radiorevelacionfm.cl\/wp-content\/uploads\/2023\/03\/Ministro-Jose-Ignacio-Mora-1-1-600x485.jpg 600w\" sizes=\"(max-width: 742px) 100vw, 742px\" \/><\/div><\/div><\/div><\/div><div class=\"flex_column av_one_full  flex_column_div av-zero-column-padding first  avia-builder-el-2  el_after_av_one_full  el_before_av_one_full  column-top-margin\" style='border-radius:0px; '><section class=\"av_textblock_section \"  itemscope=\"itemscope\" itemtype=\"https:\/\/schema.org\/BlogPosting\" itemprop=\"blogPost\" ><div class='avia_textblock  '   itemprop=\"text\" ><p style=\"text-align: center;\"><span style=\"font-size: 18pt;\"><b>A\u00f1o judicial 2023: ministro Jos\u00e9 Ignacio Mora asume presidencia de la Corte de Apelaciones de Coyhaique<\/b><\/span><\/p>\n<div id=\"gtx-trans\" style=\"position: absolute; left: -50px; top: 4.31534px;\">\n<div class=\"gtx-trans-icon\"><\/div>\n<\/div>\n<\/div><\/section><\/div><div class=\"flex_column av_one_full  flex_column_div av-zero-column-padding first  avia-builder-el-4  el_after_av_one_full  el_before_av_hr  column-top-margin\" style='border-radius:0px; '><section class=\"av_textblock_section \"  itemscope=\"itemscope\" itemtype=\"https:\/\/schema.org\/BlogPosting\" itemprop=\"blogPost\" ><div class='avia_textblock  '   itemprop=\"text\" ><p class=\"v1MsoNormal\" style=\"text-align: justify;\">El ministro Jos\u00e9 Ignacio Mora Trujillo asumi\u00f3 este mi\u00e9rcoles 1 de marzo la presidencia de la Corte de Apelaciones de Coyhaique para el a\u00f1o judicial 2023. La tradicional entrega de la campanilla fue de manos del ministro Pedro Castro Espinoza, quien ejerci\u00f3 y lider\u00f3 el trabajo en la jurisdicci\u00f3n en calidad de subrogante desde septiembre de 2022, tras el retiro del ministro Sergio Mora Vallejos.<\/p>\n<p class=\"v1MsoNormal\" style=\"text-align: justify;\">Esta es la segunda presidencia del ministro Mora Trujillo, desde su ingreso al pleno del tribunal de alzada, que fue en julio de 2018.<\/p>\n<p class=\"v1MsoNormal\" style=\"text-align: justify;\">\u00abEl desaf\u00edo es mantener el trabajo que hemos hecho respecto de dar una pronta respuesta a la comunidad en la soluci\u00f3n de los conflictos que llegan a esta Corte de Apelaciones y a los tribunales de la jurisdicci\u00f3n\u00bb, sostuvo el presidente.<\/p>\n<p class=\"v1MsoNormal\" style=\"text-align: justify;\">Respecto al trabajo jurisdiccional y los desaf\u00edos para este 2023, el ministro coment\u00f3 que: \u00abEn lo particular queremos volver a la presencialidad en un 100 por ciento, que en nuestra regi\u00f3n ya tenemos un alto porcentaje de ello y otros con la excepci\u00f3n del teletrabajo que lo hacen v\u00eda reglamentaria y legal\u00bb.<\/p>\n<p class=\"v1MsoNormal\" style=\"text-align: justify;\">Agreg\u00f3 que \u00abpara este a\u00f1o queremos retomar las itinerancias que se realizan en las zonas extremas de la regi\u00f3n. Es una iniciativa que en mi presidencia anterior fue muy positiva para las comunidades porque evita el desplazamiento de los usuarios, ahorro de tiempo y de recursos econ\u00f3micos y adem\u00e1s genera cercan\u00eda del Poder judicial con las comunidades aisladas de Ays\u00e9n\u00bb.<\/p>\n<p class=\"v1MsoNormal\" style=\"text-align: justify;\"><b>Trabajo judicial 2022<\/b><\/p>\n<p class=\"v1MsoNormal\" style=\"text-align: justify;\">Respecto a la labor desarrollada durante el 2022 el ministro Pedro Castro valor\u00f3 el trabajo y compromiso de los funcionarios y jueces de los 10 tribunales de la jurisdicci\u00f3n y de la Corporaci\u00f3n Administrativa del Poder Judicial. En especial, por brindar un servicio de calidad, oportuno y lo m\u00e1s cercano posible en materia de administraci\u00f3n de justicia, tanto de manera presencial como virtual.<\/p>\n<p class=\"v1MsoNormal\" style=\"text-align: justify;\"><b>Principales cifras<\/b><\/p>\n<p class=\"v1MsoNormal\" style=\"text-align: justify;\">En relaci\u00f3n con las cifras que dan cuenta del trabajo en el a\u00f1o judicial 2022, el tribunal de alzada registr\u00f3 un ingreso de 4.119 recursos, aumentando en un 96,7 % respecto del a\u00f1o 2021 (2.094 ingresos).<\/p>\n<p class=\"v1MsoNormal\" style=\"text-align: justify;\">De este total, 84 fueron recursos de amparo; 456 recursos de protecci\u00f3n, 265 causas del \u00e1mbito civil; 72 de familia, 112 en materia laboral y cobranza; 253 del \u00e1mbito penal, 884 correspondiente a asuntos administrativos; 62 de polic\u00eda local, 1.918 en materia de isapres; 8 tributarios y aduaneros, 3 contencioso administrativo y 2 exhortos.<\/p>\n<p class=\"v1MsoNormal\" style=\"text-align: justify;\">En relaci\u00f3n con los t\u00e9rminos de causas, se concluyeron 3.187 recursos, alcanzando una aumento del 51,2% en relaci\u00f3n al a\u00f1o 2021.<\/p>\n<p class=\"v1MsoNormal\" style=\"text-align: justify;\"><b>Infancia, equidad de g\u00e9nero y no discriminaci\u00f3n<\/b><\/p>\n<p class=\"v1MsoNormal\" style=\"text-align: justify;\">Respecto a las pol\u00edticas de infancia se mantuvo como instancia de coordinaci\u00f3n la mesa t\u00e9cnica interinstitucional, y en ese contexto en el mes de noviembre del a\u00f1o pasado se firm\u00f3 un acuerdo de trabajo colaborativo entre el Poder Judicial, el Servicio de Salud Ays\u00e9n, el Servicio Regional Mejor Ni\u00f1ez y Senda, que tiene como objetivo mejorar las actuales prestaciones de salud de los m\u00e1s de 1.115 ni\u00f1os, ni\u00f1as y adolescentes que est\u00e1n bajo medidas de protecci\u00f3n en la jurisdicci\u00f3n.<\/p>\n<p class=\"v1MsoNormal\" style=\"text-align: justify;\">Asimismo, pero en materia de igualdad de g\u00e9nero y no discriminaci\u00f3n el comit\u00e9 de la jurisdicci\u00f3n realiz\u00f3 diversas iniciativas de car\u00e1cter interno que buscaron capacitar a jueces y funcionarios respecto de tem\u00e1ticas como: Las actuales condiciones carcelar\u00edas de mujeres y la difusi\u00f3n del protocolo de canales de acceso de denuncia de violencia intrafamiliar y de violencia de g\u00e9nero en el contexto de la pandemia Covid-19.<\/p>\n<p class=\"v1MsoNormal\" style=\"text-align: justify;\">En el mes de noviembre y en el contexto del D\u00eda Internacional de la Eliminaci\u00f3n de la Violencia contra la Mujer el Comit\u00e9 de G\u00e9nero y No Discriminaci\u00f3n de la jurisdicci\u00f3n Coyhaique, present\u00f3 un video con las principales cifras de un estudio realizado por ONU Mujeres, con las estad\u00edsticas de Violencia Contra la Mujer (VCM), tras la pandemia.<\/p>\n<p class=\"v1MsoNormal\" style=\"text-align: justify;\">Atenci\u00f3n digital para usuarios<\/p>\n<p class=\"v1MsoNormal\" style=\"text-align: justify;\">En el mes de junio de 2022, el Juzgado mixto de Chile Chico fue el primero en la jurisdicci\u00f3n en implementar un servicio de atenci\u00f3n digital denominado \u00abCONECTA PJUD\u00bb. La iniciativa permite que a trav\u00e9s de un tel\u00e9fono celular o computador los usuarios puedan consultar respecto de audiencias, estado de causas en tr\u00e1mite, formular solicitudes y acceder a resoluciones.<\/p>\n<p class=\"v1MsoNormal\" style=\"text-align: justify;\"><b>Vinculaci\u00f3n con la comunidad<\/b><\/p>\n<p class=\"v1MsoNormal\" style=\"text-align: justify;\">Con el objetivo de continuar con la pol\u00edtica de cercan\u00eda hac\u00eda las comunidades, la Corte de Coyhaique reabri\u00f3 sus puertas a la cultura y las artes e invit\u00f3 a la exposici\u00f3n: \u00abMiradas De Pandemia\u00bb. Iniciativa desarrollada en el mes de abril donde ni\u00f1os y j\u00f3venes de diversos establecimientos educacionales pudieran concurrir hasta el tribunal de alzada para conocer los retratos de habitantes que por largo tiempo tuvieron que usar mascarilla en tiempo de pandemia.<\/p>\n<p class=\"v1MsoNormal\" style=\"text-align: justify;\">De igual manera, se efectuaron visitas guiadas a estudiantes de establecimientos educacionales de la comuna, quienes pudieron recorrer las instalaciones; conocer la estructura del Poder Judicial y conversar con funcionarios y con el propio presidente del tribunal de alzada.<\/p>\n<p class=\"v1MsoNormal\" style=\"text-align: justify;\">Finalmente, en el mes de octubre pasado la Comisi\u00f3n de Promoci\u00f3n de Derechos de ni\u00f1os, ni\u00f1as y adolescentes de la jurisdicci\u00f3n convoc\u00f3 a ni\u00f1os, ni\u00f1as y adolescentes a participar del concurso \u00abPonle Color a tus Derechos\u00bb. Instancia que permiti\u00f3 plasmar sus derechos a trav\u00e9s de la pintura y el dibujo, con una participaci\u00f3n de m\u00e1s de 80 obras.<\/p>\n<p class=\"v1MsoNormal\" style=\"text-align: justify;\"><b>Desaf\u00edos<\/b><\/p>\n<p class=\"v1MsoNormal\" style=\"text-align: justify;\">Para el a\u00f1o judicial 2023, adem\u00e1s de continuar con el servicio de administraci\u00f3n de justicia en la jurisdicci\u00f3n de manera presencial se proyecta la implementaci\u00f3n del sistema de atenci\u00f3n digital CONECTA PJUD, en los juzgados mixtos de Puerto Cisnes, Puerto Ays\u00e9n y Cochrane, como tambi\u00e9n en el juzgado de Familia de la ciudad de Coyhaique.<\/p>\n<p class=\"v1MsoNormal\" style=\"text-align: justify;\">A su vez, y tras dos a\u00f1os de pandemia el Poder Judicial buscar\u00e1 retomar las itinerancias en zonas aisladas de la regi\u00f3n. Esto implica la realizaci\u00f3n de audiencias en localidades alejadas\u00a0 como Melinka, La Junta, Puerto Guadal, Puerto Bertrand y las comunas del extremo sur Caleta Tortel y Villa O`Higgins.<\/p>\n<\/div><\/section><\/div><div  style='height:50px' class='hr hr-invisible   avia-builder-el-6  el_after_av_one_full  el_before_av_social_share '><span class='hr-inner ' ><span class='hr-inner-style'><\/span><\/span><\/div><\/p>\n<div  class='av-social-sharing-box  avia-builder-el-7  el_after_av_hr  el_before_av_hr  '><div class='av-share-box'><h5 class='av-share-link-description av-no-toc '>Compartir esta noticia<\/h5><ul class='av-share-box-list noLightbox'><li class='av-share-link av-social-link-facebook' ><a target=\"_blank\" aria-label=\"Compartir en Facebook\" href='https:\/\/www.facebook.com\/sharer.php?u=https:\/\/radiorevelacionfm.cl\/?p=28317&#038;t=A%C3%B1o%20judicial%202023%3A%20ministro%20Jos%C3%A9%20Ignacio%20Mora%20asume%20presidencia%20de%20la%20Corte%20de%20Apelaciones%20de%20Coyhaique' aria-hidden='false' data-av_icon='\ue8f3' data-av_iconfont='entypo-fontello' title='' data-avia-related-tooltip='Compartir en Facebook' rel=\"noopener\"><span class='avia_hidden_link_text'>Compartir en Facebook<\/span><\/a><\/li><li class='av-share-link av-social-link-twitter' ><a target=\"_blank\" aria-label=\"Compartir en Twitter\" href='https:\/\/twitter.com\/share?text=A%C3%B1o%20judicial%202023%3A%20ministro%20Jos%C3%A9%20Ignacio%20Mora%20asume%20presidencia%20de%20la%20Corte%20de%20Apelaciones%20de%20Coyhaique&#038;url=https:\/\/radiorevelacionfm.cl\/?p=28317' aria-hidden='false' data-av_icon='\ue8f1' data-av_iconfont='entypo-fontello' title='' data-avia-related-tooltip='Compartir en Twitter' rel=\"noopener\"><span class='avia_hidden_link_text'>Compartir en Twitter<\/span><\/a><\/li><li class='av-share-link av-social-link-whatsapp' ><a target=\"_blank\" aria-label=\"Compartir en Whatsapp\" href='https:\/\/api.whatsapp.com\/send?text=https:\/\/radiorevelacionfm.cl\/?p=28317' aria-hidden='false' data-av_icon='\uf232' data-av_iconfont='entypo-fontello' title='' data-avia-related-tooltip='Compartir en Whatsapp' rel=\"noopener\"><span class='avia_hidden_link_text'>Compartir en Whatsapp<\/span><\/a><\/li><li class='av-share-link av-social-link-linkedin' ><a target=\"_blank\" aria-label=\"Compartir en LinkedIn\" href='https:\/\/linkedin.com\/shareArticle?mini=true&#038;title=A%C3%B1o%20judicial%202023%3A%20ministro%20Jos%C3%A9%20Ignacio%20Mora%20asume%20presidencia%20de%20la%20Corte%20de%20Apelaciones%20de%20Coyhaique&#038;url=https:\/\/radiorevelacionfm.cl\/?p=28317' aria-hidden='false' data-av_icon='\ue8fc' data-av_iconfont='entypo-fontello' title='' data-avia-related-tooltip='Compartir en LinkedIn' rel=\"noopener\"><span class='avia_hidden_link_text'>Compartir en LinkedIn<\/span><\/a><\/li><li class='av-share-link av-social-link-mail' ><a  aria-label=\"Compartir por correo\" href='mailto:?subject=A%C3%B1o%20judicial%202023%3A%20ministro%20Jos%C3%A9%20Ignacio%20Mora%20asume%20presidencia%20de%20la%20Corte%20de%20Apelaciones%20de%20Coyhaique&#038;body=https:\/\/radiorevelacionfm.cl\/?p=28317' aria-hidden='false' data-av_icon='\ue805' data-av_iconfont='entypo-fontello' title='' data-avia-related-tooltip='Compartir por correo'><span class='avia_hidden_link_text'>Compartir por correo<\/span><\/a><\/li><\/ul><\/div><\/div>\n<div  style='height:50px' class='hr hr-invisible   avia-builder-el-8  el_after_av_social_share  el_before_av_comments_list '><span class='hr-inner ' ><span class='hr-inner-style'><\/span><\/span><\/div>\n<div  class='av-buildercomment  av-blog-meta-html-info-disabled av-blog-meta-tag-disabled  '><\/div>\n","protected":false},"excerpt":{"rendered":"","protected":false},"author":1,"featured_media":28318,"comment_status":"open","ping_status":"open","sticky":false,"template":"","format":"standard","meta":{"footnotes":""},"categories":[55],"tags":[],"class_list":["post-28317","post","type-post","status-publish","format-standard","has-post-thumbnail","hentry","category-justicia"],"jetpack_featured_media_url":"https:\/\/radiorevelacionfm.cl\/wp-content\/uploads\/2023\/03\/Ministro-Jose-Ignacio-Mora-1-1.jpg","_links":{"self":[{"href":"https:\/\/radiorevelacionfm.cl\/index.php?rest_route=\/wp\/v2\/posts\/28317","targetHints":{"allow":["GET"]}}],"collection":[{"href":"https:\/\/radiorevelacionfm.cl\/index.php?rest_route=\/wp\/v2\/posts"}],"about":[{"href":"https:\/\/radiorevelacionfm.cl\/index.php?rest_route=\/wp\/v2\/types\/post"}],"author":[{"embeddable":true,"href":"https:\/\/radiorevelacionfm.cl\/index.php?rest_route=\/wp\/v2\/users\/1"}],"replies":[{"embeddable":true,"href":"https:\/\/radiorevelacionfm.cl\/index.php?rest_route=%2Fwp%2Fv2%2Fcomments&post=28317"}],"version-history":[{"count":2,"href":"https:\/\/radiorevelacionfm.cl\/index.php?rest_route=\/wp\/v2\/posts\/28317\/revisions"}],"predecessor-version":[{"id":28321,"href":"https:\/\/radiorevelacionfm.cl\/index.php?rest_route=\/wp\/v2\/posts\/28317\/revisions\/28321"}],"wp:featuredmedia":[{"embeddable":true,"href":"https:\/\/radiorevelacionfm.cl\/index.php?rest_route=\/wp\/v2\/media\/28318"}],"wp:attachment":[{"href":"https:\/\/radiorevelacionfm.cl\/index.php?rest_route=%2Fwp%2Fv2%2Fmedia&parent=28317"}],"wp:term":[{"taxonomy":"category","embeddable":true,"href":"https:\/\/radiorevelacionfm.cl\/index.php?rest_route=%2Fwp%2Fv2%2Fcategories&post=28317"},{"taxonomy":"post_tag","embeddable":true,"href":"https:\/\/radiorevelacionfm.cl\/index.php?rest_route=%2Fwp%2Fv2%2Ftags&post=28317"}],"curies":[{"name":"wp","href":"https:\/\/api.w.org\/{rel}","templated":true}]}}