{"id":28314,"date":"2023-03-01T17:41:47","date_gmt":"2023-03-01T20:41:47","guid":{"rendered":"https:\/\/radiorevelacionfm.cl\/?p=28314"},"modified":"2023-03-01T17:41:47","modified_gmt":"2023-03-01T20:41:47","slug":"coordinan-acciones-intersectoriales-ante-el-inminente-retorno-al-ano-escolar","status":"publish","type":"post","link":"https:\/\/radiorevelacionfm.cl\/?p=28314","title":{"rendered":"Coordinan acciones intersectoriales ante el inminente retorno al a\u00f1o escolar"},"content":{"rendered":"<div class=\"flex_column av_one_full  flex_column_div av-zero-column-padding first  avia-builder-el-0  el_before_av_one_full  avia-builder-el-first  \" style='border-radius:0px; '><div  class='avia-image-container  av-styling-    avia-builder-el-1  avia-builder-el-no-sibling  avia-align-center '  itemprop=\"image\" itemscope=\"itemscope\" itemtype=\"https:\/\/schema.org\/ImageObject\"  ><div class='avia-image-container-inner'><div class='avia-image-overlay-wrap'><img decoding=\"async\" class='wp-image-28315 avia-img-lazy-loading-not-28315 avia_image' src=\"https:\/\/radiorevelacionfm.cl\/wp-content\/uploads\/2023\/03\/dsc_1421-1_optimized.jpg\" alt='' title='dsc_1421-(1)_optimized' height=\"600\" width=\"903\"  itemprop=\"thumbnailUrl\" srcset=\"https:\/\/radiorevelacionfm.cl\/wp-content\/uploads\/2023\/03\/dsc_1421-1_optimized.jpg 903w, https:\/\/radiorevelacionfm.cl\/wp-content\/uploads\/2023\/03\/dsc_1421-1_optimized-300x199.jpg 300w, https:\/\/radiorevelacionfm.cl\/wp-content\/uploads\/2023\/03\/dsc_1421-1_optimized-768x510.jpg 768w, https:\/\/radiorevelacionfm.cl\/wp-content\/uploads\/2023\/03\/dsc_1421-1_optimized-705x468.jpg 705w, https:\/\/radiorevelacionfm.cl\/wp-content\/uploads\/2023\/03\/dsc_1421-1_optimized-600x399.jpg 600w\" sizes=\"(max-width: 903px) 100vw, 903px\" \/><\/div><\/div><\/div><\/div><div class=\"flex_column av_one_full  flex_column_div av-zero-column-padding first  avia-builder-el-2  el_after_av_one_full  el_before_av_one_full  column-top-margin\" style='border-radius:0px; '><section class=\"av_textblock_section \"  itemscope=\"itemscope\" itemtype=\"https:\/\/schema.org\/BlogPosting\" itemprop=\"blogPost\" ><div class='avia_textblock  '   itemprop=\"text\" ><p style=\"text-align: center;\"><strong><span style=\"font-size: 18pt;\">Coordinan acciones intersectoriales ante el inminente retorno al a\u00f1o escolar<\/span><\/strong><\/p>\n<div id=\"gtx-trans\" style=\"position: absolute; left: -50px; top: 4.31534px;\">\n<div class=\"gtx-trans-icon\"><\/div>\n<\/div>\n<\/div><\/section><\/div><div class=\"flex_column av_one_full  flex_column_div av-zero-column-padding first  avia-builder-el-4  el_after_av_one_full  el_before_av_hr  column-top-margin\" style='border-radius:0px; '><section class=\"av_textblock_section \"  itemscope=\"itemscope\" itemtype=\"https:\/\/schema.org\/BlogPosting\" itemprop=\"blogPost\" ><div class='avia_textblock  '   itemprop=\"text\" ><p style=\"text-align: justify;\">Con el ingreso de los estudiantes a un nuevo ciclo escolar sumado a las personas que retornan a sus actividades laborales, las calles de todo el pa\u00eds viven episodios de un aumento significativo en el flujo vehicular, en lo que se ha denominado \u201cS\u00faper Lunes\u201d. Esto se asocia a atochamientos y algunos riesgos para la seguridad vial, como el exceso de velocidad, por ejemplo.<\/p>\n<p style=\"text-align: justify;\">A fin de definir las medidas que distintos servicios p\u00fablicos tomar\u00e1n para minimizar dichas problem\u00e1ticas, la Delegaci\u00f3n Presidencial Regional y SeremiTT encabezaron una mesa de trabajo, para coordinar y facilitar el trabajo en conjunto. El delegado Rodrigo Araya, se\u00f1al\u00f3 al respecto que \u201chabr\u00e1 un aumento en los desplazamientos lo cual implica mayor tiempo de viaje. De all\u00ed la recomendaci\u00f3n a todas las familias a que planifiquen bien y se preocupen de tener su horario de inicio del transporte de manera adecuada, para que no tengan inconveniente en la llegada, tanto al colegio como a sus trabajos\u201d.<\/p>\n<p style=\"text-align: justify;\">Desde Transportes, la seremiTT Claudia Cantero inform\u00f3 que desde el ministerio existe una planificaci\u00f3n que adem\u00e1s de la coordinaci\u00f3n intersectorial, contempla mayor fiscalizaci\u00f3n en puntos conflictivos de posible congesti\u00f3n vial, controles al transporte escolar, tanto urbano como subsidiado a sectores rurales y trabajo con transportistas escolares y el gremio de taxis colectivos.<\/p>\n<p style=\"text-align: justify;\">La autoridad sectorial enfatiz\u00f3 en la necesidad de que los padres que contraten servicios de movilizaci\u00f3n para sus hijos, se aseguren de que est\u00e9n debidamente inscritos y cumplan con las caracter\u00edsticas exigidas por el Ministerio de Transportes.\u00a0 \u201cPadres y apoderados deben verificar que el transporte escolar que usen sus hijos sea formal, que cuente con todos los permisos y que las personas est\u00e9n capacitadas y con su documentaci\u00f3n al d\u00eda, correcta, para poder trabajar con ni\u00f1os y ni\u00f1as. Vamos a seguir trabajando en esta mesa pero tambi\u00e9n fiscalizando en las calles y establecimientos educacionales para que justamente podamos tener un inicio de a\u00f1o ordenado y \u00a0podamos llevar este marzo de forma tranquila\u201d, declar\u00f3 Cantero.<\/p>\n<p style=\"text-align: justify;\">Fuad Chaban, coronel, y jefe de la Prefectura de Ays\u00e9n, indic\u00f3 que este 1 de marzo ingresan los primeros alumnos a clases para lo cual ya se han destinado los servicios para resguardar la zona escolar y facilitar el tr\u00e1nsito. \u201cA contar del d\u00eda lunes tenemos 47 establecimientos educacionales a nivel regional con personal nuestro, desde las 7 y media de la ma\u00f1ana hasta la normalizaci\u00f3n del ingreso a clases de los alumnos. Esto es en Coyhaique y Ays\u00e9n que son los que tienen mayor cantidad de colegios con gran afluencia de alumnos en la regi\u00f3n\u201d, inform\u00f3.<\/p>\n<p style=\"text-align: justify;\">Desde la municipalidad de Coyhaique, la directora de Tr\u00e1nsito Naishla Laibe habl\u00f3 de los trabajos de demarcaci\u00f3n realizado en las inmediaciones de escuelas, liceos y colegios: \u201cNosotros estamos como todos los a\u00f1os en esta fecha prepar\u00e1ndonos en la pintura, sobre todo de los pasos peatonales en las entradas y salidas de los colegios, para proteger a los ni\u00f1os. Tambi\u00e9n estamos demarcando los estacionamientos para darle preferencia al transporte escolar. Todo dirigido hacia los colegios, cosa de que puedan tener un tr\u00e1nsito fluido y seguro\u201d.<\/p>\n<p style=\"text-align: justify;\">La seremi de Educaci\u00f3n, Isabel Garrido, se refiri\u00f3 a la importancia de poder contar con un retorno a clases seguro y valor\u00f3 las acciones tomadas con este fin. \u201cEn el marco de la pol\u00edtica de reactivaci\u00f3n educativa anunciada por el Presidente Gabriel Boric, resguardar el transporte escolar,\u00a0 es clave para la asistencia escolar, uno de los ejes de la pol\u00edtica de reactivaci\u00f3n. Sabemos que va ser desafiante, en la regi\u00f3n tenemos problemas estructurales que dificultan todas las \u00e1reas del transporte, pero con la coordinaci\u00f3n intersectorial estamos ocupados en que logremos un inicio de clases \u00f3ptimo\u201d, expres\u00f3.<\/p>\n<\/div><\/section><\/div><div  style='height:50px' class='hr hr-invisible   avia-builder-el-6  el_after_av_one_full  el_before_av_social_share '><span class='hr-inner ' ><span class='hr-inner-style'><\/span><\/span><\/div><\/p>\n<div  class='av-social-sharing-box  avia-builder-el-7  el_after_av_hr  el_before_av_hr  '><div class='av-share-box'><h5 class='av-share-link-description av-no-toc '>Compartir esta noticia<\/h5><ul class='av-share-box-list noLightbox'><li class='av-share-link av-social-link-facebook' ><a target=\"_blank\" aria-label=\"Compartir en Facebook\" href='https:\/\/www.facebook.com\/sharer.php?u=https:\/\/radiorevelacionfm.cl\/?p=28314&#038;t=Coordinan%20acciones%20intersectoriales%20ante%20el%20inminente%20retorno%20al%20a%C3%B1o%20escolar' aria-hidden='false' data-av_icon='\ue8f3' data-av_iconfont='entypo-fontello' title='' data-avia-related-tooltip='Compartir en Facebook' rel=\"noopener\"><span class='avia_hidden_link_text'>Compartir en Facebook<\/span><\/a><\/li><li class='av-share-link av-social-link-twitter' ><a target=\"_blank\" aria-label=\"Compartir en Twitter\" href='https:\/\/twitter.com\/share?text=Coordinan%20acciones%20intersectoriales%20ante%20el%20inminente%20retorno%20al%20a%C3%B1o%20escolar&#038;url=https:\/\/radiorevelacionfm.cl\/?p=28314' aria-hidden='false' data-av_icon='\ue8f1' data-av_iconfont='entypo-fontello' title='' data-avia-related-tooltip='Compartir en Twitter' rel=\"noopener\"><span class='avia_hidden_link_text'>Compartir en Twitter<\/span><\/a><\/li><li class='av-share-link av-social-link-whatsapp' ><a target=\"_blank\" aria-label=\"Compartir en Whatsapp\" href='https:\/\/api.whatsapp.com\/send?text=https:\/\/radiorevelacionfm.cl\/?p=28314' aria-hidden='false' data-av_icon='\uf232' data-av_iconfont='entypo-fontello' title='' data-avia-related-tooltip='Compartir en Whatsapp' rel=\"noopener\"><span class='avia_hidden_link_text'>Compartir en Whatsapp<\/span><\/a><\/li><li class='av-share-link av-social-link-linkedin' ><a target=\"_blank\" aria-label=\"Compartir en LinkedIn\" href='https:\/\/linkedin.com\/shareArticle?mini=true&#038;title=Coordinan%20acciones%20intersectoriales%20ante%20el%20inminente%20retorno%20al%20a%C3%B1o%20escolar&#038;url=https:\/\/radiorevelacionfm.cl\/?p=28314' aria-hidden='false' data-av_icon='\ue8fc' data-av_iconfont='entypo-fontello' title='' data-avia-related-tooltip='Compartir en LinkedIn' rel=\"noopener\"><span class='avia_hidden_link_text'>Compartir en LinkedIn<\/span><\/a><\/li><li class='av-share-link av-social-link-mail' ><a  aria-label=\"Compartir por correo\" href='mailto:?subject=Coordinan%20acciones%20intersectoriales%20ante%20el%20inminente%20retorno%20al%20a%C3%B1o%20escolar&#038;body=https:\/\/radiorevelacionfm.cl\/?p=28314' aria-hidden='false' data-av_icon='\ue805' data-av_iconfont='entypo-fontello' title='' data-avia-related-tooltip='Compartir por correo'><span class='avia_hidden_link_text'>Compartir por correo<\/span><\/a><\/li><\/ul><\/div><\/div>\n<div  style='height:50px' class='hr hr-invisible   avia-builder-el-8  el_after_av_social_share  el_before_av_comments_list '><span class='hr-inner ' ><span class='hr-inner-style'><\/span><\/span><\/div>\n<div  class='av-buildercomment  av-blog-meta-html-info-disabled av-blog-meta-tag-disabled  '><\/div>\n","protected":false},"excerpt":{"rendered":"","protected":false},"author":1,"featured_media":28315,"comment_status":"open","ping_status":"open","sticky":false,"template":"","format":"standard","meta":{"footnotes":""},"categories":[38],"tags":[],"class_list":["post-28314","post","type-post","status-publish","format-standard","has-post-thumbnail","hentry","category-regional"],"jetpack_featured_media_url":"https:\/\/radiorevelacionfm.cl\/wp-content\/uploads\/2023\/03\/dsc_1421-1_optimized.jpg","_links":{"self":[{"href":"https:\/\/radiorevelacionfm.cl\/index.php?rest_route=\/wp\/v2\/posts\/28314","targetHints":{"allow":["GET"]}}],"collection":[{"href":"https:\/\/radiorevelacionfm.cl\/index.php?rest_route=\/wp\/v2\/posts"}],"about":[{"href":"https:\/\/radiorevelacionfm.cl\/index.php?rest_route=\/wp\/v2\/types\/post"}],"author":[{"embeddable":true,"href":"https:\/\/radiorevelacionfm.cl\/index.php?rest_route=\/wp\/v2\/users\/1"}],"replies":[{"embeddable":true,"href":"https:\/\/radiorevelacionfm.cl\/index.php?rest_route=%2Fwp%2Fv2%2Fcomments&post=28314"}],"version-history":[{"count":2,"href":"https:\/\/radiorevelacionfm.cl\/index.php?rest_route=\/wp\/v2\/posts\/28314\/revisions"}],"predecessor-version":[{"id":28320,"href":"https:\/\/radiorevelacionfm.cl\/index.php?rest_route=\/wp\/v2\/posts\/28314\/revisions\/28320"}],"wp:featuredmedia":[{"embeddable":true,"href":"https:\/\/radiorevelacionfm.cl\/index.php?rest_route=\/wp\/v2\/media\/28315"}],"wp:attachment":[{"href":"https:\/\/radiorevelacionfm.cl\/index.php?rest_route=%2Fwp%2Fv2%2Fmedia&parent=28314"}],"wp:term":[{"taxonomy":"category","embeddable":true,"href":"https:\/\/radiorevelacionfm.cl\/index.php?rest_route=%2Fwp%2Fv2%2Fcategories&post=28314"},{"taxonomy":"post_tag","embeddable":true,"href":"https:\/\/radiorevelacionfm.cl\/index.php?rest_route=%2Fwp%2Fv2%2Ftags&post=28314"}],"curies":[{"name":"wp","href":"https:\/\/api.w.org\/{rel}","templated":true}]}}