{"id":28310,"date":"2023-03-01T16:42:28","date_gmt":"2023-03-01T19:42:28","guid":{"rendered":"https:\/\/radiorevelacionfm.cl\/?p=28310"},"modified":"2023-03-01T16:42:28","modified_gmt":"2023-03-01T19:42:28","slug":"organizadores-del-festival-internacional-de-musica-en-la-patagonia-ya-piensan-en-la-decima-version-del-festival","status":"publish","type":"post","link":"https:\/\/radiorevelacionfm.cl\/?p=28310","title":{"rendered":"Organizadores del Festival Internacional de M\u00fasica en la Patagonia ya piensan en la d\u00e9cima versi\u00f3n del festival"},"content":{"rendered":"<div class=\"flex_column av_one_full  flex_column_div av-zero-column-padding first  avia-builder-el-0  el_before_av_one_full  avia-builder-el-first  \" style='border-radius:0px; '><div  class='avia-image-container  av-styling-    avia-builder-el-1  avia-builder-el-no-sibling  avia-align-center '  itemprop=\"image\" itemscope=\"itemscope\" itemtype=\"https:\/\/schema.org\/ImageObject\"  ><div class='avia-image-container-inner'><div class='avia-image-overlay-wrap'><img decoding=\"async\" class='wp-image-28311 avia-img-lazy-loading-not-28311 avia_image' src=\"https:\/\/radiorevelacionfm.cl\/wp-content\/uploads\/2023\/03\/DSC05741-1-1.jpg\" alt='' title='DSC05741 (1) (1)' height=\"600\" width=\"1070\"  itemprop=\"thumbnailUrl\" srcset=\"https:\/\/radiorevelacionfm.cl\/wp-content\/uploads\/2023\/03\/DSC05741-1-1.jpg 1070w, https:\/\/radiorevelacionfm.cl\/wp-content\/uploads\/2023\/03\/DSC05741-1-1-300x168.jpg 300w, https:\/\/radiorevelacionfm.cl\/wp-content\/uploads\/2023\/03\/DSC05741-1-1-1030x578.jpg 1030w, https:\/\/radiorevelacionfm.cl\/wp-content\/uploads\/2023\/03\/DSC05741-1-1-768x431.jpg 768w, https:\/\/radiorevelacionfm.cl\/wp-content\/uploads\/2023\/03\/DSC05741-1-1-705x395.jpg 705w, https:\/\/radiorevelacionfm.cl\/wp-content\/uploads\/2023\/03\/DSC05741-1-1-600x336.jpg 600w\" sizes=\"(max-width: 1070px) 100vw, 1070px\" \/><\/div><\/div><\/div><\/div><div class=\"flex_column av_one_full  flex_column_div av-zero-column-padding first  avia-builder-el-2  el_after_av_one_full  el_before_av_one_full  column-top-margin\" style='border-radius:0px; '><section class=\"av_textblock_section \"  itemscope=\"itemscope\" itemtype=\"https:\/\/schema.org\/BlogPosting\" itemprop=\"blogPost\" ><div class='avia_textblock  '   itemprop=\"text\" ><p style=\"text-align: center;\"><strong><span style=\"font-size: 18pt;\">Organizadores del Festival Internacional de M\u00fasica en la Patagonia ya piensan en la d\u00e9cima versi\u00f3n del festival<\/span><\/strong><\/p>\n<div id=\"gtx-trans\" style=\"position: absolute; left: -50px; top: 4.31534px;\">\n<div class=\"gtx-trans-icon\"><\/div>\n<\/div>\n<\/div><\/section><\/div><div class=\"flex_column av_one_full  flex_column_div av-zero-column-padding first  avia-builder-el-4  el_after_av_one_full  el_before_av_hr  column-top-margin\" style='border-radius:0px; '><section class=\"av_textblock_section \"  itemscope=\"itemscope\" itemtype=\"https:\/\/schema.org\/BlogPosting\" itemprop=\"blogPost\" ><div class='avia_textblock  '   itemprop=\"text\" ><div>\n<p class=\"v1MsoNormal\" style=\"text-align: justify;\">Con el auditorio Centro Cultural Coyhaique lleno en cada una de las cuatro jornadas y pensando en la edici\u00f3n del pr\u00f3ximo a\u00f1o, la organizaci\u00f3n del Festival Internacional de M\u00fasica en la Patagonia (FIMP) sac\u00f3 conclusiones positivas tras la \u00faltima edici\u00f3n de este festival.<\/p>\n<p class=\"v1MsoNormal\" style=\"text-align: justify;\">En esta edici\u00f3n del FIMP, que fue organizado por la Fundaci\u00f3n Internacional para la M\u00fasica en la Patagonia, patrocinado por la Agrupaci\u00f3n Musical FIMP y financiado por el Fondo de la M\u00fasica, L\u00ednea de M\u00fasica en Vivo, Modalidad Festivales de Trayectoria, Convocatoria\u00a02023, se presentaron Jos\u00e9 Antonio Escobar y el Cuarteto Soro, adem\u00e1s de diversos m\u00fasicos regionales: el guitarrista Juan Mouras, el tenor Alejandro Vernal y los pianistas Mat\u00edas S\u00e1ez, Ricardo Bahamondez e Ignacio Gonz\u00e1lez.<\/p>\n<p class=\"v1MsoNormal\" style=\"text-align: justify;\">Tras dos ediciones que fueron afectadas por la pandemia del coronavirus, en donde se vio mermada la asistencia del p\u00fablico por razones sanitarias, esta novena edici\u00f3n tuvo una destacada recepci\u00f3n por parte de los coyhaiquinos, quienes colmaron el auditorio del Centro Cultural Coyhaique en los cuatro conciertos que se realizaron, lo que fue destacado por los organizadores.<\/p>\n<p class=\"v1MsoNormal\" style=\"text-align: justify;\">\u00abEn el primer y segundo a\u00f1o, si bien el auditorio siempre estaba lleno, la gente todav\u00eda no se sent\u00eda parte del festival. Y creo que esta semana experimentamos algo que al menos yo no hab\u00eda visto, que es que la comunidad que ya ha venido muchas veces, se siente parte del festival. Entonces con todas las personas que nos han colaborado en el hotel, el restor\u00e1n, el equipo que va creciendo y el mismo p\u00fablico, vamos creando una familia y ese calor se siente\u00bb, se\u00f1al\u00f3 Ricardo Bahamondez, organizador y pianista, quien se present\u00f3 en el concierto de clausura.<\/p>\n<p class=\"v1MsoNormal\" style=\"text-align: justify;\">La participaci\u00f3n masiva del p\u00fablico y el cari\u00f1o demostrado tambi\u00e9n fue destacada por los artistas, tal como lo se\u00f1al\u00f3 Jos\u00e9 Antonio Escobar, guitarrista chileno que se ha destacado a nivel internacional y que pasa gran parte de su tiempo haciendo giras por el extranjero.<\/p>\n<p class=\"v1MsoNormal\" style=\"text-align: justify;\">\u00abPara m\u00ed es una felicidad poder tocar en festivales de este tipo, en mi pa\u00eds, en Chile. Siempre ando viajando en el extranjero, entonces cuando estoy ac\u00e1 siento un cari\u00f1o especial de la gente, hay otra atm\u00f3sfera en donde me hacen sentir como en casa. La organizaci\u00f3n ha estado genial, todos los m\u00fasicos de alt\u00edsimo nivel y el p\u00fablico ha sido muy generoso y part\u00edcipe, al igual que los estudiantes. As\u00ed que esperemos que este festival se siga realizando a trav\u00e9s del tiempo\u00bb, se\u00f1al\u00f3 Jos\u00e9 Antonio Escobar.<\/p>\n<p class=\"v1MsoNormal\" style=\"text-align: justify;\"><b>10\u00b0 ANIVERSARIO<\/b><\/p>\n<p class=\"v1MsoNormal\" style=\"text-align: justify;\">Esta edici\u00f3n del FIMP concluy\u00f3 con un importante mensaje de los organizadores respecto a la pr\u00f3xima edici\u00f3n del festival, cuando se cumpla una d\u00e9cada desde su inicio, en donde esperan contar con la participaci\u00f3n de toda la comunidad coyhaiquina.<\/p>\n<p class=\"v1MsoNormal\" style=\"text-align: justify;\">\u00abEl d\u00e9cimo festival se viene con todo y lo construiremos entre todos, as\u00ed que si todos pueden colaborar ser\u00eda fenomenal. Y la colaboraci\u00f3n no es s\u00f3lo econ\u00f3mica o con trabajo, sino que pensamos en armar una obra que ya se va a anunciar, en la que participar\u00e1 la comunidad musical de Coyhaique, no solamente con m\u00fasicos invitados, sino que la misma gente de la zona\u00bb, se\u00f1al\u00f3 Ricardo Bahamondez.<\/p>\n<p class=\"v1MsoNormal\" style=\"text-align: justify;\">Desde la organizaci\u00f3n hicieron una invitaci\u00f3n a mantenerse informados por las redes sociales del festival, en donde pronto se anunciar\u00e1n las sorpresas para la d\u00e9cima edici\u00f3n de este ya tradicional evento del verano coyhaiquino.<\/p>\n<\/div>\n<div style=\"text-align: justify;\"><\/div>\n<\/div><\/section><\/div><div  style='height:50px' class='hr hr-invisible   avia-builder-el-6  el_after_av_one_full  el_before_av_social_share '><span class='hr-inner ' ><span class='hr-inner-style'><\/span><\/span><\/div><\/p>\n<div  class='av-social-sharing-box  avia-builder-el-7  el_after_av_hr  el_before_av_hr  '><div class='av-share-box'><h5 class='av-share-link-description av-no-toc '>Compartir esta noticia<\/h5><ul class='av-share-box-list noLightbox'><li class='av-share-link av-social-link-facebook' ><a target=\"_blank\" aria-label=\"Compartir en Facebook\" href='https:\/\/www.facebook.com\/sharer.php?u=https:\/\/radiorevelacionfm.cl\/?p=28310&#038;t=Organizadores%20del%20Festival%20Internacional%20de%20M%C3%BAsica%20en%20la%20Patagonia%20ya%20piensan%20en%20la%20d%C3%A9cima%20versi%C3%B3n%20del%20festival' aria-hidden='false' data-av_icon='\ue8f3' data-av_iconfont='entypo-fontello' title='' data-avia-related-tooltip='Compartir en Facebook' rel=\"noopener\"><span class='avia_hidden_link_text'>Compartir en Facebook<\/span><\/a><\/li><li class='av-share-link av-social-link-twitter' ><a target=\"_blank\" aria-label=\"Compartir en Twitter\" href='https:\/\/twitter.com\/share?text=Organizadores%20del%20Festival%20Internacional%20de%20M%C3%BAsica%20en%20la%20Patagonia%20ya%20piensan%20en%20la%20d%C3%A9cima%20versi%C3%B3n%20del%20festival&#038;url=https:\/\/radiorevelacionfm.cl\/?p=28310' aria-hidden='false' data-av_icon='\ue8f1' data-av_iconfont='entypo-fontello' title='' data-avia-related-tooltip='Compartir en Twitter' rel=\"noopener\"><span class='avia_hidden_link_text'>Compartir en Twitter<\/span><\/a><\/li><li class='av-share-link av-social-link-whatsapp' ><a target=\"_blank\" aria-label=\"Compartir en Whatsapp\" href='https:\/\/api.whatsapp.com\/send?text=https:\/\/radiorevelacionfm.cl\/?p=28310' aria-hidden='false' data-av_icon='\uf232' data-av_iconfont='entypo-fontello' title='' data-avia-related-tooltip='Compartir en Whatsapp' rel=\"noopener\"><span class='avia_hidden_link_text'>Compartir en Whatsapp<\/span><\/a><\/li><li class='av-share-link av-social-link-linkedin' ><a target=\"_blank\" aria-label=\"Compartir en LinkedIn\" href='https:\/\/linkedin.com\/shareArticle?mini=true&#038;title=Organizadores%20del%20Festival%20Internacional%20de%20M%C3%BAsica%20en%20la%20Patagonia%20ya%20piensan%20en%20la%20d%C3%A9cima%20versi%C3%B3n%20del%20festival&#038;url=https:\/\/radiorevelacionfm.cl\/?p=28310' aria-hidden='false' data-av_icon='\ue8fc' data-av_iconfont='entypo-fontello' title='' data-avia-related-tooltip='Compartir en LinkedIn' rel=\"noopener\"><span class='avia_hidden_link_text'>Compartir en LinkedIn<\/span><\/a><\/li><li class='av-share-link av-social-link-mail' ><a  aria-label=\"Compartir por correo\" href='mailto:?subject=Organizadores%20del%20Festival%20Internacional%20de%20M%C3%BAsica%20en%20la%20Patagonia%20ya%20piensan%20en%20la%20d%C3%A9cima%20versi%C3%B3n%20del%20festival&#038;body=https:\/\/radiorevelacionfm.cl\/?p=28310' aria-hidden='false' data-av_icon='\ue805' data-av_iconfont='entypo-fontello' title='' data-avia-related-tooltip='Compartir por correo'><span class='avia_hidden_link_text'>Compartir por correo<\/span><\/a><\/li><\/ul><\/div><\/div>\n<div  style='height:50px' class='hr hr-invisible   avia-builder-el-8  el_after_av_social_share  el_before_av_comments_list '><span class='hr-inner ' ><span class='hr-inner-style'><\/span><\/span><\/div>\n<div  class='av-buildercomment  av-blog-meta-html-info-disabled av-blog-meta-tag-disabled  '><\/div>\n","protected":false},"excerpt":{"rendered":"","protected":false},"author":1,"featured_media":28311,"comment_status":"open","ping_status":"open","sticky":false,"template":"","format":"standard","meta":{"footnotes":""},"categories":[52],"tags":[],"class_list":["post-28310","post","type-post","status-publish","format-standard","has-post-thumbnail","hentry","category-cultura"],"jetpack_featured_media_url":"https:\/\/radiorevelacionfm.cl\/wp-content\/uploads\/2023\/03\/DSC05741-1-1.jpg","_links":{"self":[{"href":"https:\/\/radiorevelacionfm.cl\/index.php?rest_route=\/wp\/v2\/posts\/28310","targetHints":{"allow":["GET"]}}],"collection":[{"href":"https:\/\/radiorevelacionfm.cl\/index.php?rest_route=\/wp\/v2\/posts"}],"about":[{"href":"https:\/\/radiorevelacionfm.cl\/index.php?rest_route=\/wp\/v2\/types\/post"}],"author":[{"embeddable":true,"href":"https:\/\/radiorevelacionfm.cl\/index.php?rest_route=\/wp\/v2\/users\/1"}],"replies":[{"embeddable":true,"href":"https:\/\/radiorevelacionfm.cl\/index.php?rest_route=%2Fwp%2Fv2%2Fcomments&post=28310"}],"version-history":[{"count":2,"href":"https:\/\/radiorevelacionfm.cl\/index.php?rest_route=\/wp\/v2\/posts\/28310\/revisions"}],"predecessor-version":[{"id":28313,"href":"https:\/\/radiorevelacionfm.cl\/index.php?rest_route=\/wp\/v2\/posts\/28310\/revisions\/28313"}],"wp:featuredmedia":[{"embeddable":true,"href":"https:\/\/radiorevelacionfm.cl\/index.php?rest_route=\/wp\/v2\/media\/28311"}],"wp:attachment":[{"href":"https:\/\/radiorevelacionfm.cl\/index.php?rest_route=%2Fwp%2Fv2%2Fmedia&parent=28310"}],"wp:term":[{"taxonomy":"category","embeddable":true,"href":"https:\/\/radiorevelacionfm.cl\/index.php?rest_route=%2Fwp%2Fv2%2Fcategories&post=28310"},{"taxonomy":"post_tag","embeddable":true,"href":"https:\/\/radiorevelacionfm.cl\/index.php?rest_route=%2Fwp%2Fv2%2Ftags&post=28310"}],"curies":[{"name":"wp","href":"https:\/\/api.w.org\/{rel}","templated":true}]}}