{"id":28300,"date":"2023-03-01T12:30:43","date_gmt":"2023-03-01T15:30:43","guid":{"rendered":"https:\/\/radiorevelacionfm.cl\/?p=28300"},"modified":"2023-03-01T12:30:43","modified_gmt":"2023-03-01T15:30:43","slug":"dan-inicio-al-proyecto-de-mejoramiento-de-infraestructura-en-el-parque-nacional-patagonia-sector-jeinimeni","status":"publish","type":"post","link":"https:\/\/radiorevelacionfm.cl\/?p=28300","title":{"rendered":"Dan inicio al proyecto de mejoramiento de infraestructura en el Parque Nacional Patagonia, sector Jeinimeni"},"content":{"rendered":"<div class=\"flex_column av_one_full  flex_column_div av-zero-column-padding first  avia-builder-el-0  el_before_av_one_full  avia-builder-el-first  \" style='border-radius:0px; '><div  class='avia-image-container  av-styling-    avia-builder-el-1  avia-builder-el-no-sibling  avia-align-center '  itemprop=\"image\" itemscope=\"itemscope\" itemtype=\"https:\/\/schema.org\/ImageObject\"  ><div class='avia-image-container-inner'><div class='avia-image-overlay-wrap'><img decoding=\"async\" class='wp-image-28301 avia-img-lazy-loading-not-28301 avia_image' src=\"https:\/\/radiorevelacionfm.cl\/wp-content\/uploads\/2023\/03\/cueva-de-las-manos-1_optimized-1.jpg\" alt='' title='cueva-de-las-manos-(1)_optimized (1)' height=\"600\" width=\"800\"  itemprop=\"thumbnailUrl\" srcset=\"https:\/\/radiorevelacionfm.cl\/wp-content\/uploads\/2023\/03\/cueva-de-las-manos-1_optimized-1.jpg 800w, https:\/\/radiorevelacionfm.cl\/wp-content\/uploads\/2023\/03\/cueva-de-las-manos-1_optimized-1-300x225.jpg 300w, https:\/\/radiorevelacionfm.cl\/wp-content\/uploads\/2023\/03\/cueva-de-las-manos-1_optimized-1-768x576.jpg 768w, https:\/\/radiorevelacionfm.cl\/wp-content\/uploads\/2023\/03\/cueva-de-las-manos-1_optimized-1-705x529.jpg 705w, https:\/\/radiorevelacionfm.cl\/wp-content\/uploads\/2023\/03\/cueva-de-las-manos-1_optimized-1-600x450.jpg 600w\" sizes=\"(max-width: 800px) 100vw, 800px\" \/><\/div><\/div><\/div><\/div><div class=\"flex_column av_one_full  flex_column_div av-zero-column-padding first  avia-builder-el-2  el_after_av_one_full  el_before_av_one_full  column-top-margin\" style='border-radius:0px; '><section class=\"av_textblock_section \"  itemscope=\"itemscope\" itemtype=\"https:\/\/schema.org\/BlogPosting\" itemprop=\"blogPost\" ><div class='avia_textblock  '   itemprop=\"text\" ><p style=\"text-align: center;\"><strong><span style=\"font-size: 18pt;\">Dan inicio al proyecto de mejoramiento de infraestructura en el Parque Nacional Patagonia, sector Jeinimeni<\/span><\/strong><\/p>\n<div id=\"gtx-trans\" style=\"position: absolute; left: -50px; top: 4.31534px;\">\n<div class=\"gtx-trans-icon\"><\/div>\n<\/div>\n<\/div><\/section><\/div><div class=\"flex_column av_one_full  flex_column_div av-zero-column-padding first  avia-builder-el-4  el_after_av_one_full  el_before_av_hr  column-top-margin\" style='border-radius:0px; '><section class=\"av_textblock_section \"  itemscope=\"itemscope\" itemtype=\"https:\/\/schema.org\/BlogPosting\" itemprop=\"blogPost\" ><div class='avia_textblock  '   itemprop=\"text\" ><p style=\"font-weight: 400; text-align: justify;\">El proyecto considera la construcci\u00f3n de un sendero de 7.5 km en las \u00e1reas de la Piedra Clavada, Cueva de las Manos y Valle Lunar, que contar\u00e1 con miradores, puentes, elementos de protecci\u00f3n, entre otros.<\/p>\n<p style=\"font-weight: 400; text-align: justify;\">\u201cYo soy nacido ac\u00e1 en Chile Chico, con mi familia ven\u00edamos ac\u00e1 a pescar y recorrer, en un camino m\u00e1s polvoriento que el de hoy, y ya en esa \u00e9poca algunos so\u00f1aban con turismo, cuando llegaban 4-5 turistas en la Pilchero\u201d, Con ese recuerdo el Seremi de Obras P\u00fablicas, Patricio Sanhueza, graficaba c\u00f3mo esta obra avanza en un viejo anhelo de la comunidad, dando un salto de calidad en la infraestructura con la que se cuenta en el Parque Nacional Patagonia en el circuito sector Piedra Clavada.<\/p>\n<p style=\"font-weight: 400; text-align: justify;\">Hasta la base del trayecto que lleva a los atractivos Piedra Clavada, Cueva de las Manos y Valle Lunar, lleg\u00f3 la Directora Nacional de Arquitectura del MOP, Loreto Wahr, su par regional, Paola Az\u00f3car, el Seremi de Obras P\u00fablicas, Patricio Sanhueza, junto al equipo regional del MOP, el Delegado Presidencial Provincial de General Carrera, Crist\u00f3bal Barcel\u00f3, representantes de CONAF y los operadores tur\u00edsticos de Chile Chico, para dar inicio al proyecto que construir\u00e1 un sendero de m\u00e1s de 7 kil\u00f3metros.<\/p>\n<p style=\"font-weight: 400; text-align: justify;\">En el lugar la directora nacional de Arquitectura, Loreto Wahr, recalc\u00f3 la importancia de la obra destacando que \u201cLa regi\u00f3n de Ays\u00e9n tiene un potencial tur\u00edstico y de desarrollo gigante y se requiere de una infraestructura pertinente, adecuada, que facilite y haga m\u00e1s amigables estos senderos. Si bien el paisaje contribuye de una manera infinitamente gigante, porque es una maravilla estar ac\u00e1, se necesitan ciertas facilidades que puedan prestar servicios a quienes visitan el lugar y de alguna manera van fortaleciendo este potencial tur\u00edstico\u201d cerr\u00f3 la autoridad nacional.<\/p>\n<p style=\"font-weight: 400; text-align: justify;\">Por su parte\u00a0el Seremi de Obras P\u00fablicas, Patricio Sanhueza, reflexion\u00f3 \u201cEs una inversi\u00f3n del orden de los $1.700 millones y son m\u00e1s de 7.400 metros, que es la obra, que son pesos, pero la verdad es que atr\u00e1s de esto hay sue\u00f1os, hay esperanza\u201d a lo que sum\u00f3 \u201cPara m\u00ed las obras no son solo pesos, no son solo plata. Hay que colocarle alma y coraz\u00f3n y eso es lo que hoy estamos haciendo\u201d coment\u00f3 el chilechiquense Sanhueza.<\/p>\n<p style=\"font-weight: 400; text-align: justify;\">Por su parte la autoridad provincial, Crist\u00f3bal Barcel\u00f3, agreg\u00f3 \u201cTodo el turismo para potenciar una zona se va desarrollando con distintos actores, con distintos sectores. Es algo de lo que estamos ocupados y preocupados. Es algo del mandato de nuestro Presidente Gabriel Boric, tener este contacto con las comunidades y saber cu\u00e1les son las necesidades que tiene cada uno de ustedes. Feliz por esta obra que se va a iniciar\u201d asever\u00f3 Barcel\u00f3 Veas.<\/p>\n<p style=\"font-weight: 400; text-align: justify;\">Juan Cordero, quien es operador tur\u00edstico en Chile Chico, asisti\u00f3 a la ceremonia y opin\u00f3 \u201cUno ve c\u00f3mo van progresando las cosas y c\u00f3mo va cambiando la situaci\u00f3n del poblado donde vivimos, donde mucha gente que es nacida y criada ac\u00e1 ha hecho una apuesta de ir cambiando las actividades originales que ellos desarrollaban, a apostar por el turismo y c\u00f3mo una especie de alianza p\u00fablico-privada ha ido permitiendo ir concretando esos sue\u00f1os\u201d.<\/p>\n<p style=\"font-weight: 400; text-align: justify;\">El proyecto \u201cConstrucci\u00f3n infraestructura Cueva de las Manos Sector Jeinimeni, Parque Nacional Patagonia \u2013 Senderos\u201d contempla una inversi\u00f3n de m\u00e1s de $1.600 millones por parte del Gobierno Regional bajo la supervisi\u00f3n t\u00e9cnica de la Direcci\u00f3n de Arquitectura MOP y permitir\u00e1 la construcci\u00f3n de 7.470 m de senderos, de los cuales 1.090 m contar\u00e1n con accesibilidad universal, al igual que sus estacionamientos. Adicionalmente, el proyecto consigna trabajos de monitoreo arqueol\u00f3gico y levantamiento en sitio Cueva de las Manos.<\/p>\n<\/div><\/section><\/div><div  style='height:50px' class='hr hr-invisible   avia-builder-el-6  el_after_av_one_full  el_before_av_social_share '><span class='hr-inner ' ><span class='hr-inner-style'><\/span><\/span><\/div><\/p>\n<div  class='av-social-sharing-box  avia-builder-el-7  el_after_av_hr  el_before_av_hr  '><div class='av-share-box'><h5 class='av-share-link-description av-no-toc '>Compartir esta noticia<\/h5><ul class='av-share-box-list noLightbox'><li class='av-share-link av-social-link-facebook' ><a target=\"_blank\" aria-label=\"Compartir en Facebook\" href='https:\/\/www.facebook.com\/sharer.php?u=https:\/\/radiorevelacionfm.cl\/?p=28300&#038;t=Dan%20inicio%20al%20proyecto%20de%20mejoramiento%20de%20infraestructura%20en%20el%20Parque%20Nacional%20Patagonia%2C%20sector%20Jeinimeni' aria-hidden='false' data-av_icon='\ue8f3' data-av_iconfont='entypo-fontello' title='' data-avia-related-tooltip='Compartir en Facebook' rel=\"noopener\"><span class='avia_hidden_link_text'>Compartir en Facebook<\/span><\/a><\/li><li class='av-share-link av-social-link-twitter' ><a target=\"_blank\" aria-label=\"Compartir en Twitter\" href='https:\/\/twitter.com\/share?text=Dan%20inicio%20al%20proyecto%20de%20mejoramiento%20de%20infraestructura%20en%20el%20Parque%20Nacional%20Patagonia%2C%20sector%20Jeinimeni&#038;url=https:\/\/radiorevelacionfm.cl\/?p=28300' aria-hidden='false' data-av_icon='\ue8f1' data-av_iconfont='entypo-fontello' title='' data-avia-related-tooltip='Compartir en Twitter' rel=\"noopener\"><span class='avia_hidden_link_text'>Compartir en Twitter<\/span><\/a><\/li><li class='av-share-link av-social-link-whatsapp' ><a target=\"_blank\" aria-label=\"Compartir en Whatsapp\" href='https:\/\/api.whatsapp.com\/send?text=https:\/\/radiorevelacionfm.cl\/?p=28300' aria-hidden='false' data-av_icon='\uf232' data-av_iconfont='entypo-fontello' title='' data-avia-related-tooltip='Compartir en Whatsapp' rel=\"noopener\"><span class='avia_hidden_link_text'>Compartir en Whatsapp<\/span><\/a><\/li><li class='av-share-link av-social-link-linkedin' ><a target=\"_blank\" aria-label=\"Compartir en LinkedIn\" href='https:\/\/linkedin.com\/shareArticle?mini=true&#038;title=Dan%20inicio%20al%20proyecto%20de%20mejoramiento%20de%20infraestructura%20en%20el%20Parque%20Nacional%20Patagonia%2C%20sector%20Jeinimeni&#038;url=https:\/\/radiorevelacionfm.cl\/?p=28300' aria-hidden='false' data-av_icon='\ue8fc' data-av_iconfont='entypo-fontello' title='' data-avia-related-tooltip='Compartir en LinkedIn' rel=\"noopener\"><span class='avia_hidden_link_text'>Compartir en LinkedIn<\/span><\/a><\/li><li class='av-share-link av-social-link-mail' ><a  aria-label=\"Compartir por correo\" href='mailto:?subject=Dan%20inicio%20al%20proyecto%20de%20mejoramiento%20de%20infraestructura%20en%20el%20Parque%20Nacional%20Patagonia%2C%20sector%20Jeinimeni&#038;body=https:\/\/radiorevelacionfm.cl\/?p=28300' aria-hidden='false' data-av_icon='\ue805' data-av_iconfont='entypo-fontello' title='' data-avia-related-tooltip='Compartir por correo'><span class='avia_hidden_link_text'>Compartir por correo<\/span><\/a><\/li><\/ul><\/div><\/div>\n<div  style='height:50px' class='hr hr-invisible   avia-builder-el-8  el_after_av_social_share  el_before_av_comments_list '><span class='hr-inner ' ><span class='hr-inner-style'><\/span><\/span><\/div>\n<div  class='av-buildercomment  av-blog-meta-html-info-disabled av-blog-meta-tag-disabled  '><\/div>\n","protected":false},"excerpt":{"rendered":"","protected":false},"author":1,"featured_media":28301,"comment_status":"open","ping_status":"open","sticky":false,"template":"","format":"standard","meta":{"footnotes":""},"categories":[38],"tags":[],"class_list":["post-28300","post","type-post","status-publish","format-standard","has-post-thumbnail","hentry","category-regional"],"jetpack_featured_media_url":"https:\/\/radiorevelacionfm.cl\/wp-content\/uploads\/2023\/03\/cueva-de-las-manos-1_optimized-1.jpg","_links":{"self":[{"href":"https:\/\/radiorevelacionfm.cl\/index.php?rest_route=\/wp\/v2\/posts\/28300","targetHints":{"allow":["GET"]}}],"collection":[{"href":"https:\/\/radiorevelacionfm.cl\/index.php?rest_route=\/wp\/v2\/posts"}],"about":[{"href":"https:\/\/radiorevelacionfm.cl\/index.php?rest_route=\/wp\/v2\/types\/post"}],"author":[{"embeddable":true,"href":"https:\/\/radiorevelacionfm.cl\/index.php?rest_route=\/wp\/v2\/users\/1"}],"replies":[{"embeddable":true,"href":"https:\/\/radiorevelacionfm.cl\/index.php?rest_route=%2Fwp%2Fv2%2Fcomments&post=28300"}],"version-history":[{"count":2,"href":"https:\/\/radiorevelacionfm.cl\/index.php?rest_route=\/wp\/v2\/posts\/28300\/revisions"}],"predecessor-version":[{"id":28303,"href":"https:\/\/radiorevelacionfm.cl\/index.php?rest_route=\/wp\/v2\/posts\/28300\/revisions\/28303"}],"wp:featuredmedia":[{"embeddable":true,"href":"https:\/\/radiorevelacionfm.cl\/index.php?rest_route=\/wp\/v2\/media\/28301"}],"wp:attachment":[{"href":"https:\/\/radiorevelacionfm.cl\/index.php?rest_route=%2Fwp%2Fv2%2Fmedia&parent=28300"}],"wp:term":[{"taxonomy":"category","embeddable":true,"href":"https:\/\/radiorevelacionfm.cl\/index.php?rest_route=%2Fwp%2Fv2%2Fcategories&post=28300"},{"taxonomy":"post_tag","embeddable":true,"href":"https:\/\/radiorevelacionfm.cl\/index.php?rest_route=%2Fwp%2Fv2%2Ftags&post=28300"}],"curies":[{"name":"wp","href":"https:\/\/api.w.org\/{rel}","templated":true}]}}