{"id":28288,"date":"2023-03-01T10:38:13","date_gmt":"2023-03-01T13:38:13","guid":{"rendered":"https:\/\/radiorevelacionfm.cl\/?p=28288"},"modified":"2023-03-01T10:38:13","modified_gmt":"2023-03-01T13:38:13","slug":"emporcha-valora-inauguracion-de-nuevo-terminal-de-pasajeros-de-puerto-cisnes","status":"publish","type":"post","link":"https:\/\/radiorevelacionfm.cl\/?p=28288","title":{"rendered":"Emporcha valora inauguraci\u00f3n de nuevo Terminal de Pasajeros de Puerto Cisnes"},"content":{"rendered":"<div class=\"flex_column av_one_full  flex_column_div av-zero-column-padding first  avia-builder-el-0  el_before_av_one_full  avia-builder-el-first  \" style='border-radius:0px; '><div  class='avia-image-container  av-styling-    avia-builder-el-1  avia-builder-el-no-sibling  avia-align-center '  itemprop=\"image\" itemscope=\"itemscope\" itemtype=\"https:\/\/schema.org\/ImageObject\"  ><div class='avia-image-container-inner'><div class='avia-image-overlay-wrap'><img decoding=\"async\" class='wp-image-28289 avia-img-lazy-loading-not-28289 avia_image' src=\"https:\/\/radiorevelacionfm.cl\/wp-content\/uploads\/2023\/03\/inaguracion-puerto-cisnes-2-1_optimized.jpg\" alt='' title='inaguraci\u00f3n-puerto-cisnes-2-(1)_optimized' height=\"600\" width=\"901\"  itemprop=\"thumbnailUrl\" srcset=\"https:\/\/radiorevelacionfm.cl\/wp-content\/uploads\/2023\/03\/inaguracion-puerto-cisnes-2-1_optimized.jpg 901w, https:\/\/radiorevelacionfm.cl\/wp-content\/uploads\/2023\/03\/inaguracion-puerto-cisnes-2-1_optimized-300x200.jpg 300w, https:\/\/radiorevelacionfm.cl\/wp-content\/uploads\/2023\/03\/inaguracion-puerto-cisnes-2-1_optimized-768x511.jpg 768w, https:\/\/radiorevelacionfm.cl\/wp-content\/uploads\/2023\/03\/inaguracion-puerto-cisnes-2-1_optimized-705x469.jpg 705w, https:\/\/radiorevelacionfm.cl\/wp-content\/uploads\/2023\/03\/inaguracion-puerto-cisnes-2-1_optimized-600x400.jpg 600w\" sizes=\"(max-width: 901px) 100vw, 901px\" \/><\/div><\/div><\/div><\/div><div class=\"flex_column av_one_full  flex_column_div av-zero-column-padding first  avia-builder-el-2  el_after_av_one_full  el_before_av_one_full  column-top-margin\" style='border-radius:0px; '><section class=\"av_textblock_section \"  itemscope=\"itemscope\" itemtype=\"https:\/\/schema.org\/BlogPosting\" itemprop=\"blogPost\" ><div class='avia_textblock  '   itemprop=\"text\" ><p style=\"text-align: center;\"><strong><span style=\"font-size: 18pt;\">Emporcha valora inauguraci\u00f3n de nuevo Terminal de Pasajeros de Puerto Cisnes<\/span><\/strong><\/p>\n<div id=\"gtx-trans\" style=\"position: absolute; left: -50px; top: 4.31534px;\">\n<div class=\"gtx-trans-icon\"><\/div>\n<\/div>\n<\/div><\/section><\/div><div class=\"flex_column av_one_full  flex_column_div av-zero-column-padding first  avia-builder-el-4  el_after_av_one_full  el_before_av_hr  column-top-margin\" style='border-radius:0px; '><section class=\"av_textblock_section \"  itemscope=\"itemscope\" itemtype=\"https:\/\/schema.org\/BlogPosting\" itemprop=\"blogPost\" ><div class='avia_textblock  '   itemprop=\"text\" ><p style=\"text-align: justify;\"><em>Obra impulsada por el MOP, por m\u00e1s de $ 2 mil millones, ser\u00e1 administrada por Emporcha y beneficiar\u00e1 a m\u00e1s de 6 mil personas.<\/em><\/p>\n<p style=\"text-align: justify;\">\u201cEste nuevo Terminal es una obra necesaria, muy bienvenida porque ayuda a mejorar la experiencia de los vecinos y usuarios de los servicios de conectividad regional, y adem\u00e1s inaugura un nuevo est\u00e1ndar para la atenci\u00f3n de miles de personas que d\u00eda a d\u00eda hacen patria en los territorios de la Regi\u00f3n de Ays\u00e9n\u201d.<\/p>\n<p style=\"text-align: justify;\">Con estas palabras el gerente general de Empresa Portuaria Chacabuco (Emporcha) celebr\u00f3 la reciente inauguraci\u00f3n del nuevo Terminal de Pasajeros de Puerto Cisnes, obra ejecutada y financiada por el Ministerio de Obras P\u00fablicas (MOP), a trav\u00e9s de su Direcci\u00f3n de Obras Portuarias (DOP).<\/p>\n<p style=\"text-align: justify;\">La infraestructura, que supuso una inversi\u00f3n de m\u00e1s de 2 mil millones de pesos, fue presentada en sociedad el pasado 17 de febrero, en una ceremonia que cont\u00f3 con participaci\u00f3n de la gobernadora regional, Andrea Mac\u00edas; del delegado presidencial, Rodrigo Araya; el seremi de Obras P\u00fablicas, Patricio Sanhueza; el alcalde de Puerto Cisnes, Francisco Roncagliolo, y el gerente de Puerto Chacabuco, Felipe Candia, adem\u00e1s de vecinos y otros representantes locales.<\/p>\n<p style=\"text-align: justify;\">En poco m\u00e1s de 510 metros cuadrados -adem\u00e1s de 1.450 metros en estacionamientos pavimentados- la obra tiene una gran sala de espera calefaccionada para pasajeros, salas multiprop\u00f3sitos, servicios higi\u00e9nicos y oficinas para los distintos servicios que operan, entre ellos Emporcha, Aduanas, la PDI y otros entes p\u00fablicos.<\/p>\n<p style=\"text-align: justify;\">Ser\u00e1n cerca de 6.500 personas las que se ver\u00e1n beneficiadas con la puesta en marcha de este nuevo recinto, que -en el marco del convenio entre la DOP y Emporcha- ser\u00e1 administrado por la empresa portuaria, como parte del rol social que la portuaria est\u00e1 desempe\u00f1ando a trav\u00e9s de la gesti\u00f3n de terminales del litoral norte de la regi\u00f3n, que incorpora adem\u00e1s de Puerto Cisnes el manejo de infraestructura en Gala, Melinka, Puerto Aguirre y Ra\u00fal Mar\u00edn Balmaceda.<\/p>\n<p style=\"text-align: justify;\">\u201cEstas obras tienen un profundo sentido regional, de utilidad p\u00fablica y permite que nuestros territorios logren avanzar paulatinamente hacia un nivel de desarrollo similar al que tienen otras regiones del pa\u00eds. Sumar mejor infraestructura al servicio de las personas, en un tema de tanto impacto en su vida cotidiana, como es poder conectarse con el resto de Chile, ahora en un espacio c\u00f3modo, agradable y de buena calidad, es sin duda un acierto\u201d, a\u00f1adi\u00f3 el ejecutivo de la portuaria estatal.<\/p>\n<\/div><\/section><\/div><div  style='height:50px' class='hr hr-invisible   avia-builder-el-6  el_after_av_one_full  el_before_av_social_share '><span class='hr-inner ' ><span class='hr-inner-style'><\/span><\/span><\/div><\/p>\n<div  class='av-social-sharing-box  avia-builder-el-7  el_after_av_hr  el_before_av_hr  '><div class='av-share-box'><h5 class='av-share-link-description av-no-toc '>Compartir esta noticia<\/h5><ul class='av-share-box-list noLightbox'><li class='av-share-link av-social-link-facebook' ><a target=\"_blank\" aria-label=\"Compartir en Facebook\" href='https:\/\/www.facebook.com\/sharer.php?u=https:\/\/radiorevelacionfm.cl\/?p=28288&#038;t=Emporcha%20valora%20inauguraci%C3%B3n%20de%20nuevo%20Terminal%20de%20Pasajeros%20de%20Puerto%20Cisnes' aria-hidden='false' data-av_icon='\ue8f3' data-av_iconfont='entypo-fontello' title='' data-avia-related-tooltip='Compartir en Facebook' rel=\"noopener\"><span class='avia_hidden_link_text'>Compartir en Facebook<\/span><\/a><\/li><li class='av-share-link av-social-link-twitter' ><a target=\"_blank\" aria-label=\"Compartir en Twitter\" href='https:\/\/twitter.com\/share?text=Emporcha%20valora%20inauguraci%C3%B3n%20de%20nuevo%20Terminal%20de%20Pasajeros%20de%20Puerto%20Cisnes&#038;url=https:\/\/radiorevelacionfm.cl\/?p=28288' aria-hidden='false' data-av_icon='\ue8f1' data-av_iconfont='entypo-fontello' title='' data-avia-related-tooltip='Compartir en Twitter' rel=\"noopener\"><span class='avia_hidden_link_text'>Compartir en Twitter<\/span><\/a><\/li><li class='av-share-link av-social-link-whatsapp' ><a target=\"_blank\" aria-label=\"Compartir en Whatsapp\" href='https:\/\/api.whatsapp.com\/send?text=https:\/\/radiorevelacionfm.cl\/?p=28288' aria-hidden='false' data-av_icon='\uf232' data-av_iconfont='entypo-fontello' title='' data-avia-related-tooltip='Compartir en Whatsapp' rel=\"noopener\"><span class='avia_hidden_link_text'>Compartir en Whatsapp<\/span><\/a><\/li><li class='av-share-link av-social-link-linkedin' ><a target=\"_blank\" aria-label=\"Compartir en LinkedIn\" href='https:\/\/linkedin.com\/shareArticle?mini=true&#038;title=Emporcha%20valora%20inauguraci%C3%B3n%20de%20nuevo%20Terminal%20de%20Pasajeros%20de%20Puerto%20Cisnes&#038;url=https:\/\/radiorevelacionfm.cl\/?p=28288' aria-hidden='false' data-av_icon='\ue8fc' data-av_iconfont='entypo-fontello' title='' data-avia-related-tooltip='Compartir en LinkedIn' rel=\"noopener\"><span class='avia_hidden_link_text'>Compartir en LinkedIn<\/span><\/a><\/li><li class='av-share-link av-social-link-mail' ><a  aria-label=\"Compartir por correo\" href='mailto:?subject=Emporcha%20valora%20inauguraci%C3%B3n%20de%20nuevo%20Terminal%20de%20Pasajeros%20de%20Puerto%20Cisnes&#038;body=https:\/\/radiorevelacionfm.cl\/?p=28288' aria-hidden='false' data-av_icon='\ue805' data-av_iconfont='entypo-fontello' title='' data-avia-related-tooltip='Compartir por correo'><span class='avia_hidden_link_text'>Compartir por correo<\/span><\/a><\/li><\/ul><\/div><\/div>\n<div  style='height:50px' class='hr hr-invisible   avia-builder-el-8  el_after_av_social_share  el_before_av_comments_list '><span class='hr-inner ' ><span class='hr-inner-style'><\/span><\/span><\/div>\n<div  class='av-buildercomment  av-blog-meta-html-info-disabled av-blog-meta-tag-disabled  '><\/div>\n","protected":false},"excerpt":{"rendered":"","protected":false},"author":1,"featured_media":28289,"comment_status":"open","ping_status":"open","sticky":false,"template":"","format":"standard","meta":{"footnotes":""},"categories":[38],"tags":[],"class_list":["post-28288","post","type-post","status-publish","format-standard","has-post-thumbnail","hentry","category-regional"],"jetpack_featured_media_url":"https:\/\/radiorevelacionfm.cl\/wp-content\/uploads\/2023\/03\/inaguracion-puerto-cisnes-2-1_optimized.jpg","_links":{"self":[{"href":"https:\/\/radiorevelacionfm.cl\/index.php?rest_route=\/wp\/v2\/posts\/28288","targetHints":{"allow":["GET"]}}],"collection":[{"href":"https:\/\/radiorevelacionfm.cl\/index.php?rest_route=\/wp\/v2\/posts"}],"about":[{"href":"https:\/\/radiorevelacionfm.cl\/index.php?rest_route=\/wp\/v2\/types\/post"}],"author":[{"embeddable":true,"href":"https:\/\/radiorevelacionfm.cl\/index.php?rest_route=\/wp\/v2\/users\/1"}],"replies":[{"embeddable":true,"href":"https:\/\/radiorevelacionfm.cl\/index.php?rest_route=%2Fwp%2Fv2%2Fcomments&post=28288"}],"version-history":[{"count":2,"href":"https:\/\/radiorevelacionfm.cl\/index.php?rest_route=\/wp\/v2\/posts\/28288\/revisions"}],"predecessor-version":[{"id":28291,"href":"https:\/\/radiorevelacionfm.cl\/index.php?rest_route=\/wp\/v2\/posts\/28288\/revisions\/28291"}],"wp:featuredmedia":[{"embeddable":true,"href":"https:\/\/radiorevelacionfm.cl\/index.php?rest_route=\/wp\/v2\/media\/28289"}],"wp:attachment":[{"href":"https:\/\/radiorevelacionfm.cl\/index.php?rest_route=%2Fwp%2Fv2%2Fmedia&parent=28288"}],"wp:term":[{"taxonomy":"category","embeddable":true,"href":"https:\/\/radiorevelacionfm.cl\/index.php?rest_route=%2Fwp%2Fv2%2Fcategories&post=28288"},{"taxonomy":"post_tag","embeddable":true,"href":"https:\/\/radiorevelacionfm.cl\/index.php?rest_route=%2Fwp%2Fv2%2Ftags&post=28288"}],"curies":[{"name":"wp","href":"https:\/\/api.w.org\/{rel}","templated":true}]}}