{"id":28278,"date":"2023-03-04T11:00:44","date_gmt":"2023-03-04T14:00:44","guid":{"rendered":"https:\/\/radiorevelacionfm.cl\/?p=28278"},"modified":"2023-03-04T11:00:44","modified_gmt":"2023-03-04T14:00:44","slug":"mas-de-50-artistas-se-unen-en-apoyo-a-bomberos-de-chile-y-donan-obras-para-subasta","status":"publish","type":"post","link":"https:\/\/radiorevelacionfm.cl\/?p=28278","title":{"rendered":"M\u00e1s de 50 artistas se unen en apoyo a Bomberos de Chile y donan obras para subasta"},"content":{"rendered":"<div class=\"flex_column av_one_full  flex_column_div av-zero-column-padding first  avia-builder-el-0  el_before_av_one_full  avia-builder-el-first  \" style='border-radius:0px; '><div  class='avia-image-container  av-styling-    avia-builder-el-1  avia-builder-el-no-sibling  avia-align-center '  itemprop=\"image\" itemscope=\"itemscope\" itemtype=\"https:\/\/schema.org\/ImageObject\"  ><div class='avia-image-container-inner'><div class='avia-image-overlay-wrap'><img decoding=\"async\" class='wp-image-28279 avia-img-lazy-loading-not-28279 avia_image' src=\"https:\/\/radiorevelacionfm.cl\/wp-content\/uploads\/2023\/02\/Artistas-por-Chile-Bomberos-2023-02-19-1-1.jpeg\" alt='' title='Artistas por Chile-Bomberos 2023-02-19 (1) (1)' height=\"600\" width=\"424\"  itemprop=\"thumbnailUrl\" srcset=\"https:\/\/radiorevelacionfm.cl\/wp-content\/uploads\/2023\/02\/Artistas-por-Chile-Bomberos-2023-02-19-1-1.jpeg 424w, https:\/\/radiorevelacionfm.cl\/wp-content\/uploads\/2023\/02\/Artistas-por-Chile-Bomberos-2023-02-19-1-1-212x300.jpeg 212w\" sizes=\"(max-width: 424px) 100vw, 424px\" \/><\/div><\/div><\/div><\/div><div class=\"flex_column av_one_full  flex_column_div av-zero-column-padding first  avia-builder-el-2  el_after_av_one_full  el_before_av_one_full  column-top-margin\" style='border-radius:0px; '><section class=\"av_textblock_section \"  itemscope=\"itemscope\" itemtype=\"https:\/\/schema.org\/BlogPosting\" itemprop=\"blogPost\" ><div class='avia_textblock  '   itemprop=\"text\" ><p style=\"text-align: center;\"><span style=\"font-size: 18pt;\"><b>M\u00e1s de 50 artistas se unen en apoyo a Bomberos de Chile y donan obras para subasta<\/b><\/span><\/p>\n<div id=\"gtx-trans\" style=\"position: absolute; left: -50px; top: 4.31534px;\">\n<div class=\"gtx-trans-icon\"><\/div>\n<\/div>\n<\/div><\/section><\/div><div class=\"flex_column av_one_full  flex_column_div av-zero-column-padding first  avia-builder-el-4  el_after_av_one_full  el_before_av_hr  column-top-margin\" style='border-radius:0px; '><section class=\"av_textblock_section \"  itemscope=\"itemscope\" itemtype=\"https:\/\/schema.org\/BlogPosting\" itemprop=\"blogPost\" ><div class='avia_textblock  '   itemprop=\"text\" ><p style=\"text-align: justify;\">Obras de m\u00e1s de 50 artistas nacionales ser\u00e1n subastadas el pr\u00f3ximo 9 de marzo para recaudar fondos en ayuda a bomberos de Chile que por estos d\u00edas trabajan para sofocar los incendios activos en las zonas m\u00e1s afectadas del sur del pa\u00eds.<\/p>\n<p>Se trata de una iniciativa impulsada por la artista Florencia Pozo junto a un grupo de artistas visuales que busca, adem\u00e1s, acercar el arte a todas las personas.<\/p>\n<p>As\u00ed, quienes quieran participar, podr\u00e1n adquirir n\u00fameros a $5 mil pesos, y as\u00ed optar a ser uno de los ganadores de las 60 piezas \u2013entre esculturas, pinturas y otros- que fueron donadas por chilenos adheridos a la campa\u00f1a.<\/p>\n<p>\u201cSomos artistas que donamos nuestro tiempo y nuestro trabajo para aportar un granito de arena\u201d, explica la agrupaci\u00f3n a trav\u00e9s de su cuenta oficial en Instagram @sos_arte_chile.<\/p>\n<p>\u00bfC\u00f3mo participar? A trav\u00e9s de transferencias bancarias a la cuenta corriente informada en la red social. Una vez publicado los nombres de los ganadores, las obras podr\u00e1n ser retiradas en Santiago, en la comuna de Providencia, o enviadas a regiones con un cargo adicional.<\/p>\n<p>Entre los artistas que participan de la subasta destacan Cecilia Arizt\u00eda, Patricia Astorga, Pablo Az\u00f3car, Luz Benavente, Antonia Boza, Tite Calvo, Claudia Vergara, Camila Jofre, Lourdes Naveill\u00e1n, Tere Ort\u00fazar, Cata Perl y Enrique Campuzano.<\/p>\n<p>Tambi\u00e9n se sumaron Manuel Ugarte, M\u00f3nica V\u00e9liz, Anita Pe\u00f1aloza y Karen Oliva, entre otros.<\/p>\n<\/div><\/section><\/div><div  style='height:50px' class='hr hr-invisible   avia-builder-el-6  el_after_av_one_full  el_before_av_social_share '><span class='hr-inner ' ><span class='hr-inner-style'><\/span><\/span><\/div><\/p>\n<div  class='av-social-sharing-box  avia-builder-el-7  el_after_av_hr  el_before_av_hr  '><div class='av-share-box'><h5 class='av-share-link-description av-no-toc '>Compartir esta noticia<\/h5><ul class='av-share-box-list noLightbox'><li class='av-share-link av-social-link-facebook' ><a target=\"_blank\" aria-label=\"Compartir en Facebook\" href='https:\/\/www.facebook.com\/sharer.php?u=https:\/\/radiorevelacionfm.cl\/?p=28278&#038;t=M%C3%A1s%20de%2050%20artistas%20se%20unen%20en%20apoyo%20a%20Bomberos%20de%20Chile%20y%20donan%20obras%20para%20subasta' aria-hidden='false' data-av_icon='\ue8f3' data-av_iconfont='entypo-fontello' title='' data-avia-related-tooltip='Compartir en Facebook' rel=\"noopener\"><span class='avia_hidden_link_text'>Compartir en Facebook<\/span><\/a><\/li><li class='av-share-link av-social-link-twitter' ><a target=\"_blank\" aria-label=\"Compartir en Twitter\" href='https:\/\/twitter.com\/share?text=M%C3%A1s%20de%2050%20artistas%20se%20unen%20en%20apoyo%20a%20Bomberos%20de%20Chile%20y%20donan%20obras%20para%20subasta&#038;url=https:\/\/radiorevelacionfm.cl\/?p=28278' aria-hidden='false' data-av_icon='\ue8f1' data-av_iconfont='entypo-fontello' title='' data-avia-related-tooltip='Compartir en Twitter' rel=\"noopener\"><span class='avia_hidden_link_text'>Compartir en Twitter<\/span><\/a><\/li><li class='av-share-link av-social-link-whatsapp' ><a target=\"_blank\" aria-label=\"Compartir en Whatsapp\" href='https:\/\/api.whatsapp.com\/send?text=https:\/\/radiorevelacionfm.cl\/?p=28278' aria-hidden='false' data-av_icon='\uf232' data-av_iconfont='entypo-fontello' title='' data-avia-related-tooltip='Compartir en Whatsapp' rel=\"noopener\"><span class='avia_hidden_link_text'>Compartir en Whatsapp<\/span><\/a><\/li><li class='av-share-link av-social-link-linkedin' ><a target=\"_blank\" aria-label=\"Compartir en LinkedIn\" href='https:\/\/linkedin.com\/shareArticle?mini=true&#038;title=M%C3%A1s%20de%2050%20artistas%20se%20unen%20en%20apoyo%20a%20Bomberos%20de%20Chile%20y%20donan%20obras%20para%20subasta&#038;url=https:\/\/radiorevelacionfm.cl\/?p=28278' aria-hidden='false' data-av_icon='\ue8fc' data-av_iconfont='entypo-fontello' title='' data-avia-related-tooltip='Compartir en LinkedIn' rel=\"noopener\"><span class='avia_hidden_link_text'>Compartir en LinkedIn<\/span><\/a><\/li><li class='av-share-link av-social-link-mail' ><a  aria-label=\"Compartir por correo\" href='mailto:?subject=M%C3%A1s%20de%2050%20artistas%20se%20unen%20en%20apoyo%20a%20Bomberos%20de%20Chile%20y%20donan%20obras%20para%20subasta&#038;body=https:\/\/radiorevelacionfm.cl\/?p=28278' aria-hidden='false' data-av_icon='\ue805' data-av_iconfont='entypo-fontello' title='' data-avia-related-tooltip='Compartir por correo'><span class='avia_hidden_link_text'>Compartir por correo<\/span><\/a><\/li><\/ul><\/div><\/div>\n<div  style='height:50px' class='hr hr-invisible   avia-builder-el-8  el_after_av_social_share  el_before_av_comments_list '><span class='hr-inner ' ><span class='hr-inner-style'><\/span><\/span><\/div>\n<div  class='av-buildercomment  av-blog-meta-html-info-disabled av-blog-meta-tag-disabled  '><\/div>\n","protected":false},"excerpt":{"rendered":"","protected":false},"author":1,"featured_media":28280,"comment_status":"open","ping_status":"open","sticky":false,"template":"","format":"standard","meta":{"footnotes":""},"categories":[61],"tags":[],"class_list":["post-28278","post","type-post","status-publish","format-standard","has-post-thumbnail","hentry","category-nacional"],"jetpack_featured_media_url":"https:\/\/radiorevelacionfm.cl\/wp-content\/uploads\/2023\/02\/artistas-por-chile-bomberos-2023-02-19-3_optimized.jpeg","_links":{"self":[{"href":"https:\/\/radiorevelacionfm.cl\/index.php?rest_route=\/wp\/v2\/posts\/28278","targetHints":{"allow":["GET"]}}],"collection":[{"href":"https:\/\/radiorevelacionfm.cl\/index.php?rest_route=\/wp\/v2\/posts"}],"about":[{"href":"https:\/\/radiorevelacionfm.cl\/index.php?rest_route=\/wp\/v2\/types\/post"}],"author":[{"embeddable":true,"href":"https:\/\/radiorevelacionfm.cl\/index.php?rest_route=\/wp\/v2\/users\/1"}],"replies":[{"embeddable":true,"href":"https:\/\/radiorevelacionfm.cl\/index.php?rest_route=%2Fwp%2Fv2%2Fcomments&post=28278"}],"version-history":[{"count":2,"href":"https:\/\/radiorevelacionfm.cl\/index.php?rest_route=\/wp\/v2\/posts\/28278\/revisions"}],"predecessor-version":[{"id":28430,"href":"https:\/\/radiorevelacionfm.cl\/index.php?rest_route=\/wp\/v2\/posts\/28278\/revisions\/28430"}],"wp:featuredmedia":[{"embeddable":true,"href":"https:\/\/radiorevelacionfm.cl\/index.php?rest_route=\/wp\/v2\/media\/28280"}],"wp:attachment":[{"href":"https:\/\/radiorevelacionfm.cl\/index.php?rest_route=%2Fwp%2Fv2%2Fmedia&parent=28278"}],"wp:term":[{"taxonomy":"category","embeddable":true,"href":"https:\/\/radiorevelacionfm.cl\/index.php?rest_route=%2Fwp%2Fv2%2Fcategories&post=28278"},{"taxonomy":"post_tag","embeddable":true,"href":"https:\/\/radiorevelacionfm.cl\/index.php?rest_route=%2Fwp%2Fv2%2Ftags&post=28278"}],"curies":[{"name":"wp","href":"https:\/\/api.w.org\/{rel}","templated":true}]}}