{"id":28275,"date":"2023-02-28T19:45:37","date_gmt":"2023-02-28T22:45:37","guid":{"rendered":"https:\/\/radiorevelacionfm.cl\/?p=28275"},"modified":"2023-02-28T19:45:37","modified_gmt":"2023-02-28T22:45:37","slug":"llamado-a-la-prevencion-y-denuncia-destacan-autoridades-en-balance-policial-de-vacaciones-en-aysen","status":"publish","type":"post","link":"https:\/\/radiorevelacionfm.cl\/?p=28275","title":{"rendered":"Llamado a la prevenci\u00f3n y denuncia destacan autoridades en balance policial de vacaciones en Ays\u00e9n"},"content":{"rendered":"<div class=\"flex_column av_one_full  flex_column_div av-zero-column-padding first  avia-builder-el-0  el_before_av_one_full  avia-builder-el-first  \" style='border-radius:0px; '><div  class='avia-image-container  av-styling-    avia-builder-el-1  avia-builder-el-no-sibling  avia-align-center '  itemprop=\"image\" itemscope=\"itemscope\" itemtype=\"https:\/\/schema.org\/ImageObject\"  ><div class='avia-image-container-inner'><div class='avia-image-overlay-wrap'><img decoding=\"async\" class='wp-image-28276 avia-img-lazy-loading-not-28276 avia_image' src=\"https:\/\/radiorevelacionfm.cl\/wp-content\/uploads\/2023\/02\/WhatsApp-Image-2023-02-28-at-17.43.09-1-1.jpeg\" alt='' title='WhatsApp Image 2023-02-28 at 17.43.09 (1) (1)' height=\"600\" width=\"949\"  itemprop=\"thumbnailUrl\" srcset=\"https:\/\/radiorevelacionfm.cl\/wp-content\/uploads\/2023\/02\/WhatsApp-Image-2023-02-28-at-17.43.09-1-1.jpeg 949w, https:\/\/radiorevelacionfm.cl\/wp-content\/uploads\/2023\/02\/WhatsApp-Image-2023-02-28-at-17.43.09-1-1-300x190.jpeg 300w, https:\/\/radiorevelacionfm.cl\/wp-content\/uploads\/2023\/02\/WhatsApp-Image-2023-02-28-at-17.43.09-1-1-768x486.jpeg 768w, https:\/\/radiorevelacionfm.cl\/wp-content\/uploads\/2023\/02\/WhatsApp-Image-2023-02-28-at-17.43.09-1-1-705x446.jpeg 705w, https:\/\/radiorevelacionfm.cl\/wp-content\/uploads\/2023\/02\/WhatsApp-Image-2023-02-28-at-17.43.09-1-1-600x379.jpeg 600w\" sizes=\"(max-width: 949px) 100vw, 949px\" \/><\/div><\/div><\/div><\/div><div class=\"flex_column av_one_full  flex_column_div av-zero-column-padding first  avia-builder-el-2  el_after_av_one_full  el_before_av_one_full  column-top-margin\" style='border-radius:0px; '><section class=\"av_textblock_section \"  itemscope=\"itemscope\" itemtype=\"https:\/\/schema.org\/BlogPosting\" itemprop=\"blogPost\" ><div class='avia_textblock  '   itemprop=\"text\" ><p style=\"text-align: center;\"><strong><span style=\"font-size: 18pt;\">Llamado a la prevenci\u00f3n y denuncia destacan autoridades en balance policial de vacaciones en Ays\u00e9n<\/span><\/strong><\/p>\n<div id=\"gtx-trans\" style=\"position: absolute; left: -50px; top: 4.31534px;\">\n<div class=\"gtx-trans-icon\"><\/div>\n<\/div>\n<\/div><\/section><\/div><div class=\"flex_column av_one_full  flex_column_div av-zero-column-padding first  avia-builder-el-4  el_after_av_one_full  el_before_av_hr  column-top-margin\" style='border-radius:0px; '><section class=\"av_textblock_section \"  itemscope=\"itemscope\" itemtype=\"https:\/\/schema.org\/BlogPosting\" itemprop=\"blogPost\" ><div class='avia_textblock  '   itemprop=\"text\" ><p style=\"text-align: justify;\">Un 60% de los procedimientos est\u00e1n relacionados con violencia intrafamiliar, da\u00f1os, lesiones y amenazas, por lo que el Delegado Rodrigo Araya insisti\u00f3 en la importancia de la prevenci\u00f3n, control social, denuncia oportuna y fortalecimiento del trabajo p\u00fablico privado<\/p>\n<p style=\"text-align: justify;\">El comportamiento de vecinos y visitantes en actividades costumbristas, los movimientos migratorios por pasos fronterizos y la importancia de fortalecer la actitud preventiva ante delitos de connotaci\u00f3n social, destacaron este martes el Delegado Presidencial Regional, Rodrigo Araya, junto al Jefe de la XI Zona de Carabineros, General Patricio Santos, y Prefecta de la Polic\u00eda de Investigaciones (PDI), Carolina Namor, en un balance del Plan Verano Seguro y de los meses de enero y febrero en la Regi\u00f3n de Ays\u00e9n.<\/p>\n<p style=\"text-align: justify;\">De acuerdo a las estad\u00edsticas policiales, en este per\u00edodo Carabineros registr\u00f3 cerca de 30.000 procedimientos, con la detenci\u00f3n de 780 personas, un 20% de ellas por delitos de connotaci\u00f3n social, en muchos casos vinculados al consumo de alcohol.<\/p>\n<p style=\"text-align: justify;\">Un 60 por ciento de los procedimientos est\u00e1n relacionados con violencia intrafamiliar, da\u00f1os, lesiones y amenazas, por lo que el Delegado Rodrigo Araya insisti\u00f3 en la importancia de la prevenci\u00f3n, control social, denuncia oportuna y fortalecimiento del trabajo p\u00fablico privado, en especial ante hechos de violencia intrafamiliar, un 80% de los cuales afectan a mujeres.<\/p>\n<p style=\"text-align: justify;\">\u201cPrimero, agradecer a todas las personas por el buen comportamiento que han tenido en fiestas costumbristas y aniversarios de localidades durante este verano. Sin embargo, yo quisiera destacar que sigue siendo un problema en nuestra regi\u00f3n el tema de las denuncias por violencia intrafamiliar. En lo que va de este a\u00f1o, llevamos 133 denuncias y 48 detenciones. Tenemos una gran cantidad de denuncias que no perseveran, por lo cual no se puede hacer todo el proceso legal y de apoyo dirigido a las familias como corresponde. Por lo tanto, un llamado a mantenerse atentos e insistir en ese punto\u201d, recalc\u00f3.<\/p>\n<p style=\"text-align: justify;\">Sobre este punto, el General Patricio Santos agreg\u00f3 que \u201cestos cuatro delitos: violencia intrafamiliar, da\u00f1os, lesiones y amenazas concentran cerca del 60% del registro delictual en la zona, es decir, c\u00f3mo en definitiva, transitamos a una convivencia pac\u00edfica, donde la relaci\u00f3n de estas personas no derive en un hecho de violencia. Es un desaf\u00edo que tenemos como conjunto y que es parte de aquella prevenci\u00f3n social primaria, es decir, la forma en que acu\u00f1amos valores las personas\u201d.<\/p>\n<p style=\"text-align: justify;\"><strong>Plan Verano Seguro y Movimientos Migratorios<\/strong><\/p>\n<p style=\"text-align: justify;\">En cuanto al Plan Verano Seguro, indic\u00f3 que \u201cadem\u00e1s de las actividades que en t\u00e9rminos generales se desarrollan para la prevenci\u00f3n del delito en el periodo estival, Carabineros dispuso a trav\u00e9s de su Plan Verano Seguro refuerzo en los sectores de R\u00edo Tranquilo, Tortel, Cerro Castillo y Bertrand. Cerca de 50 carabineros estuvieron abocados exclusivamente a reforzar los servicios ah\u00ed, se desarrollaron cerca de 3.300 controles a conductores y otros 350 controles a peatones, turistas que estaban en el sector. Se cursaron cerca de 110 infracciones y se detuvo a ocho personas. Tuvimos m\u00e1s oferta, tuvimos m\u00e1s patrullaje y eso la gente lo advierte y la consecuencia de eso es el registro de menores actividades delictuales o incivilidades\u201d, concluy\u00f3.<\/p>\n<p style=\"text-align: justify;\">Respecto del tr\u00e1nsito de ingreso y salida del pa\u00eds, la PDI registr\u00f3 m\u00e1s de 90 mil movimientos migratorios en los pasos Huemules y Jeinimeni, mientras que en procesos investigativos sobresalen las denuncias por estafas telef\u00f3nicas con el consiguiente llamado a la prevenci\u00f3n por parte de la ciudadan\u00eda.<\/p>\n<p style=\"text-align: justify;\">\u201cEn materia de control migratorio por los pasos fronterizos Jeinimeni y Huemules tuvimos 92.734 personas controladas, informaci\u00f3n que nos permite registrar antecedentes para nuestros procesos investigativos. Pero tambi\u00e9n hemos podido detectar que en este periodo estival, en comparaci\u00f3n al periodo anterior, tuvimos un aumento del 18,65% de \u00f3rdenes de investigar e inducciones particulares emanadas desde el Ministerio P\u00fablico y puntualmente logramos detectar que hubo un aumento o un aumento en un delito determinado que es las estafas y puntualmente estafas telef\u00f3nicas. Por eso es importante hacerle saber a la comunidad que mantengan en reserva la informaci\u00f3n de sus cuentas corrientes, datos personales y, de tener alguna duda, es mejor comunicarse con sus entidades bancarias para evitar alg\u00fan posterior delito\u201d, indic\u00f3 la Prefecta Carolina Namor.<\/p>\n<p style=\"text-align: justify;\">Respecto de los delitos de mayor gravedad y connotaci\u00f3n social registrados en el per\u00edodo, se inform\u00f3 que se encuentran en proceso investigativo por instrucci\u00f3n del Ministerio P\u00fablico.<\/p>\n<\/div><\/section><\/div><div  style='height:50px' class='hr hr-invisible   avia-builder-el-6  el_after_av_one_full  el_before_av_social_share '><span class='hr-inner ' ><span class='hr-inner-style'><\/span><\/span><\/div><\/p>\n<div  class='av-social-sharing-box  avia-builder-el-7  el_after_av_hr  el_before_av_hr  '><div class='av-share-box'><h5 class='av-share-link-description av-no-toc '>Compartir esta noticia<\/h5><ul class='av-share-box-list noLightbox'><li class='av-share-link av-social-link-facebook' ><a target=\"_blank\" aria-label=\"Compartir en Facebook\" href='https:\/\/www.facebook.com\/sharer.php?u=https:\/\/radiorevelacionfm.cl\/?p=28275&#038;t=Llamado%20a%20la%20prevenci%C3%B3n%20y%20denuncia%20destacan%20autoridades%20en%20balance%20policial%20de%20vacaciones%20en%20Ays%C3%A9n' aria-hidden='false' data-av_icon='\ue8f3' data-av_iconfont='entypo-fontello' title='' data-avia-related-tooltip='Compartir en Facebook' rel=\"noopener\"><span class='avia_hidden_link_text'>Compartir en Facebook<\/span><\/a><\/li><li class='av-share-link av-social-link-twitter' ><a target=\"_blank\" aria-label=\"Compartir en Twitter\" href='https:\/\/twitter.com\/share?text=Llamado%20a%20la%20prevenci%C3%B3n%20y%20denuncia%20destacan%20autoridades%20en%20balance%20policial%20de%20vacaciones%20en%20Ays%C3%A9n&#038;url=https:\/\/radiorevelacionfm.cl\/?p=28275' aria-hidden='false' data-av_icon='\ue8f1' data-av_iconfont='entypo-fontello' title='' data-avia-related-tooltip='Compartir en Twitter' rel=\"noopener\"><span class='avia_hidden_link_text'>Compartir en Twitter<\/span><\/a><\/li><li class='av-share-link av-social-link-whatsapp' ><a target=\"_blank\" aria-label=\"Compartir en Whatsapp\" href='https:\/\/api.whatsapp.com\/send?text=https:\/\/radiorevelacionfm.cl\/?p=28275' aria-hidden='false' data-av_icon='\uf232' data-av_iconfont='entypo-fontello' title='' data-avia-related-tooltip='Compartir en Whatsapp' rel=\"noopener\"><span class='avia_hidden_link_text'>Compartir en Whatsapp<\/span><\/a><\/li><li class='av-share-link av-social-link-linkedin' ><a target=\"_blank\" aria-label=\"Compartir en LinkedIn\" href='https:\/\/linkedin.com\/shareArticle?mini=true&#038;title=Llamado%20a%20la%20prevenci%C3%B3n%20y%20denuncia%20destacan%20autoridades%20en%20balance%20policial%20de%20vacaciones%20en%20Ays%C3%A9n&#038;url=https:\/\/radiorevelacionfm.cl\/?p=28275' aria-hidden='false' data-av_icon='\ue8fc' data-av_iconfont='entypo-fontello' title='' data-avia-related-tooltip='Compartir en LinkedIn' rel=\"noopener\"><span class='avia_hidden_link_text'>Compartir en LinkedIn<\/span><\/a><\/li><li class='av-share-link av-social-link-mail' ><a  aria-label=\"Compartir por correo\" href='mailto:?subject=Llamado%20a%20la%20prevenci%C3%B3n%20y%20denuncia%20destacan%20autoridades%20en%20balance%20policial%20de%20vacaciones%20en%20Ays%C3%A9n&#038;body=https:\/\/radiorevelacionfm.cl\/?p=28275' aria-hidden='false' data-av_icon='\ue805' data-av_iconfont='entypo-fontello' title='' data-avia-related-tooltip='Compartir por correo'><span class='avia_hidden_link_text'>Compartir por correo<\/span><\/a><\/li><\/ul><\/div><\/div>\n<div  style='height:50px' class='hr hr-invisible   avia-builder-el-8  el_after_av_social_share  el_before_av_comments_list '><span class='hr-inner ' ><span class='hr-inner-style'><\/span><\/span><\/div>\n<div  class='av-buildercomment  av-blog-meta-html-info-disabled av-blog-meta-tag-disabled  '><\/div>\n","protected":false},"excerpt":{"rendered":"","protected":false},"author":1,"featured_media":28276,"comment_status":"open","ping_status":"open","sticky":false,"template":"","format":"standard","meta":{"footnotes":""},"categories":[38],"tags":[],"class_list":["post-28275","post","type-post","status-publish","format-standard","has-post-thumbnail","hentry","category-regional"],"jetpack_featured_media_url":"https:\/\/radiorevelacionfm.cl\/wp-content\/uploads\/2023\/02\/WhatsApp-Image-2023-02-28-at-17.43.09-1-1.jpeg","_links":{"self":[{"href":"https:\/\/radiorevelacionfm.cl\/index.php?rest_route=\/wp\/v2\/posts\/28275","targetHints":{"allow":["GET"]}}],"collection":[{"href":"https:\/\/radiorevelacionfm.cl\/index.php?rest_route=\/wp\/v2\/posts"}],"about":[{"href":"https:\/\/radiorevelacionfm.cl\/index.php?rest_route=\/wp\/v2\/types\/post"}],"author":[{"embeddable":true,"href":"https:\/\/radiorevelacionfm.cl\/index.php?rest_route=\/wp\/v2\/users\/1"}],"replies":[{"embeddable":true,"href":"https:\/\/radiorevelacionfm.cl\/index.php?rest_route=%2Fwp%2Fv2%2Fcomments&post=28275"}],"version-history":[{"count":2,"href":"https:\/\/radiorevelacionfm.cl\/index.php?rest_route=\/wp\/v2\/posts\/28275\/revisions"}],"predecessor-version":[{"id":28285,"href":"https:\/\/radiorevelacionfm.cl\/index.php?rest_route=\/wp\/v2\/posts\/28275\/revisions\/28285"}],"wp:featuredmedia":[{"embeddable":true,"href":"https:\/\/radiorevelacionfm.cl\/index.php?rest_route=\/wp\/v2\/media\/28276"}],"wp:attachment":[{"href":"https:\/\/radiorevelacionfm.cl\/index.php?rest_route=%2Fwp%2Fv2%2Fmedia&parent=28275"}],"wp:term":[{"taxonomy":"category","embeddable":true,"href":"https:\/\/radiorevelacionfm.cl\/index.php?rest_route=%2Fwp%2Fv2%2Fcategories&post=28275"},{"taxonomy":"post_tag","embeddable":true,"href":"https:\/\/radiorevelacionfm.cl\/index.php?rest_route=%2Fwp%2Fv2%2Ftags&post=28275"}],"curies":[{"name":"wp","href":"https:\/\/api.w.org\/{rel}","templated":true}]}}