{"id":28272,"date":"2023-02-28T18:01:34","date_gmt":"2023-02-28T21:01:34","guid":{"rendered":"https:\/\/radiorevelacionfm.cl\/?p=28272"},"modified":"2023-02-28T18:01:34","modified_gmt":"2023-02-28T21:01:34","slug":"en-chile-chico-formalizan-a-sujeto-por-femicidio-tentado-y-decretan-prision-preventiva","status":"publish","type":"post","link":"https:\/\/radiorevelacionfm.cl\/?p=28272","title":{"rendered":"En Chile Chico formalizan a sujeto por femicidio tentado y decretan prisi\u00f3n preventiva"},"content":{"rendered":"<div class=\"flex_column av_one_full  flex_column_div av-zero-column-padding first  avia-builder-el-0  el_before_av_one_full  avia-builder-el-first  \" style='border-radius:0px; '><div  class='avia-image-container  av-styling-    avia-builder-el-1  avia-builder-el-no-sibling  avia-align-center '  itemprop=\"image\" itemscope=\"itemscope\" itemtype=\"https:\/\/schema.org\/ImageObject\"  ><div class='avia-image-container-inner'><div class='avia-image-overlay-wrap'><img decoding=\"async\" class='wp-image-11799 avia-img-lazy-loading-not-11799 avia_image' src=\"https:\/\/radiorevelacionfm.cl\/wp-content\/uploads\/2021\/12\/Foto-tribunal-Chile-Chico-2-2.jpg\" alt='' title='Foto tribunal Chile Chico-2-2' height=\"600\" width=\"1068\"  itemprop=\"thumbnailUrl\" srcset=\"https:\/\/radiorevelacionfm.cl\/wp-content\/uploads\/2021\/12\/Foto-tribunal-Chile-Chico-2-2.jpg 1068w, https:\/\/radiorevelacionfm.cl\/wp-content\/uploads\/2021\/12\/Foto-tribunal-Chile-Chico-2-2-300x169.jpg 300w, https:\/\/radiorevelacionfm.cl\/wp-content\/uploads\/2021\/12\/Foto-tribunal-Chile-Chico-2-2-1030x579.jpg 1030w, https:\/\/radiorevelacionfm.cl\/wp-content\/uploads\/2021\/12\/Foto-tribunal-Chile-Chico-2-2-768x431.jpg 768w, https:\/\/radiorevelacionfm.cl\/wp-content\/uploads\/2021\/12\/Foto-tribunal-Chile-Chico-2-2-705x396.jpg 705w, https:\/\/radiorevelacionfm.cl\/wp-content\/uploads\/2021\/12\/Foto-tribunal-Chile-Chico-2-2-600x337.jpg 600w\" sizes=\"(max-width: 1068px) 100vw, 1068px\" \/><\/div><\/div><\/div><\/div><div class=\"flex_column av_one_full  flex_column_div av-zero-column-padding first  avia-builder-el-2  el_after_av_one_full  el_before_av_one_full  column-top-margin\" style='border-radius:0px; '><section class=\"av_textblock_section \"  itemscope=\"itemscope\" itemtype=\"https:\/\/schema.org\/BlogPosting\" itemprop=\"blogPost\" ><div class='avia_textblock  '   itemprop=\"text\" ><p style=\"text-align: center;\"><strong><span style=\"font-size: 18pt;\">En Chile Chico formalizan a sujeto por femicidio tentado y decretan prisi\u00f3n preventiva<\/span><\/strong><\/p>\n<div id=\"gtx-trans\" style=\"position: absolute; left: -50px; top: 4.31534px;\">\n<div class=\"gtx-trans-icon\"><\/div>\n<\/div>\n<\/div><\/section><\/div><div class=\"flex_column av_one_full  flex_column_div av-zero-column-padding first  avia-builder-el-4  el_after_av_one_full  el_before_av_hr  column-top-margin\" style='border-radius:0px; '><section class=\"av_textblock_section \"  itemscope=\"itemscope\" itemtype=\"https:\/\/schema.org\/BlogPosting\" itemprop=\"blogPost\" ><div class='avia_textblock  '   itemprop=\"text\" ><p style=\"text-align: justify;\">La Fiscal\u00eda de Chile Chico formaliz\u00f3 una investigaci\u00f3n por femicidio tentado y amenazas condicionales en contra de un imputado de 26 a\u00f1os, quien intent\u00f3 dar muerte a su conviviente.<span id=\"more-109324\"><\/span><\/p>\n<p style=\"text-align: justify;\">De acuerdo a lo expuesto en la audiencia de formalizaci\u00f3n por el fiscal \u00c1lvaro Sanhueza Tasso, el 20 de febrero de 2023, aproximadamente a las 17:00 horas la victima se encontraba en su domicilio, al interior de su dormitorio, cuando el imputado la amenaz\u00f3 y agredi\u00f3 violentamente, incluso intentando ahorcarla, sumado a otros hechos de gravedad.<\/p>\n<p style=\"text-align: justify;\">En un momento de descuido del imputado, la v\u00edctima logr\u00f3 arrancar a otra dependencia de la casa y posteriormente, hacia el cuartel de Carabineros de Chile Chico para denunciar la agresi\u00f3n.<\/p>\n<p style=\"text-align: justify;\">Producto del violento ataque, seg\u00fan a\u00f1adi\u00f3 el fiscal \u00c1lvaro Sanhueza, la afectada result\u00f3 con diversas lesiones en su cuerpo. Ante este hecho, la Fiscal\u00eda solicit\u00f3 la prisi\u00f3n preventiva del imputado, la cual fue concedida por el Juzgado de Garant\u00eda de dicha comuna.<\/p>\n<p style=\"text-align: justify;\">De acuerdo a los antecedentes el imputado registra condenas anteriores por violencia intrafamiliar.<\/p>\n<p style=\"text-align: justify;\">Finalmente, para la investigaci\u00f3n del caso se fij\u00f3 un plazo de 90 d\u00edas.<\/p>\n<\/div><\/section><\/div><div  style='height:50px' class='hr hr-invisible   avia-builder-el-6  el_after_av_one_full  el_before_av_social_share '><span class='hr-inner ' ><span class='hr-inner-style'><\/span><\/span><\/div><\/p>\n<div  class='av-social-sharing-box  avia-builder-el-7  el_after_av_hr  el_before_av_hr  '><div class='av-share-box'><h5 class='av-share-link-description av-no-toc '>Compartir esta noticia<\/h5><ul class='av-share-box-list noLightbox'><li class='av-share-link av-social-link-facebook' ><a target=\"_blank\" aria-label=\"Compartir en Facebook\" href='https:\/\/www.facebook.com\/sharer.php?u=https:\/\/radiorevelacionfm.cl\/?p=28272&#038;t=En%20Chile%20Chico%20formalizan%20a%20sujeto%20por%20femicidio%20tentado%20y%20decretan%20prisi%C3%B3n%20preventiva' aria-hidden='false' data-av_icon='\ue8f3' data-av_iconfont='entypo-fontello' title='' data-avia-related-tooltip='Compartir en Facebook' rel=\"noopener\"><span class='avia_hidden_link_text'>Compartir en Facebook<\/span><\/a><\/li><li class='av-share-link av-social-link-twitter' ><a target=\"_blank\" aria-label=\"Compartir en Twitter\" href='https:\/\/twitter.com\/share?text=En%20Chile%20Chico%20formalizan%20a%20sujeto%20por%20femicidio%20tentado%20y%20decretan%20prisi%C3%B3n%20preventiva&#038;url=https:\/\/radiorevelacionfm.cl\/?p=28272' aria-hidden='false' data-av_icon='\ue8f1' data-av_iconfont='entypo-fontello' title='' data-avia-related-tooltip='Compartir en Twitter' rel=\"noopener\"><span class='avia_hidden_link_text'>Compartir en Twitter<\/span><\/a><\/li><li class='av-share-link av-social-link-whatsapp' ><a target=\"_blank\" aria-label=\"Compartir en Whatsapp\" href='https:\/\/api.whatsapp.com\/send?text=https:\/\/radiorevelacionfm.cl\/?p=28272' aria-hidden='false' data-av_icon='\uf232' data-av_iconfont='entypo-fontello' title='' data-avia-related-tooltip='Compartir en Whatsapp' rel=\"noopener\"><span class='avia_hidden_link_text'>Compartir en Whatsapp<\/span><\/a><\/li><li class='av-share-link av-social-link-linkedin' ><a target=\"_blank\" aria-label=\"Compartir en LinkedIn\" href='https:\/\/linkedin.com\/shareArticle?mini=true&#038;title=En%20Chile%20Chico%20formalizan%20a%20sujeto%20por%20femicidio%20tentado%20y%20decretan%20prisi%C3%B3n%20preventiva&#038;url=https:\/\/radiorevelacionfm.cl\/?p=28272' aria-hidden='false' data-av_icon='\ue8fc' data-av_iconfont='entypo-fontello' title='' data-avia-related-tooltip='Compartir en LinkedIn' rel=\"noopener\"><span class='avia_hidden_link_text'>Compartir en LinkedIn<\/span><\/a><\/li><li class='av-share-link av-social-link-mail' ><a  aria-label=\"Compartir por correo\" href='mailto:?subject=En%20Chile%20Chico%20formalizan%20a%20sujeto%20por%20femicidio%20tentado%20y%20decretan%20prisi%C3%B3n%20preventiva&#038;body=https:\/\/radiorevelacionfm.cl\/?p=28272' aria-hidden='false' data-av_icon='\ue805' data-av_iconfont='entypo-fontello' title='' data-avia-related-tooltip='Compartir por correo'><span class='avia_hidden_link_text'>Compartir por correo<\/span><\/a><\/li><\/ul><\/div><\/div>\n<div  style='height:50px' class='hr hr-invisible   avia-builder-el-8  el_after_av_social_share  el_before_av_comments_list '><span class='hr-inner ' ><span class='hr-inner-style'><\/span><\/span><\/div>\n<div  class='av-buildercomment  av-blog-meta-html-info-disabled av-blog-meta-tag-disabled  '><\/div>\n","protected":false},"excerpt":{"rendered":"","protected":false},"author":1,"featured_media":11799,"comment_status":"open","ping_status":"open","sticky":false,"template":"","format":"standard","meta":{"footnotes":""},"categories":[55],"tags":[],"class_list":["post-28272","post","type-post","status-publish","format-standard","has-post-thumbnail","hentry","category-justicia"],"jetpack_featured_media_url":"https:\/\/radiorevelacionfm.cl\/wp-content\/uploads\/2021\/12\/Foto-tribunal-Chile-Chico-2-2.jpg","_links":{"self":[{"href":"https:\/\/radiorevelacionfm.cl\/index.php?rest_route=\/wp\/v2\/posts\/28272","targetHints":{"allow":["GET"]}}],"collection":[{"href":"https:\/\/radiorevelacionfm.cl\/index.php?rest_route=\/wp\/v2\/posts"}],"about":[{"href":"https:\/\/radiorevelacionfm.cl\/index.php?rest_route=\/wp\/v2\/types\/post"}],"author":[{"embeddable":true,"href":"https:\/\/radiorevelacionfm.cl\/index.php?rest_route=\/wp\/v2\/users\/1"}],"replies":[{"embeddable":true,"href":"https:\/\/radiorevelacionfm.cl\/index.php?rest_route=%2Fwp%2Fv2%2Fcomments&post=28272"}],"version-history":[{"count":2,"href":"https:\/\/radiorevelacionfm.cl\/index.php?rest_route=\/wp\/v2\/posts\/28272\/revisions"}],"predecessor-version":[{"id":28274,"href":"https:\/\/radiorevelacionfm.cl\/index.php?rest_route=\/wp\/v2\/posts\/28272\/revisions\/28274"}],"wp:featuredmedia":[{"embeddable":true,"href":"https:\/\/radiorevelacionfm.cl\/index.php?rest_route=\/wp\/v2\/media\/11799"}],"wp:attachment":[{"href":"https:\/\/radiorevelacionfm.cl\/index.php?rest_route=%2Fwp%2Fv2%2Fmedia&parent=28272"}],"wp:term":[{"taxonomy":"category","embeddable":true,"href":"https:\/\/radiorevelacionfm.cl\/index.php?rest_route=%2Fwp%2Fv2%2Fcategories&post=28272"},{"taxonomy":"post_tag","embeddable":true,"href":"https:\/\/radiorevelacionfm.cl\/index.php?rest_route=%2Fwp%2Fv2%2Ftags&post=28272"}],"curies":[{"name":"wp","href":"https:\/\/api.w.org\/{rel}","templated":true}]}}