{"id":28263,"date":"2023-03-01T10:27:51","date_gmt":"2023-03-01T13:27:51","guid":{"rendered":"https:\/\/radiorevelacionfm.cl\/?p=28263"},"modified":"2023-03-01T10:27:51","modified_gmt":"2023-03-01T13:27:51","slug":"confirman-segundo-caso-positivo-de-influenza-aviar-en-lobo-marino","status":"publish","type":"post","link":"https:\/\/radiorevelacionfm.cl\/?p=28263","title":{"rendered":"Confirman segundo caso positivo de influenza aviar en lobo marino"},"content":{"rendered":"<div class=\"flex_column av_one_full  flex_column_div av-zero-column-padding first  avia-builder-el-0  el_before_av_one_full  avia-builder-el-first  \" style='border-radius:0px; '><div  class='avia-image-container  av-styling-    avia-builder-el-1  avia-builder-el-no-sibling  avia-align-center '  itemprop=\"image\" itemscope=\"itemscope\" itemtype=\"https:\/\/schema.org\/ImageObject\"  ><div class='avia-image-container-inner'><div class='avia-image-overlay-wrap'><img decoding=\"async\" class='wp-image-28264 avia-img-lazy-loading-not-28264 avia_image' src=\"https:\/\/radiorevelacionfm.cl\/wp-content\/uploads\/2023\/02\/lobo-rinconada-1-1_optimized-1.jpg\" alt='' title='lobo-rinconada-1-(1)_optimized (1)' height=\"600\" width=\"901\"  itemprop=\"thumbnailUrl\" srcset=\"https:\/\/radiorevelacionfm.cl\/wp-content\/uploads\/2023\/02\/lobo-rinconada-1-1_optimized-1.jpg 901w, https:\/\/radiorevelacionfm.cl\/wp-content\/uploads\/2023\/02\/lobo-rinconada-1-1_optimized-1-300x200.jpg 300w, https:\/\/radiorevelacionfm.cl\/wp-content\/uploads\/2023\/02\/lobo-rinconada-1-1_optimized-1-768x511.jpg 768w, https:\/\/radiorevelacionfm.cl\/wp-content\/uploads\/2023\/02\/lobo-rinconada-1-1_optimized-1-705x469.jpg 705w, https:\/\/radiorevelacionfm.cl\/wp-content\/uploads\/2023\/02\/lobo-rinconada-1-1_optimized-1-600x400.jpg 600w\" sizes=\"(max-width: 901px) 100vw, 901px\" \/><\/div><\/div><\/div><\/div>\n<div class=\"flex_column av_one_full  flex_column_div av-zero-column-padding first  avia-builder-el-2  el_after_av_one_full  el_before_av_one_full  column-top-margin\" style='border-radius:0px; '><section class=\"av_textblock_section \"  itemscope=\"itemscope\" itemtype=\"https:\/\/schema.org\/BlogPosting\" itemprop=\"blogPost\" ><div class='avia_textblock  '   itemprop=\"text\" ><p style=\"text-align: center;\"><strong><span style=\"font-size: 18pt;\">Confirman segundo caso positivo de influenza aviar en lobo marino<\/span><\/strong><\/p>\n<div id=\"gtx-trans\" style=\"position: absolute; left: -50px; top: 4.31534px;\">\n<div class=\"gtx-trans-icon\"><\/div>\n<\/div>\n<\/div><\/section><\/div><div class=\"flex_column av_one_full  flex_column_div av-zero-column-padding first  avia-builder-el-4  el_after_av_one_full  el_before_av_hr  column-top-margin\" style='border-radius:0px; '><section class=\"av_textblock_section \"  itemscope=\"itemscope\" itemtype=\"https:\/\/schema.org\/BlogPosting\" itemprop=\"blogPost\" ><div class='avia_textblock  '   itemprop=\"text\" ><p style=\"text-align: justify;\">La Directora Nacional de SERNAPESCA, Soledad Tapia Almonacid, confirm\u00f3 el segundo caso positivo a influenza aviar de alta patogenicidad (IAAP) en un lobo marino com\u00fan en Antofagasta, tras la confirmaci\u00f3n del laboratorio del SAG, organismo de referencia para este tipo de an\u00e1lisis en el pa\u00eds.<\/p>\n<p style=\"text-align: justify;\">\u201cSe trata de un segundo ejemplar, tambi\u00e9n registrado en la ciudad de Antofagasta, al igual que el primer caso positivo. Esta vez, fue una hembra adulta que var\u00f3 en la playa La Rinconada, en la reserva marina del mismo nombre. El ejemplar presentaba sintomatolog\u00eda asociada, es decir: espasmos musculares, dificultad respiratoria y decaimiento. Lamentablemente este mam\u00edfero muri\u00f3. Nuestros profesionales de la direcci\u00f3n regional de Antofagasta acudieron en compa\u00f1\u00eda del SAG para realizar la toma de muestras, cuyos resultados recientes arrojaron la positividad, confirmando este segundo mam\u00edfero marino afectado\u201d, relat\u00f3 Tapia.<\/p>\n<p style=\"text-align: justify;\">Este caso tambi\u00e9n corresponde a la variante del virus H5 que ya se ha detectado en aves silvestres en 11 regiones del pa\u00eds, y que est\u00e1 presente en pa\u00edses como Estados Unidos, Per\u00fa, Argentina, Uruguay, entre otros.<\/p>\n<p style=\"text-align: justify;\">\u201cDe esta forma confirmamos dos mam\u00edferos marinos que han muerto por influenza aviar, y dos ping\u00fcinos, aves marinas que tambi\u00e9n son de nuestra competencia\u201d, se\u00f1al\u00f3 la directora nacional de Sernapesca.<\/p>\n<p style=\"text-align: justify;\">Desde la entidad que fiscaliza la actividad pesquera y acu\u00edcola, indicaron que han activado un plan especial para esta contingencia, y que se trabaja coordinadamente con la Delegaci\u00f3n Presidencial de Antofagasta, el SAG, Minsal, SENAPRED, adem\u00e1s de otras autoridades regionales y locales.<\/p>\n<p style=\"text-align: justify;\">Desde SERNAPESCA insistieron en el llamado a la ciudadan\u00eda a no tocar o manipular animales marinos varados vivos o muertos, mantener distancia e informar inmediatamente a SERNAPESCA a trav\u00e9s de la l\u00ednea 800 320 032.<\/p>\n<p style=\"text-align: justify;\"><strong>\u00a0<\/strong><\/p>\n<\/div><\/section><\/div><\/p>\n<div  style='height:50px' class='hr hr-invisible   avia-builder-el-6  el_after_av_one_full  el_before_av_social_share '><span class='hr-inner ' ><span class='hr-inner-style'><\/span><\/span><\/div>\n<div  class='av-social-sharing-box  avia-builder-el-7  el_after_av_hr  el_before_av_hr  '><div class='av-share-box'><h5 class='av-share-link-description av-no-toc '>Compartir esta noticia<\/h5><ul class='av-share-box-list noLightbox'><li class='av-share-link av-social-link-facebook' ><a target=\"_blank\" aria-label=\"Compartir en Facebook\" href='https:\/\/www.facebook.com\/sharer.php?u=https:\/\/radiorevelacionfm.cl\/?p=28263&#038;t=Confirman%20segundo%20caso%20positivo%20de%20influenza%20aviar%20en%20lobo%20marino' aria-hidden='false' data-av_icon='\ue8f3' data-av_iconfont='entypo-fontello' title='' data-avia-related-tooltip='Compartir en Facebook' rel=\"noopener\"><span class='avia_hidden_link_text'>Compartir en Facebook<\/span><\/a><\/li><li class='av-share-link av-social-link-twitter' ><a target=\"_blank\" aria-label=\"Compartir en Twitter\" href='https:\/\/twitter.com\/share?text=Confirman%20segundo%20caso%20positivo%20de%20influenza%20aviar%20en%20lobo%20marino&#038;url=https:\/\/radiorevelacionfm.cl\/?p=28263' aria-hidden='false' data-av_icon='\ue8f1' data-av_iconfont='entypo-fontello' title='' data-avia-related-tooltip='Compartir en Twitter' rel=\"noopener\"><span class='avia_hidden_link_text'>Compartir en Twitter<\/span><\/a><\/li><li class='av-share-link av-social-link-whatsapp' ><a target=\"_blank\" aria-label=\"Compartir en Whatsapp\" href='https:\/\/api.whatsapp.com\/send?text=https:\/\/radiorevelacionfm.cl\/?p=28263' aria-hidden='false' data-av_icon='\uf232' data-av_iconfont='entypo-fontello' title='' data-avia-related-tooltip='Compartir en Whatsapp' rel=\"noopener\"><span class='avia_hidden_link_text'>Compartir en Whatsapp<\/span><\/a><\/li><li class='av-share-link av-social-link-linkedin' ><a target=\"_blank\" aria-label=\"Compartir en LinkedIn\" href='https:\/\/linkedin.com\/shareArticle?mini=true&#038;title=Confirman%20segundo%20caso%20positivo%20de%20influenza%20aviar%20en%20lobo%20marino&#038;url=https:\/\/radiorevelacionfm.cl\/?p=28263' aria-hidden='false' data-av_icon='\ue8fc' data-av_iconfont='entypo-fontello' title='' data-avia-related-tooltip='Compartir en LinkedIn' rel=\"noopener\"><span class='avia_hidden_link_text'>Compartir en LinkedIn<\/span><\/a><\/li><li class='av-share-link av-social-link-mail' ><a  aria-label=\"Compartir por correo\" href='mailto:?subject=Confirman%20segundo%20caso%20positivo%20de%20influenza%20aviar%20en%20lobo%20marino&#038;body=https:\/\/radiorevelacionfm.cl\/?p=28263' aria-hidden='false' data-av_icon='\ue805' data-av_iconfont='entypo-fontello' title='' data-avia-related-tooltip='Compartir por correo'><span class='avia_hidden_link_text'>Compartir por correo<\/span><\/a><\/li><\/ul><\/div><\/div>\n<div  style='height:50px' class='hr hr-invisible   avia-builder-el-8  el_after_av_social_share  el_before_av_comments_list '><span class='hr-inner ' ><span class='hr-inner-style'><\/span><\/span><\/div>\n<div  class='av-buildercomment  av-blog-meta-html-info-disabled av-blog-meta-tag-disabled  '><\/div>\n","protected":false},"excerpt":{"rendered":"","protected":false},"author":1,"featured_media":28264,"comment_status":"open","ping_status":"open","sticky":false,"template":"","format":"standard","meta":{"footnotes":""},"categories":[60],"tags":[],"class_list":["post-28263","post","type-post","status-publish","format-standard","has-post-thumbnail","hentry","category-pesca"],"jetpack_featured_media_url":"https:\/\/radiorevelacionfm.cl\/wp-content\/uploads\/2023\/02\/lobo-rinconada-1-1_optimized-1.jpg","_links":{"self":[{"href":"https:\/\/radiorevelacionfm.cl\/index.php?rest_route=\/wp\/v2\/posts\/28263","targetHints":{"allow":["GET"]}}],"collection":[{"href":"https:\/\/radiorevelacionfm.cl\/index.php?rest_route=\/wp\/v2\/posts"}],"about":[{"href":"https:\/\/radiorevelacionfm.cl\/index.php?rest_route=\/wp\/v2\/types\/post"}],"author":[{"embeddable":true,"href":"https:\/\/radiorevelacionfm.cl\/index.php?rest_route=\/wp\/v2\/users\/1"}],"replies":[{"embeddable":true,"href":"https:\/\/radiorevelacionfm.cl\/index.php?rest_route=%2Fwp%2Fv2%2Fcomments&post=28263"}],"version-history":[{"count":3,"href":"https:\/\/radiorevelacionfm.cl\/index.php?rest_route=\/wp\/v2\/posts\/28263\/revisions"}],"predecessor-version":[{"id":28287,"href":"https:\/\/radiorevelacionfm.cl\/index.php?rest_route=\/wp\/v2\/posts\/28263\/revisions\/28287"}],"wp:featuredmedia":[{"embeddable":true,"href":"https:\/\/radiorevelacionfm.cl\/index.php?rest_route=\/wp\/v2\/media\/28264"}],"wp:attachment":[{"href":"https:\/\/radiorevelacionfm.cl\/index.php?rest_route=%2Fwp%2Fv2%2Fmedia&parent=28263"}],"wp:term":[{"taxonomy":"category","embeddable":true,"href":"https:\/\/radiorevelacionfm.cl\/index.php?rest_route=%2Fwp%2Fv2%2Fcategories&post=28263"},{"taxonomy":"post_tag","embeddable":true,"href":"https:\/\/radiorevelacionfm.cl\/index.php?rest_route=%2Fwp%2Fv2%2Ftags&post=28263"}],"curies":[{"name":"wp","href":"https:\/\/api.w.org\/{rel}","templated":true}]}}