{"id":28259,"date":"2023-02-28T17:17:19","date_gmt":"2023-02-28T20:17:19","guid":{"rendered":"https:\/\/radiorevelacionfm.cl\/?p=28259"},"modified":"2023-02-28T17:17:19","modified_gmt":"2023-02-28T20:17:19","slug":"ejercito-apoyo-expedicion-cientifica-del-instituto-chileno-de-campos-de-hielo","status":"publish","type":"post","link":"https:\/\/radiorevelacionfm.cl\/?p=28259","title":{"rendered":"Ej\u00e9rcito apoy\u00f3 expedici\u00f3n cient\u00edfica del Instituto Chileno de Campos de Hielo"},"content":{"rendered":"<div class=\"flex_column av_one_full  flex_column_div av-zero-column-padding first  avia-builder-el-0  el_before_av_one_full  avia-builder-el-first  \" style='border-radius:0px; '><div  class='avia-image-container  av-styling-    avia-builder-el-1  avia-builder-el-no-sibling  avia-align-center '  itemprop=\"image\" itemscope=\"itemscope\" itemtype=\"https:\/\/schema.org\/ImageObject\"  ><div class='avia-image-container-inner'><div class='avia-image-overlay-wrap'><img decoding=\"async\" class='wp-image-28260 avia-img-lazy-loading-not-28260 avia_image' src=\"https:\/\/radiorevelacionfm.cl\/wp-content\/uploads\/2023\/02\/WhatsApp-Image-2023-02-14-at-16.50.21-1-1.jpeg\" alt='' title='WhatsApp Image 2023-02-14 at 16.50.21 (1) (1)' height=\"600\" width=\"800\"  itemprop=\"thumbnailUrl\" srcset=\"https:\/\/radiorevelacionfm.cl\/wp-content\/uploads\/2023\/02\/WhatsApp-Image-2023-02-14-at-16.50.21-1-1.jpeg 800w, https:\/\/radiorevelacionfm.cl\/wp-content\/uploads\/2023\/02\/WhatsApp-Image-2023-02-14-at-16.50.21-1-1-300x225.jpeg 300w, https:\/\/radiorevelacionfm.cl\/wp-content\/uploads\/2023\/02\/WhatsApp-Image-2023-02-14-at-16.50.21-1-1-768x576.jpeg 768w, https:\/\/radiorevelacionfm.cl\/wp-content\/uploads\/2023\/02\/WhatsApp-Image-2023-02-14-at-16.50.21-1-1-705x529.jpeg 705w, https:\/\/radiorevelacionfm.cl\/wp-content\/uploads\/2023\/02\/WhatsApp-Image-2023-02-14-at-16.50.21-1-1-600x450.jpeg 600w\" sizes=\"(max-width: 800px) 100vw, 800px\" \/><\/div><\/div><\/div><\/div><div class=\"flex_column av_one_full  flex_column_div av-zero-column-padding first  avia-builder-el-2  el_after_av_one_full  el_before_av_one_full  column-top-margin\" style='border-radius:0px; '><section class=\"av_textblock_section \"  itemscope=\"itemscope\" itemtype=\"https:\/\/schema.org\/BlogPosting\" itemprop=\"blogPost\" ><div class='avia_textblock  '   itemprop=\"text\" ><p style=\"text-align: center;\"><span style=\"font-size: 18pt;\"><strong>Ej\u00e9rcito apoy\u00f3 expedici\u00f3n cient\u00edfica del Instituto Chileno de Campos de Hielo <\/strong><\/span><\/p>\n<div id=\"gtx-trans\" style=\"position: absolute; left: -50px; top: 4.31534px;\">\n<div class=\"gtx-trans-icon\"><\/div>\n<\/div>\n<\/div><\/section><\/div><div class=\"flex_column av_one_full  flex_column_div av-zero-column-padding first  avia-builder-el-4  el_after_av_one_full  el_before_av_hr  column-top-margin\" style='border-radius:0px; '><section class=\"av_textblock_section \"  itemscope=\"itemscope\" itemtype=\"https:\/\/schema.org\/BlogPosting\" itemprop=\"blogPost\" ><div class='avia_textblock  '   itemprop=\"text\" ><p style=\"text-align: justify;\">El Instituto Chileno de Campos de Hielo (ICCH) mediante su Programa Matriz \u201cCono Sur\u201d referido al tercio norte del Campo de Hielo Sur (CHS), se encuentra desarrollando diversas actividades en el denominado eje O&#8217;Higgins, relacionados con los subprogramas de \u201cCiencia joven\u201d \u201cConservaci\u00f3n\u201d, \u201cExploraci\u00f3n\u201d, \u201cInfraestructura\u201d y \u201cGeociencias\u201d, con el objetivo de obtener informaci\u00f3n geocient\u00edfica de estos glaciares y proglaciares del Campo de Hielo Sur.<\/p>\n<p style=\"text-align: justify;\">En este contexto, personal y medios de la Compa\u00f1\u00eda Andina Divisionaria N\u00b0 20 \u201cCochrane\u201d, realizaron una expedici\u00f3n en conjunto con profesionales del Instituto Chileno de Campos de Hielo, al sector de Punta Nahuelcar del lago compartido O\u00b4Higgins \u2013 San Mart\u00edn, \u00e1rea pre andina e inmediata a los glaciares O\u00b4Higgins y Pir\u00e1mide, ubicado en la comuna de Villa O\u00b4Higgins en la Regi\u00f3n de Ays\u00e9n. Actividad desarrollada se encuentra enmarcada dentro del convenio de cooperaci\u00f3n existente entre la IV Divisi\u00f3n de Ej\u00e9rcito y este Instituto.<\/p>\n<p style=\"text-align: justify;\">Dentro de los medios empleados, fundamental fue el apoyo de la \u00fanica embarcaci\u00f3n del Ej\u00e9rcito de Chile, la lancha Capit\u00e1n \u201cIHL\u201d, medio que realiz\u00f3 el traslado lacustre de los cient\u00edficos hasta la punta de Nahuelcar. En tal sentido, los cient\u00edficos una vez en el sector realizaron tomas de muestras en rocas, bot\u00e1nicas, levantamiento de geomorfolog\u00edas glaciar, entre otras actividades.<\/p>\n<p style=\"text-align: justify;\">El Comandante de la IV Divisi\u00f3n, General de Brigada, Mario Sep\u00falveda Fuentes. destac\u00f3 la importancia de estas actividades de apoyo e instrucci\u00f3n se\u00f1alando: \u201cCon el Instituto Chileno de Campos de Hielo estamos trabajando en futuras capacitaciones para nuestro personal, referente a cartograf\u00eda digital, y as\u00ed desarrollar nuestra propia cartograf\u00eda de la zona, adem\u00e1s se est\u00e1 realizando un trabajo colaborativo de mantenimiento y reconocimiento de los refugios que existen en Campo de Hielo Sur\u201d.<\/p>\n<p style=\"text-align: justify;\">Con respecto a la instrucci\u00f3n y entrenamiento de los soldados monta\u00f1eses de la Compa\u00f1\u00eda Andina agreg\u00f3 \u201cEs importante incrementar las capacidades de nuestro personal, en la actualidad los soldados de tropa profesional de la unidad est\u00e1n en instrucci\u00f3n en t\u00e9cnicas de escalada b\u00e1sica, pasarela y cruce de aguas, todo esto enmarcado en la fase de formaci\u00f3n de soldado monta\u00f1\u00e9s.\u00a0 Adem\u00e1s, se suma un periodo invernal, en el cual realizan reconocimiento y cruce de glaciares, asimilando t\u00e9cnicas de desplazamiento enfrentando temperaturas bajo cero y en terrenos de dif\u00edcil acceso, permitiendo as\u00ed contar con personal especializado para operar en situaciones de emergencia y cat\u00e1strofe\u201d.<\/p>\n<p style=\"text-align: justify;\">Este tipo de instrucciones y entrenamiento de los efectivos permite adquirir las competencias necesarias para desempe\u00f1arse en un ambiente invernal, a trav\u00e9s de la instrucci\u00f3n de t\u00e9cnicas de esqu\u00ed, desplazamiento construcci\u00f3n de refugios, supervivencia en zona monta\u00f1osa, entre otras.<\/p>\n<\/div><\/section><\/div><div  style='height:50px' class='hr hr-invisible   avia-builder-el-6  el_after_av_one_full  el_before_av_social_share '><span class='hr-inner ' ><span class='hr-inner-style'><\/span><\/span><\/div><\/p>\n<div  class='av-social-sharing-box  avia-builder-el-7  el_after_av_hr  el_before_av_hr  '><div class='av-share-box'><h5 class='av-share-link-description av-no-toc '>Compartir esta noticia<\/h5><ul class='av-share-box-list noLightbox'><li class='av-share-link av-social-link-facebook' ><a target=\"_blank\" aria-label=\"Compartir en Facebook\" href='https:\/\/www.facebook.com\/sharer.php?u=https:\/\/radiorevelacionfm.cl\/?p=28259&#038;t=Ej%C3%A9rcito%20apoy%C3%B3%20expedici%C3%B3n%20cient%C3%ADfica%20del%20Instituto%20Chileno%20de%20Campos%20de%20Hielo' aria-hidden='false' data-av_icon='\ue8f3' data-av_iconfont='entypo-fontello' title='' data-avia-related-tooltip='Compartir en Facebook' rel=\"noopener\"><span class='avia_hidden_link_text'>Compartir en Facebook<\/span><\/a><\/li><li class='av-share-link av-social-link-twitter' ><a target=\"_blank\" aria-label=\"Compartir en Twitter\" href='https:\/\/twitter.com\/share?text=Ej%C3%A9rcito%20apoy%C3%B3%20expedici%C3%B3n%20cient%C3%ADfica%20del%20Instituto%20Chileno%20de%20Campos%20de%20Hielo&#038;url=https:\/\/radiorevelacionfm.cl\/?p=28259' aria-hidden='false' data-av_icon='\ue8f1' data-av_iconfont='entypo-fontello' title='' data-avia-related-tooltip='Compartir en Twitter' rel=\"noopener\"><span class='avia_hidden_link_text'>Compartir en Twitter<\/span><\/a><\/li><li class='av-share-link av-social-link-whatsapp' ><a target=\"_blank\" aria-label=\"Compartir en Whatsapp\" href='https:\/\/api.whatsapp.com\/send?text=https:\/\/radiorevelacionfm.cl\/?p=28259' aria-hidden='false' data-av_icon='\uf232' data-av_iconfont='entypo-fontello' title='' data-avia-related-tooltip='Compartir en Whatsapp' rel=\"noopener\"><span class='avia_hidden_link_text'>Compartir en Whatsapp<\/span><\/a><\/li><li class='av-share-link av-social-link-linkedin' ><a target=\"_blank\" aria-label=\"Compartir en LinkedIn\" href='https:\/\/linkedin.com\/shareArticle?mini=true&#038;title=Ej%C3%A9rcito%20apoy%C3%B3%20expedici%C3%B3n%20cient%C3%ADfica%20del%20Instituto%20Chileno%20de%20Campos%20de%20Hielo&#038;url=https:\/\/radiorevelacionfm.cl\/?p=28259' aria-hidden='false' data-av_icon='\ue8fc' data-av_iconfont='entypo-fontello' title='' data-avia-related-tooltip='Compartir en LinkedIn' rel=\"noopener\"><span class='avia_hidden_link_text'>Compartir en LinkedIn<\/span><\/a><\/li><li class='av-share-link av-social-link-mail' ><a  aria-label=\"Compartir por correo\" href='mailto:?subject=Ej%C3%A9rcito%20apoy%C3%B3%20expedici%C3%B3n%20cient%C3%ADfica%20del%20Instituto%20Chileno%20de%20Campos%20de%20Hielo&#038;body=https:\/\/radiorevelacionfm.cl\/?p=28259' aria-hidden='false' data-av_icon='\ue805' data-av_iconfont='entypo-fontello' title='' data-avia-related-tooltip='Compartir por correo'><span class='avia_hidden_link_text'>Compartir por correo<\/span><\/a><\/li><\/ul><\/div><\/div>\n<div  style='height:50px' class='hr hr-invisible   avia-builder-el-8  el_after_av_social_share  el_before_av_comments_list '><span class='hr-inner ' ><span class='hr-inner-style'><\/span><\/span><\/div>\n<div  class='av-buildercomment  av-blog-meta-html-info-disabled av-blog-meta-tag-disabled  '><\/div>\n","protected":false},"excerpt":{"rendered":"","protected":false},"author":1,"featured_media":28260,"comment_status":"open","ping_status":"open","sticky":false,"template":"","format":"standard","meta":{"footnotes":""},"categories":[38],"tags":[],"class_list":["post-28259","post","type-post","status-publish","format-standard","has-post-thumbnail","hentry","category-regional"],"jetpack_featured_media_url":"https:\/\/radiorevelacionfm.cl\/wp-content\/uploads\/2023\/02\/WhatsApp-Image-2023-02-14-at-16.50.21-1-1.jpeg","_links":{"self":[{"href":"https:\/\/radiorevelacionfm.cl\/index.php?rest_route=\/wp\/v2\/posts\/28259","targetHints":{"allow":["GET"]}}],"collection":[{"href":"https:\/\/radiorevelacionfm.cl\/index.php?rest_route=\/wp\/v2\/posts"}],"about":[{"href":"https:\/\/radiorevelacionfm.cl\/index.php?rest_route=\/wp\/v2\/types\/post"}],"author":[{"embeddable":true,"href":"https:\/\/radiorevelacionfm.cl\/index.php?rest_route=\/wp\/v2\/users\/1"}],"replies":[{"embeddable":true,"href":"https:\/\/radiorevelacionfm.cl\/index.php?rest_route=%2Fwp%2Fv2%2Fcomments&post=28259"}],"version-history":[{"count":2,"href":"https:\/\/radiorevelacionfm.cl\/index.php?rest_route=\/wp\/v2\/posts\/28259\/revisions"}],"predecessor-version":[{"id":28271,"href":"https:\/\/radiorevelacionfm.cl\/index.php?rest_route=\/wp\/v2\/posts\/28259\/revisions\/28271"}],"wp:featuredmedia":[{"embeddable":true,"href":"https:\/\/radiorevelacionfm.cl\/index.php?rest_route=\/wp\/v2\/media\/28260"}],"wp:attachment":[{"href":"https:\/\/radiorevelacionfm.cl\/index.php?rest_route=%2Fwp%2Fv2%2Fmedia&parent=28259"}],"wp:term":[{"taxonomy":"category","embeddable":true,"href":"https:\/\/radiorevelacionfm.cl\/index.php?rest_route=%2Fwp%2Fv2%2Fcategories&post=28259"},{"taxonomy":"post_tag","embeddable":true,"href":"https:\/\/radiorevelacionfm.cl\/index.php?rest_route=%2Fwp%2Fv2%2Ftags&post=28259"}],"curies":[{"name":"wp","href":"https:\/\/api.w.org\/{rel}","templated":true}]}}