{"id":28256,"date":"2023-02-28T16:47:46","date_gmt":"2023-02-28T19:47:46","guid":{"rendered":"https:\/\/radiorevelacionfm.cl\/?p=28256"},"modified":"2023-02-28T16:47:46","modified_gmt":"2023-02-28T19:47:46","slug":"minvu-aumento-a-17-mil-millones-inversion-sectorial-para-iniciar-obras-de-macro-infraestructura-en-chacra-g-1-de-coyhaique","status":"publish","type":"post","link":"https:\/\/radiorevelacionfm.cl\/?p=28256","title":{"rendered":"Minvu aument\u00f3 a $17 mil millones inversi\u00f3n sectorial para iniciar obras de macro infraestructura en Chacra G 1 de Coyhaique"},"content":{"rendered":"<div class=\"flex_column av_one_full  flex_column_div av-zero-column-padding first  avia-builder-el-0  el_before_av_one_full  avia-builder-el-first  \" style='border-radius:0px; '><div  class='avia-image-container  av-styling-    avia-builder-el-1  avia-builder-el-no-sibling  avia-align-center '  itemprop=\"image\" itemscope=\"itemscope\" itemtype=\"https:\/\/schema.org\/ImageObject\"  ><div class='avia-image-container-inner'><div class='avia-image-overlay-wrap'><img decoding=\"async\" class='wp-image-28257 avia-img-lazy-loading-not-28257 avia_image' src=\"https:\/\/radiorevelacionfm.cl\/wp-content\/uploads\/2023\/02\/foto-archivo-ultima-reunion-con-dirigentes-Chacra-G-Coyhaique-1-1.jpeg\" alt='' title='foto archivo - ultima reuni\u00f3n con dirigentes Chacra G Coyhaique (1) (1)' height=\"600\" width=\"800\"  itemprop=\"thumbnailUrl\" srcset=\"https:\/\/radiorevelacionfm.cl\/wp-content\/uploads\/2023\/02\/foto-archivo-ultima-reunion-con-dirigentes-Chacra-G-Coyhaique-1-1.jpeg 800w, https:\/\/radiorevelacionfm.cl\/wp-content\/uploads\/2023\/02\/foto-archivo-ultima-reunion-con-dirigentes-Chacra-G-Coyhaique-1-1-300x225.jpeg 300w, https:\/\/radiorevelacionfm.cl\/wp-content\/uploads\/2023\/02\/foto-archivo-ultima-reunion-con-dirigentes-Chacra-G-Coyhaique-1-1-768x576.jpeg 768w, https:\/\/radiorevelacionfm.cl\/wp-content\/uploads\/2023\/02\/foto-archivo-ultima-reunion-con-dirigentes-Chacra-G-Coyhaique-1-1-705x529.jpeg 705w, https:\/\/radiorevelacionfm.cl\/wp-content\/uploads\/2023\/02\/foto-archivo-ultima-reunion-con-dirigentes-Chacra-G-Coyhaique-1-1-600x450.jpeg 600w\" sizes=\"(max-width: 800px) 100vw, 800px\" \/><\/div><\/div><\/div><\/div><div class=\"flex_column av_one_full  flex_column_div av-zero-column-padding first  avia-builder-el-2  el_after_av_one_full  el_before_av_one_full  column-top-margin\" style='border-radius:0px; '><section class=\"av_textblock_section \"  itemscope=\"itemscope\" itemtype=\"https:\/\/schema.org\/BlogPosting\" itemprop=\"blogPost\" ><div class='avia_textblock  '   itemprop=\"text\" ><p style=\"text-align: center;\"><strong><span style=\"font-size: 18pt;\">Minvu aument\u00f3 a $17 mil millones inversi\u00f3n sectorial para iniciar obras de macro infraestructura en Chacra G 1 de Coyhaique<\/span><\/strong><\/p>\n<div id=\"gtx-trans\" style=\"position: absolute; left: -50px; top: 4.31534px;\">\n<div class=\"gtx-trans-icon\"><\/div>\n<\/div>\n<\/div><\/section><\/div><div class=\"flex_column av_one_full  flex_column_div av-zero-column-padding first  avia-builder-el-4  el_after_av_one_full  el_before_av_hr  column-top-margin\" style='border-radius:0px; '><section class=\"av_textblock_section \"  itemscope=\"itemscope\" itemtype=\"https:\/\/schema.org\/BlogPosting\" itemprop=\"blogPost\" ><div class='avia_textblock  '   itemprop=\"text\" ><p style=\"text-align: justify;\">La Seremi de Vivienda de la regi\u00f3n de Ays\u00e9n, Paulina Ruz Delf\u00edn, destac\u00f3 este martes la determinaci\u00f3n del Ministerio de Vivienda y Urbanismo de aumentar en m\u00e1s de 5 mil millones de pesos la inversi\u00f3n sectorial que permitir\u00e1 completar los montos requeridos para iniciar las obras de construcci\u00f3n de la macro infraestructura para el proyecto habitacional conocido como la \u201cChacra G\u201d de Coyhaique, el cual considera la soluci\u00f3n habitacional para m\u00e1s de mil 200 familias.<\/p>\n<p style=\"text-align: justify;\">Record\u00f3 la autoridad que para iniciar las obras de urbanizaci\u00f3n del sector en un comienzo se hab\u00eda considerado un presupuesto compartido con el Gobierno Regional que bordeaba los 12 mil millones de pesos, sin embargo debido al alza de materiales y otros recientes factores econ\u00f3micos y sociales, el monto requerido subi\u00f3 a 19 mil 200 millones de pesos, ante lo cual el Minvu, considerando el nuevo escenario, determin\u00f3 aumentar su aporte en 5 mil millones de pesos que permitir\u00e1n iniciar las obras durante el presente a\u00f1o.<\/p>\n<p style=\"text-align: justify;\">Cabe consignar que la denominada \u201cChacra G\u201d es un mega proyecto que forma parte del Plan Urbano Habitacional que impulsa desde hace varios a\u00f1os el Ministerio de Vivienda en terrenos del sector Escuela Agr\u00edcola de Coyhaique, donde en un comienzo se habilitar\u00e1 una superficie de 35,60 hect\u00e1reas conocidas como las Chacra G 1, las que ser\u00e1n utilizadas como parte del desarrollo urbano y habitacional del sector.<\/p>\n<p style=\"text-align: justify;\">Precis\u00f3 la autoridad que la habilitaci\u00f3n de esta gran superficie de suelo urbano permitir\u00e1 concretar las soluciones habitacionales, entre casas y departamentos, para mil 295 familias de la capital regional. Para eso se espera partir este a\u00f1o con las especialidades de pavimentaci\u00f3n, aguas lluvias, estructuras, iluminaci\u00f3n, agua potable, alcantarillado, desv\u00edo de tr\u00e1nsito y accesibilidad universal, entre otras.<\/p>\n<p style=\"text-align: justify;\">\u201cJunto con destacar y valorar el aporte del Gobierno Regional, que destin\u00f3 en los \u00faltimos d\u00edas 2 mil millones de pesos para este gran proyecto, es muy satisfactorio para nosotros informar que, despu\u00e9s las gestiones que hemos estado realizando en el nivel central junto al Director (S) de Serviu, la mesa de inversiones del Minvu acord\u00f3 recientemente elevar a 17 mil 335 millones de pesos la inversi\u00f3n del sector, lo que se complementa con los aportes reci\u00e9n aprobados por el Consejo Regional. Esta excelente noticia era muy esperada por los comit\u00e9s que proyectan su soluci\u00f3n en la Chacra G, en especial algunos que en forma paralela ver\u00e1n a fines de este a\u00f1o las primeras obras de ejecuci\u00f3n\u201d, manifest\u00f3.<\/p>\n<p style=\"text-align: justify;\">La Seremi Paulina Ruz record\u00f3 tambi\u00e9n que estos anuncios forman parte de los desaf\u00edos impuestos por el Gobierno del Presidente Boric, en el sentido de dar cumplimiento a su Plan de Emergencia Habitacional, donde a nivel pa\u00eds se ha trazado el objetivo de entregar 260 mil nuevas soluciones habitacionales, 1300 de ellas en nuestra regi\u00f3n de Ays\u00e9n. \u201cComo hemos dicho en varias ocasiones el d\u00e9ficit habitacional de nuestra capital regional se va acentuando por la falta de terrenos urbanizados disponibles al interior del l\u00edmite urbano de la ciudad. Por eso la idea de este gran proyecto de la Chacra G es absorber la actual demanda de viviendas sociales para familias de sectores vulnerables, medios y emergentes, y es as\u00ed que seguimos avanzando en base a un trabajo que hemos venido desarrollando muy de cerca con las entidades patrocinantes y con las familias organizadas en sus comit\u00e9s de vivienda, donde proyectamos soluciones para cambiar la vida a casi 4 mil beneficiarios directos\u201d, precis\u00f3.<\/p>\n<p style=\"text-align: justify;\">Adelant\u00f3 finalmente la Seremi que, tras este importante paso, desde el Ministerio de Vivienda y Urbanismo seguir\u00e1n con el trabajo planificado para avanzar en las etapas que vienen para este proyecto habitacional, el m\u00e1s grande en la historia de la regi\u00f3n, donde se contemplan por ejemplo expropiaciones, procesos de escrituraci\u00f3n, licitaciones y adjudicaciones para entrar de lleno a los trabajos que ir\u00e1n dando vida a este nuevo, moderno y gran barrio de nuestra capital regional.<\/p>\n<p style=\"text-align: justify;\"><strong>\u00a0<\/strong><\/p>\n<\/div><\/section><\/div><div  style='height:50px' class='hr hr-invisible   avia-builder-el-6  el_after_av_one_full  el_before_av_social_share '><span class='hr-inner ' ><span class='hr-inner-style'><\/span><\/span><\/div><\/p>\n<div  class='av-social-sharing-box  avia-builder-el-7  el_after_av_hr  el_before_av_hr  '><div class='av-share-box'><h5 class='av-share-link-description av-no-toc '>Compartir esta noticia<\/h5><ul class='av-share-box-list noLightbox'><li class='av-share-link av-social-link-facebook' ><a target=\"_blank\" aria-label=\"Compartir en Facebook\" href='https:\/\/www.facebook.com\/sharer.php?u=https:\/\/radiorevelacionfm.cl\/?p=28256&#038;t=Minvu%20aument%C3%B3%20a%20%2417%20mil%20millones%20inversi%C3%B3n%20sectorial%20para%20iniciar%20obras%20de%20macro%20infraestructura%20en%20Chacra%20G%201%20de%20Coyhaique' aria-hidden='false' data-av_icon='\ue8f3' data-av_iconfont='entypo-fontello' title='' data-avia-related-tooltip='Compartir en Facebook' rel=\"noopener\"><span class='avia_hidden_link_text'>Compartir en Facebook<\/span><\/a><\/li><li class='av-share-link av-social-link-twitter' ><a target=\"_blank\" aria-label=\"Compartir en Twitter\" href='https:\/\/twitter.com\/share?text=Minvu%20aument%C3%B3%20a%20%2417%20mil%20millones%20inversi%C3%B3n%20sectorial%20para%20iniciar%20obras%20de%20macro%20infraestructura%20en%20Chacra%20G%201%20de%20Coyhaique&#038;url=https:\/\/radiorevelacionfm.cl\/?p=28256' aria-hidden='false' data-av_icon='\ue8f1' data-av_iconfont='entypo-fontello' title='' data-avia-related-tooltip='Compartir en Twitter' rel=\"noopener\"><span class='avia_hidden_link_text'>Compartir en Twitter<\/span><\/a><\/li><li class='av-share-link av-social-link-whatsapp' ><a target=\"_blank\" aria-label=\"Compartir en Whatsapp\" href='https:\/\/api.whatsapp.com\/send?text=https:\/\/radiorevelacionfm.cl\/?p=28256' aria-hidden='false' data-av_icon='\uf232' data-av_iconfont='entypo-fontello' title='' data-avia-related-tooltip='Compartir en Whatsapp' rel=\"noopener\"><span class='avia_hidden_link_text'>Compartir en Whatsapp<\/span><\/a><\/li><li class='av-share-link av-social-link-linkedin' ><a target=\"_blank\" aria-label=\"Compartir en LinkedIn\" href='https:\/\/linkedin.com\/shareArticle?mini=true&#038;title=Minvu%20aument%C3%B3%20a%20%2417%20mil%20millones%20inversi%C3%B3n%20sectorial%20para%20iniciar%20obras%20de%20macro%20infraestructura%20en%20Chacra%20G%201%20de%20Coyhaique&#038;url=https:\/\/radiorevelacionfm.cl\/?p=28256' aria-hidden='false' data-av_icon='\ue8fc' data-av_iconfont='entypo-fontello' title='' data-avia-related-tooltip='Compartir en LinkedIn' rel=\"noopener\"><span class='avia_hidden_link_text'>Compartir en LinkedIn<\/span><\/a><\/li><li class='av-share-link av-social-link-mail' ><a  aria-label=\"Compartir por correo\" href='mailto:?subject=Minvu%20aument%C3%B3%20a%20%2417%20mil%20millones%20inversi%C3%B3n%20sectorial%20para%20iniciar%20obras%20de%20macro%20infraestructura%20en%20Chacra%20G%201%20de%20Coyhaique&#038;body=https:\/\/radiorevelacionfm.cl\/?p=28256' aria-hidden='false' data-av_icon='\ue805' data-av_iconfont='entypo-fontello' title='' data-avia-related-tooltip='Compartir por correo'><span class='avia_hidden_link_text'>Compartir por correo<\/span><\/a><\/li><\/ul><\/div><\/div>\n<div  style='height:50px' class='hr hr-invisible   avia-builder-el-8  el_after_av_social_share  el_before_av_comments_list '><span class='hr-inner ' ><span class='hr-inner-style'><\/span><\/span><\/div>\n<div  class='av-buildercomment  av-blog-meta-html-info-disabled av-blog-meta-tag-disabled  '><\/div>\n","protected":false},"excerpt":{"rendered":"","protected":false},"author":1,"featured_media":28257,"comment_status":"open","ping_status":"open","sticky":false,"template":"","format":"standard","meta":{"footnotes":""},"categories":[57],"tags":[],"class_list":["post-28256","post","type-post","status-publish","format-standard","has-post-thumbnail","hentry","category-vivienda"],"jetpack_featured_media_url":"https:\/\/radiorevelacionfm.cl\/wp-content\/uploads\/2023\/02\/foto-archivo-ultima-reunion-con-dirigentes-Chacra-G-Coyhaique-1-1.jpeg","_links":{"self":[{"href":"https:\/\/radiorevelacionfm.cl\/index.php?rest_route=\/wp\/v2\/posts\/28256","targetHints":{"allow":["GET"]}}],"collection":[{"href":"https:\/\/radiorevelacionfm.cl\/index.php?rest_route=\/wp\/v2\/posts"}],"about":[{"href":"https:\/\/radiorevelacionfm.cl\/index.php?rest_route=\/wp\/v2\/types\/post"}],"author":[{"embeddable":true,"href":"https:\/\/radiorevelacionfm.cl\/index.php?rest_route=\/wp\/v2\/users\/1"}],"replies":[{"embeddable":true,"href":"https:\/\/radiorevelacionfm.cl\/index.php?rest_route=%2Fwp%2Fv2%2Fcomments&post=28256"}],"version-history":[{"count":2,"href":"https:\/\/radiorevelacionfm.cl\/index.php?rest_route=\/wp\/v2\/posts\/28256\/revisions"}],"predecessor-version":[{"id":28262,"href":"https:\/\/radiorevelacionfm.cl\/index.php?rest_route=\/wp\/v2\/posts\/28256\/revisions\/28262"}],"wp:featuredmedia":[{"embeddable":true,"href":"https:\/\/radiorevelacionfm.cl\/index.php?rest_route=\/wp\/v2\/media\/28257"}],"wp:attachment":[{"href":"https:\/\/radiorevelacionfm.cl\/index.php?rest_route=%2Fwp%2Fv2%2Fmedia&parent=28256"}],"wp:term":[{"taxonomy":"category","embeddable":true,"href":"https:\/\/radiorevelacionfm.cl\/index.php?rest_route=%2Fwp%2Fv2%2Fcategories&post=28256"},{"taxonomy":"post_tag","embeddable":true,"href":"https:\/\/radiorevelacionfm.cl\/index.php?rest_route=%2Fwp%2Fv2%2Ftags&post=28256"}],"curies":[{"name":"wp","href":"https:\/\/api.w.org\/{rel}","templated":true}]}}