{"id":28250,"date":"2023-03-01T11:14:10","date_gmt":"2023-03-01T14:14:10","guid":{"rendered":"https:\/\/radiorevelacionfm.cl\/?p=28250"},"modified":"2023-03-01T11:14:10","modified_gmt":"2023-03-01T14:14:10","slug":"lanzan-segunda-temporada-de-viaje-silvestre-programa-radial-que-releva-el-patrimonio-natural-y-cultural-de-aysen","status":"publish","type":"post","link":"https:\/\/radiorevelacionfm.cl\/?p=28250","title":{"rendered":"Lanzan segunda temporada de \u201cViaje Silvestre\u201d, programa radial que releva el patrimonio natural y cultural de Ays\u00e9n"},"content":{"rendered":"<div class=\"flex_column av_one_full  flex_column_div av-zero-column-padding first  avia-builder-el-0  el_before_av_one_full  avia-builder-el-first  \" style='border-radius:0px; '><div  class='avia-image-container  av-styling-    avia-builder-el-1  avia-builder-el-no-sibling  avia-align-center '  itemprop=\"image\" itemscope=\"itemscope\" itemtype=\"https:\/\/schema.org\/ImageObject\"  ><div class='avia-image-container-inner'><div class='avia-image-overlay-wrap'><img decoding=\"async\" class='wp-image-28253 avia-img-lazy-loading-not-28253 avia_image' src=\"https:\/\/radiorevelacionfm.cl\/wp-content\/uploads\/2023\/02\/unnamed-35-1_optimized-1-PhotoRoom-1.jpg\" alt='' title='unnamed-(35)-(1)_optimized (1)-PhotoRoom (1)' height=\"600\" width=\"1032\"  itemprop=\"thumbnailUrl\" srcset=\"https:\/\/radiorevelacionfm.cl\/wp-content\/uploads\/2023\/02\/unnamed-35-1_optimized-1-PhotoRoom-1.jpg 1032w, https:\/\/radiorevelacionfm.cl\/wp-content\/uploads\/2023\/02\/unnamed-35-1_optimized-1-PhotoRoom-1-300x174.jpg 300w, https:\/\/radiorevelacionfm.cl\/wp-content\/uploads\/2023\/02\/unnamed-35-1_optimized-1-PhotoRoom-1-1030x599.jpg 1030w, https:\/\/radiorevelacionfm.cl\/wp-content\/uploads\/2023\/02\/unnamed-35-1_optimized-1-PhotoRoom-1-768x447.jpg 768w, https:\/\/radiorevelacionfm.cl\/wp-content\/uploads\/2023\/02\/unnamed-35-1_optimized-1-PhotoRoom-1-705x410.jpg 705w, https:\/\/radiorevelacionfm.cl\/wp-content\/uploads\/2023\/02\/unnamed-35-1_optimized-1-PhotoRoom-1-600x349.jpg 600w\" sizes=\"(max-width: 1032px) 100vw, 1032px\" \/><\/div><\/div><\/div><\/div><div class=\"flex_column av_one_full  flex_column_div av-zero-column-padding first  avia-builder-el-2  el_after_av_one_full  el_before_av_one_full  column-top-margin\" style='border-radius:0px; '><section class=\"av_textblock_section \"  itemscope=\"itemscope\" itemtype=\"https:\/\/schema.org\/BlogPosting\" itemprop=\"blogPost\" ><div class='avia_textblock  '   itemprop=\"text\" ><p style=\"text-align: center;\"><strong><span style=\"font-size: 18pt;\">Lanzan segunda temporada de \u201cViaje Silvestre\u201d, programa radial que releva el patrimonio natural y cultural de Ays\u00e9n<\/span><\/strong><\/p>\n<div id=\"gtx-trans\" style=\"position: absolute; left: -50px; top: 4.31534px;\">\n<div class=\"gtx-trans-icon\"><\/div>\n<\/div>\n<\/div><\/section><\/div><div class=\"flex_column av_one_full  flex_column_div av-zero-column-padding first  avia-builder-el-4  el_after_av_one_full  el_before_av_hr  column-top-margin\" style='border-radius:0px; '><section class=\"av_textblock_section \"  itemscope=\"itemscope\" itemtype=\"https:\/\/schema.org\/BlogPosting\" itemprop=\"blogPost\" ><div class='avia_textblock  '   itemprop=\"text\" ><p style=\"text-align: justify;\">Chile Chico.- Debido al \u00e9xito de la primera temporada que cont\u00f3 con 20 cap\u00edtulos, el programa vuelve a las radioemisoras con nuevas tem\u00e1ticas e invitados.<\/p>\n<p style=\"text-align: justify;\">Bajo la premisa que cada programa es un viaje por el patrimonio natural y cultural, la sostenibilidad y la identidad de la regi\u00f3n de Ays\u00e9n, vuelve este espacio radial que semana por medio invita a diferentes personas que dedican su vida a potenciar y defender la naturaleza, la cultura y la ciencia.<\/p>\n<p style=\"text-align: justify;\">Hasta la fecha se han emitido dos cap\u00edtulos con invitados que nos han acompa\u00f1ado desde diversos puntos de la regi\u00f3n. El estreno lo vivimos con representantes de la Municipalidad de Cochrane y de la asociaci\u00f3n de gu\u00edas de la misma localidad, quienes nos contaron sobre la Ruta del Huemul, y el segundo cap\u00edtulo lo dedicamos a conocer m\u00e1s sobre el proyecto \u201cSei: viajera de los mares\u201d con la presidenta de la fundaci\u00f3n Ays\u00e9n Mira al Mar, Jacqueline Bolt.<\/p>\n<p style=\"text-align: justify;\">Desde Chile Chico, este programa es conducido por Rolando Sabath, m\u00fasico,\u00a0 gestor cultural y coordinador del programa Amigos del Parque Nacional Patagonia de Fundaci\u00f3n Rewilding Chile, que busca fortalecer el v\u00ednculo de la comunidad de Chile Chico con su parque nacional.<\/p>\n<p style=\"text-align: justify;\">El a\u00f1o pasado se cont\u00f3 con la presencia de diversos invitados locales y nacionales, abordando tem\u00e1ticas como turismo sostenible, restauraci\u00f3n ecol\u00f3gica, geolog\u00eda, educaci\u00f3n socioambiental, entre otros.<\/p>\n<p style=\"text-align: justify;\"><b>Horarios<\/b><\/p>\n<p style=\"text-align: justify;\">Radio Ventisquero 102.1<\/p>\n<p style=\"text-align: justify;\">2\u00b0y 4\u00b0 jueves de cada mes a las 18.30 hrs<\/p>\n<p style=\"text-align: justify;\">Sol Austral 97.7 FM<\/p>\n<p style=\"text-align: justify;\">2\u00b0y 4\u00b0 s\u00e1bado de cada mes a las 13.00hrs<\/p>\n<p style=\"text-align: justify;\"><b>Redes sociales<\/b><\/p>\n<p style=\"text-align: justify;\">Facebook e Instagram: @Amigos del Parque Nacional Patagonia<\/p>\n<p style=\"text-align: justify;\">Revisa todos\u00a0 los cap\u00edtulos\u00a0<a href=\"https:\/\/www.youtube.com\/playlist?list=PL_MgYb-LjtdB-Hi9_o-ekah8ZttrCS_W3\">aqu\u00ed\u00a0<\/a><\/p>\n<\/div><\/section><\/div><div  style='height:50px' class='hr hr-invisible   avia-builder-el-6  el_after_av_one_full  el_before_av_social_share '><span class='hr-inner ' ><span class='hr-inner-style'><\/span><\/span><\/div><\/p>\n<div  class='av-social-sharing-box  avia-builder-el-7  el_after_av_hr  el_before_av_hr  '><div class='av-share-box'><h5 class='av-share-link-description av-no-toc '>Compartir esta noticia<\/h5><ul class='av-share-box-list noLightbox'><li class='av-share-link av-social-link-facebook' ><a target=\"_blank\" aria-label=\"Compartir en Facebook\" href='https:\/\/www.facebook.com\/sharer.php?u=https:\/\/radiorevelacionfm.cl\/?p=28250&#038;t=Lanzan%20segunda%20temporada%20de%20%E2%80%9CViaje%20Silvestre%E2%80%9D%2C%20programa%20radial%20que%20releva%20el%20patrimonio%20natural%20y%20cultural%20de%20Ays%C3%A9n' aria-hidden='false' data-av_icon='\ue8f3' data-av_iconfont='entypo-fontello' title='' data-avia-related-tooltip='Compartir en Facebook' rel=\"noopener\"><span class='avia_hidden_link_text'>Compartir en Facebook<\/span><\/a><\/li><li class='av-share-link av-social-link-twitter' ><a target=\"_blank\" aria-label=\"Compartir en Twitter\" href='https:\/\/twitter.com\/share?text=Lanzan%20segunda%20temporada%20de%20%E2%80%9CViaje%20Silvestre%E2%80%9D%2C%20programa%20radial%20que%20releva%20el%20patrimonio%20natural%20y%20cultural%20de%20Ays%C3%A9n&#038;url=https:\/\/radiorevelacionfm.cl\/?p=28250' aria-hidden='false' data-av_icon='\ue8f1' data-av_iconfont='entypo-fontello' title='' data-avia-related-tooltip='Compartir en Twitter' rel=\"noopener\"><span class='avia_hidden_link_text'>Compartir en Twitter<\/span><\/a><\/li><li class='av-share-link av-social-link-whatsapp' ><a target=\"_blank\" aria-label=\"Compartir en Whatsapp\" href='https:\/\/api.whatsapp.com\/send?text=https:\/\/radiorevelacionfm.cl\/?p=28250' aria-hidden='false' data-av_icon='\uf232' data-av_iconfont='entypo-fontello' title='' data-avia-related-tooltip='Compartir en Whatsapp' rel=\"noopener\"><span class='avia_hidden_link_text'>Compartir en Whatsapp<\/span><\/a><\/li><li class='av-share-link av-social-link-linkedin' ><a target=\"_blank\" aria-label=\"Compartir en LinkedIn\" href='https:\/\/linkedin.com\/shareArticle?mini=true&#038;title=Lanzan%20segunda%20temporada%20de%20%E2%80%9CViaje%20Silvestre%E2%80%9D%2C%20programa%20radial%20que%20releva%20el%20patrimonio%20natural%20y%20cultural%20de%20Ays%C3%A9n&#038;url=https:\/\/radiorevelacionfm.cl\/?p=28250' aria-hidden='false' data-av_icon='\ue8fc' data-av_iconfont='entypo-fontello' title='' data-avia-related-tooltip='Compartir en LinkedIn' rel=\"noopener\"><span class='avia_hidden_link_text'>Compartir en LinkedIn<\/span><\/a><\/li><li class='av-share-link av-social-link-mail' ><a  aria-label=\"Compartir por correo\" href='mailto:?subject=Lanzan%20segunda%20temporada%20de%20%E2%80%9CViaje%20Silvestre%E2%80%9D%2C%20programa%20radial%20que%20releva%20el%20patrimonio%20natural%20y%20cultural%20de%20Ays%C3%A9n&#038;body=https:\/\/radiorevelacionfm.cl\/?p=28250' aria-hidden='false' data-av_icon='\ue805' data-av_iconfont='entypo-fontello' title='' data-avia-related-tooltip='Compartir por correo'><span class='avia_hidden_link_text'>Compartir por correo<\/span><\/a><\/li><\/ul><\/div><\/div>\n<div  style='height:50px' class='hr hr-invisible   avia-builder-el-8  el_after_av_social_share  el_before_av_comments_list '><span class='hr-inner ' ><span class='hr-inner-style'><\/span><\/span><\/div>\n<div  class='av-buildercomment  av-blog-meta-html-info-disabled av-blog-meta-tag-disabled  '><\/div>\n","protected":false},"excerpt":{"rendered":"","protected":false},"author":1,"featured_media":28253,"comment_status":"open","ping_status":"open","sticky":false,"template":"","format":"standard","meta":{"footnotes":""},"categories":[54],"tags":[],"class_list":["post-28250","post","type-post","status-publish","format-standard","has-post-thumbnail","hentry","category-turismo"],"jetpack_featured_media_url":"https:\/\/radiorevelacionfm.cl\/wp-content\/uploads\/2023\/02\/unnamed-35-1_optimized-1-PhotoRoom-1.jpg","_links":{"self":[{"href":"https:\/\/radiorevelacionfm.cl\/index.php?rest_route=\/wp\/v2\/posts\/28250","targetHints":{"allow":["GET"]}}],"collection":[{"href":"https:\/\/radiorevelacionfm.cl\/index.php?rest_route=\/wp\/v2\/posts"}],"about":[{"href":"https:\/\/radiorevelacionfm.cl\/index.php?rest_route=\/wp\/v2\/types\/post"}],"author":[{"embeddable":true,"href":"https:\/\/radiorevelacionfm.cl\/index.php?rest_route=\/wp\/v2\/users\/1"}],"replies":[{"embeddable":true,"href":"https:\/\/radiorevelacionfm.cl\/index.php?rest_route=%2Fwp%2Fv2%2Fcomments&post=28250"}],"version-history":[{"count":2,"href":"https:\/\/radiorevelacionfm.cl\/index.php?rest_route=\/wp\/v2\/posts\/28250\/revisions"}],"predecessor-version":[{"id":28299,"href":"https:\/\/radiorevelacionfm.cl\/index.php?rest_route=\/wp\/v2\/posts\/28250\/revisions\/28299"}],"wp:featuredmedia":[{"embeddable":true,"href":"https:\/\/radiorevelacionfm.cl\/index.php?rest_route=\/wp\/v2\/media\/28253"}],"wp:attachment":[{"href":"https:\/\/radiorevelacionfm.cl\/index.php?rest_route=%2Fwp%2Fv2%2Fmedia&parent=28250"}],"wp:term":[{"taxonomy":"category","embeddable":true,"href":"https:\/\/radiorevelacionfm.cl\/index.php?rest_route=%2Fwp%2Fv2%2Fcategories&post=28250"},{"taxonomy":"post_tag","embeddable":true,"href":"https:\/\/radiorevelacionfm.cl\/index.php?rest_route=%2Fwp%2Fv2%2Ftags&post=28250"}],"curies":[{"name":"wp","href":"https:\/\/api.w.org\/{rel}","templated":true}]}}