{"id":28246,"date":"2023-02-28T14:56:24","date_gmt":"2023-02-28T17:56:24","guid":{"rendered":"https:\/\/radiorevelacionfm.cl\/?p=28246"},"modified":"2023-02-28T14:56:24","modified_gmt":"2023-02-28T17:56:24","slug":"comienza-la-construccion-de-nueva-infraestructura-en-sendero-cueva-de-las-manos-en-el-parque-patagonia","status":"publish","type":"post","link":"https:\/\/radiorevelacionfm.cl\/?p=28246","title":{"rendered":"Comienza la construcci\u00f3n de nueva infraestructura en sendero Cueva de las Manos en el Parque Patagonia"},"content":{"rendered":"<div class=\"flex_column av_one_full  flex_column_div av-zero-column-padding first  avia-builder-el-0  el_before_av_one_full  avia-builder-el-first  \" style='border-radius:0px; '><div  class='avia-image-container  av-styling-    avia-builder-el-1  avia-builder-el-no-sibling  avia-align-center '  itemprop=\"image\" itemscope=\"itemscope\" itemtype=\"https:\/\/schema.org\/ImageObject\"  ><div class='avia-image-container-inner'><div class='avia-image-overlay-wrap'><img decoding=\"async\" class='wp-image-28247 avia-img-lazy-loading-not-28247 avia_image' src=\"https:\/\/radiorevelacionfm.cl\/wp-content\/uploads\/2023\/02\/sendero-cuevas-de-las-manos2-1_optimized.jpg\" alt='' title='sendero-cuevas-de-las-manos2-(1)_optimized' height=\"600\" width=\"800\"  itemprop=\"thumbnailUrl\" srcset=\"https:\/\/radiorevelacionfm.cl\/wp-content\/uploads\/2023\/02\/sendero-cuevas-de-las-manos2-1_optimized.jpg 800w, https:\/\/radiorevelacionfm.cl\/wp-content\/uploads\/2023\/02\/sendero-cuevas-de-las-manos2-1_optimized-300x225.jpg 300w, https:\/\/radiorevelacionfm.cl\/wp-content\/uploads\/2023\/02\/sendero-cuevas-de-las-manos2-1_optimized-768x576.jpg 768w, https:\/\/radiorevelacionfm.cl\/wp-content\/uploads\/2023\/02\/sendero-cuevas-de-las-manos2-1_optimized-705x529.jpg 705w, https:\/\/radiorevelacionfm.cl\/wp-content\/uploads\/2023\/02\/sendero-cuevas-de-las-manos2-1_optimized-600x450.jpg 600w\" sizes=\"(max-width: 800px) 100vw, 800px\" \/><\/div><\/div><\/div><\/div><div class=\"flex_column av_one_full  flex_column_div av-zero-column-padding first  avia-builder-el-2  el_after_av_one_full  el_before_av_one_full  column-top-margin\" style='border-radius:0px; '><section class=\"av_textblock_section \"  itemscope=\"itemscope\" itemtype=\"https:\/\/schema.org\/BlogPosting\" itemprop=\"blogPost\" ><div class='avia_textblock  '   itemprop=\"text\" ><p style=\"text-align: center;\"><strong><span style=\"font-size: 18pt;\">Comienza la construcci\u00f3n de nueva infraestructura en sendero Cueva de las Manos en el Parque Patagonia<\/span><\/strong><\/p>\n<div id=\"gtx-trans\" style=\"position: absolute; left: -50px; top: 4.31534px;\">\n<div class=\"gtx-trans-icon\"><\/div>\n<\/div>\n<\/div><\/section><\/div><div class=\"flex_column av_one_full  flex_column_div av-zero-column-padding first  avia-builder-el-4  el_after_av_one_full  el_before_av_hr  column-top-margin\" style='border-radius:0px; '><section class=\"av_textblock_section \"  itemscope=\"itemscope\" itemtype=\"https:\/\/schema.org\/BlogPosting\" itemprop=\"blogPost\" ><div class='avia_textblock  '   itemprop=\"text\" ><p style=\"text-align: justify;\">El proyecto considera en su primera etapa la construcci\u00f3n de un sendero de 7.5 km, que incluye zonas de descanso, miradores, puentes, pasarelas, escalerines y elementos de protecci\u00f3n.<\/p>\n<p style=\"text-align: justify;\">Hace algunos d\u00edas se dio el vamos para las obras de un anhelado proyecto que vendr\u00e1 a mejorar la experiencia de los visitantes del Parque Nacional Patagonia.<\/p>\n<p style=\"text-align: justify;\">Adem\u00e1s de infraestructura, el proyecto tambi\u00e9n considera elementos de se\u00f1al\u00e9tica dispuestos para acompa\u00f1ar el recorrido, con fines de su visita, seguridad e interpretaci\u00f3n de valores de biodiversidad, ecolog\u00eda, geolog\u00eda, paisaje y aspectos culturales que son tan relevantes en esta \u00e1rea protegida de la regi\u00f3n de Ays\u00e9n.<\/p>\n<p style=\"text-align: justify;\">El recorrido considera la visita de dos sitios arqueol\u00f3gicos en los que se dispone la construcci\u00f3n de elementos para el acceso de visitantes. Dada sus caracter\u00edsticas, el sendero considera monitoreo arqueol\u00f3gico a lo largo de todo el recorrido, en especial en ambos sitios patrimoniales.<\/p>\n<p style=\"text-align: justify;\">Adem\u00e1s, el proyecto incluye un tramo de 1.090 mt de accesibilidad universal y estacionamiento en el sector de acceso vehicular.<\/p>\n<p style=\"text-align: justify;\">Las obras, cuyo mandante es el Gobierno Regional de Ays\u00e9n y la unidad t\u00e9cnica el MOP, consideran el resguardo de los elementos culturales y valores naturales del lugar de acuerdo con los protocolos establecidos por CONAF, bajo la consideraci\u00f3n de su condici\u00f3n de Parque Nacional Patagonia.<\/p>\n<\/div><\/section><\/div><div  style='height:50px' class='hr hr-invisible   avia-builder-el-6  el_after_av_one_full  el_before_av_social_share '><span class='hr-inner ' ><span class='hr-inner-style'><\/span><\/span><\/div><\/p>\n<div  class='av-social-sharing-box  avia-builder-el-7  el_after_av_hr  el_before_av_hr  '><div class='av-share-box'><h5 class='av-share-link-description av-no-toc '>Compartir esta noticia<\/h5><ul class='av-share-box-list noLightbox'><li class='av-share-link av-social-link-facebook' ><a target=\"_blank\" aria-label=\"Compartir en Facebook\" href='https:\/\/www.facebook.com\/sharer.php?u=https:\/\/radiorevelacionfm.cl\/?p=28246&#038;t=Comienza%20la%20construcci%C3%B3n%20de%20nueva%20infraestructura%20en%20sendero%20Cueva%20de%20las%20Manos%20en%20el%20Parque%20Patagonia' aria-hidden='false' data-av_icon='\ue8f3' data-av_iconfont='entypo-fontello' title='' data-avia-related-tooltip='Compartir en Facebook' rel=\"noopener\"><span class='avia_hidden_link_text'>Compartir en Facebook<\/span><\/a><\/li><li class='av-share-link av-social-link-twitter' ><a target=\"_blank\" aria-label=\"Compartir en Twitter\" href='https:\/\/twitter.com\/share?text=Comienza%20la%20construcci%C3%B3n%20de%20nueva%20infraestructura%20en%20sendero%20Cueva%20de%20las%20Manos%20en%20el%20Parque%20Patagonia&#038;url=https:\/\/radiorevelacionfm.cl\/?p=28246' aria-hidden='false' data-av_icon='\ue8f1' data-av_iconfont='entypo-fontello' title='' data-avia-related-tooltip='Compartir en Twitter' rel=\"noopener\"><span class='avia_hidden_link_text'>Compartir en Twitter<\/span><\/a><\/li><li class='av-share-link av-social-link-whatsapp' ><a target=\"_blank\" aria-label=\"Compartir en Whatsapp\" href='https:\/\/api.whatsapp.com\/send?text=https:\/\/radiorevelacionfm.cl\/?p=28246' aria-hidden='false' data-av_icon='\uf232' data-av_iconfont='entypo-fontello' title='' data-avia-related-tooltip='Compartir en Whatsapp' rel=\"noopener\"><span class='avia_hidden_link_text'>Compartir en Whatsapp<\/span><\/a><\/li><li class='av-share-link av-social-link-linkedin' ><a target=\"_blank\" aria-label=\"Compartir en LinkedIn\" href='https:\/\/linkedin.com\/shareArticle?mini=true&#038;title=Comienza%20la%20construcci%C3%B3n%20de%20nueva%20infraestructura%20en%20sendero%20Cueva%20de%20las%20Manos%20en%20el%20Parque%20Patagonia&#038;url=https:\/\/radiorevelacionfm.cl\/?p=28246' aria-hidden='false' data-av_icon='\ue8fc' data-av_iconfont='entypo-fontello' title='' data-avia-related-tooltip='Compartir en LinkedIn' rel=\"noopener\"><span class='avia_hidden_link_text'>Compartir en LinkedIn<\/span><\/a><\/li><li class='av-share-link av-social-link-mail' ><a  aria-label=\"Compartir por correo\" href='mailto:?subject=Comienza%20la%20construcci%C3%B3n%20de%20nueva%20infraestructura%20en%20sendero%20Cueva%20de%20las%20Manos%20en%20el%20Parque%20Patagonia&#038;body=https:\/\/radiorevelacionfm.cl\/?p=28246' aria-hidden='false' data-av_icon='\ue805' data-av_iconfont='entypo-fontello' title='' data-avia-related-tooltip='Compartir por correo'><span class='avia_hidden_link_text'>Compartir por correo<\/span><\/a><\/li><\/ul><\/div><\/div>\n<div  style='height:50px' class='hr hr-invisible   avia-builder-el-8  el_after_av_social_share  el_before_av_comments_list '><span class='hr-inner ' ><span class='hr-inner-style'><\/span><\/span><\/div>\n<div  class='av-buildercomment  av-blog-meta-html-info-disabled av-blog-meta-tag-disabled  '><\/div>\n","protected":false},"excerpt":{"rendered":"","protected":false},"author":1,"featured_media":28247,"comment_status":"open","ping_status":"open","sticky":false,"template":"","format":"standard","meta":{"footnotes":""},"categories":[54],"tags":[],"class_list":["post-28246","post","type-post","status-publish","format-standard","has-post-thumbnail","hentry","category-turismo"],"jetpack_featured_media_url":"https:\/\/radiorevelacionfm.cl\/wp-content\/uploads\/2023\/02\/sendero-cuevas-de-las-manos2-1_optimized.jpg","_links":{"self":[{"href":"https:\/\/radiorevelacionfm.cl\/index.php?rest_route=\/wp\/v2\/posts\/28246","targetHints":{"allow":["GET"]}}],"collection":[{"href":"https:\/\/radiorevelacionfm.cl\/index.php?rest_route=\/wp\/v2\/posts"}],"about":[{"href":"https:\/\/radiorevelacionfm.cl\/index.php?rest_route=\/wp\/v2\/types\/post"}],"author":[{"embeddable":true,"href":"https:\/\/radiorevelacionfm.cl\/index.php?rest_route=\/wp\/v2\/users\/1"}],"replies":[{"embeddable":true,"href":"https:\/\/radiorevelacionfm.cl\/index.php?rest_route=%2Fwp%2Fv2%2Fcomments&post=28246"}],"version-history":[{"count":2,"href":"https:\/\/radiorevelacionfm.cl\/index.php?rest_route=\/wp\/v2\/posts\/28246\/revisions"}],"predecessor-version":[{"id":28309,"href":"https:\/\/radiorevelacionfm.cl\/index.php?rest_route=\/wp\/v2\/posts\/28246\/revisions\/28309"}],"wp:featuredmedia":[{"embeddable":true,"href":"https:\/\/radiorevelacionfm.cl\/index.php?rest_route=\/wp\/v2\/media\/28247"}],"wp:attachment":[{"href":"https:\/\/radiorevelacionfm.cl\/index.php?rest_route=%2Fwp%2Fv2%2Fmedia&parent=28246"}],"wp:term":[{"taxonomy":"category","embeddable":true,"href":"https:\/\/radiorevelacionfm.cl\/index.php?rest_route=%2Fwp%2Fv2%2Fcategories&post=28246"},{"taxonomy":"post_tag","embeddable":true,"href":"https:\/\/radiorevelacionfm.cl\/index.php?rest_route=%2Fwp%2Fv2%2Ftags&post=28246"}],"curies":[{"name":"wp","href":"https:\/\/api.w.org\/{rel}","templated":true}]}}