{"id":28244,"date":"2023-02-28T14:32:22","date_gmt":"2023-02-28T17:32:22","guid":{"rendered":"https:\/\/radiorevelacionfm.cl\/?p=28244"},"modified":"2023-02-28T14:32:22","modified_gmt":"2023-02-28T17:32:22","slug":"comunidades-de-coyhaique-cierran-ludico-verano-en-patios-culturales","status":"publish","type":"post","link":"https:\/\/radiorevelacionfm.cl\/?p=28244","title":{"rendered":"Comunidades de Coyhaique cierran l\u00fadico verano en Patios Culturales"},"content":{"rendered":"<div class=\"flex_column av_one_full  flex_column_div av-zero-column-padding first  avia-builder-el-0  el_before_av_one_full  avia-builder-el-first  \" style='border-radius:0px; '><div  class='avia-image-container  av-styling-    avia-builder-el-1  avia-builder-el-no-sibling  avia-align-center '  itemprop=\"image\" itemscope=\"itemscope\" itemtype=\"https:\/\/schema.org\/ImageObject\"  ><div class='avia-image-container-inner'><div class='avia-image-overlay-wrap'><img decoding=\"async\" class='wp-image-25976 avia-img-lazy-loading-not-25976 avia_image' src=\"https:\/\/radiorevelacionfm.cl\/wp-content\/uploads\/2022\/12\/patios-3-1_optimized.jpg\" alt='' title='patios-3-(1)_optimized' height=\"600\" width=\"899\"  itemprop=\"thumbnailUrl\" srcset=\"https:\/\/radiorevelacionfm.cl\/wp-content\/uploads\/2022\/12\/patios-3-1_optimized.jpg 899w, https:\/\/radiorevelacionfm.cl\/wp-content\/uploads\/2022\/12\/patios-3-1_optimized-300x200.jpg 300w, https:\/\/radiorevelacionfm.cl\/wp-content\/uploads\/2022\/12\/patios-3-1_optimized-768x513.jpg 768w, https:\/\/radiorevelacionfm.cl\/wp-content\/uploads\/2022\/12\/patios-3-1_optimized-705x471.jpg 705w, https:\/\/radiorevelacionfm.cl\/wp-content\/uploads\/2022\/12\/patios-3-1_optimized-600x400.jpg 600w\" sizes=\"(max-width: 899px) 100vw, 899px\" \/><\/div><\/div><\/div><\/div><div class=\"flex_column av_one_full  flex_column_div av-zero-column-padding first  avia-builder-el-2  el_after_av_one_full  el_before_av_one_full  column-top-margin\" style='border-radius:0px; '><section class=\"av_textblock_section \"  itemscope=\"itemscope\" itemtype=\"https:\/\/schema.org\/BlogPosting\" itemprop=\"blogPost\" ><div class='avia_textblock  '   itemprop=\"text\" ><p style=\"text-align: center;\"><span style=\"font-size: 18pt;\"><b>Comunidades de Coyhaique cierran l\u00fadico verano en Patios Culturales<\/b><\/span><b><br \/>\n<\/b><\/p>\n<div id=\"gtx-trans\" style=\"position: absolute; left: -50px; top: 4.31534px;\">\n<div class=\"gtx-trans-icon\"><\/div>\n<\/div>\n<\/div><\/section><\/div><div class=\"flex_column av_one_full  flex_column_div av-zero-column-padding first  avia-builder-el-4  el_after_av_one_full  el_before_av_hr  column-top-margin\" style='border-radius:0px; '><section class=\"av_textblock_section \"  itemscope=\"itemscope\" itemtype=\"https:\/\/schema.org\/BlogPosting\" itemprop=\"blogPost\" ><div class='avia_textblock  '   itemprop=\"text\" ><p class=\"v1p3 v1ContentPasted0\" style=\"text-align: justify;\">\u00abYo ya tengo experiencia con esta actividad. Estamos conformes con el resultado. Es importante que los ni\u00f1os y ni\u00f1as tengan d\u00f3nde recrearse y pasar las vacaciones de verano. Lo pasaron muy bien, entretenidos y contentos\u00bb. De este modo, Jaqueline Carrasco, vecina de la poblaci\u00f3n El Bosque de Coyhaique, resume el verano que vivi\u00f3 junto a su comunidad en Patios Culturales, iniciativa del Ministerio de las Culturas, las Artes y el Patrimonio, en colaboraci\u00f3n con el Ministerio del Interior a trav\u00e9s de la Subsecretar\u00eda de Prevenci\u00f3n del Delito con su plan \u00abSomos Barrio\u00bb.<\/p>\n<p class=\"v1p3 v1ContentPasted0\" style=\"text-align: justify;\">M\u00e1s de 60 ni\u00f1os junto a sus familias recibieron la visita de facilitadores y facilitadoras con diversas actividades vinculadas a la creaci\u00f3n, el juegos, las culturas, el territorio y la identidad regional.<span class=\"v1Apple-converted-space v1ContentPasted0\">\u00a0<\/span><\/p>\n<p class=\"v1p3 v1ContentPasted0\" style=\"text-align: justify;\">Para el seremi de Culturas Ays\u00e9n, Felipe Quiroz, \u00abcon estas actividades estivales, pudimos instalar en el barrio El Bosque de Coyhaique, panoramas permanentes durante este verano, cumpliendo el mandato del Gobierno del presidente Gabriel Boric de promover el uso de espacios p\u00fablicos y generar mejor convivencia ciudadana. La cultura, el deporte y la actividad recreativa son fundamentales para recuperar los espacios p\u00fablicos y que las familias se sientan seguras en sus barrios\u00bb.<\/p>\n<p class=\"v1p3 v1ContentPasted0\" style=\"text-align: justify;\">Desde la Subsecretaria de Prevenci\u00f3n del Delito, Marco Poblete, Asesor T\u00e9cnico de la Coordinaci\u00f3n Regional, sostuvo que \u00abel trabajo colaborativo con el Ministerio de las Culturas ha sido muy provechoso, ya que hemos podido llevar su oferta al trabajo que realizamos desde el Programa Somos Barrio, dando continuidad a las acciones que hemos comprometido ah\u00ed. Tambi\u00e9n hemos tenido la posibilidad de compartir con las y los ni\u00f1os que se han sumado a los Patios Culturales y eso resulta muy satisfactorio, no solo desde el plano creativo y art\u00edstico, sino que tambi\u00e9n desde lo social, pues nos permite ser testigos de sus enormes ganas de compartir, conversar y de que cono<span class=\"v1s1 v1ContentPasted0\">z<\/span>camos sus experiencias\u00bb.<\/p>\n<p class=\"v1p3 v1ContentPasted0\" style=\"text-align: justify;\">El titiritero y gestor cultural, Dami\u00e1n Ant\u00edguez, cree que se trata de \u00abuna experiencia bien gratificante donde la comunidad particip\u00f3 de manera espont\u00e1nea y tambi\u00e9n funcionarios de distintas instituciones p\u00fablicas en las diferentes din\u00e1micas recreativas y art\u00edsticas. Es importante resaltar la necesidad de la participaci\u00f3n desde la organizaci\u00f3n con las comunidades. Eso es fundamental para el \u00e9xito de cualquier programa comunitario\u00bb.<\/p>\n<p class=\"v1p3 v1ContentPasted0\" style=\"text-align: justify;\">Adem\u00e1s de los ministerios de Culturas e Interior, Patios Culturales sum\u00f3 esfuerzos de las carteras de Educaci\u00f3n, de la Mujer y Equidad de G\u00e9nero, Cecrea Coyhaique y el Servicio Nacional del Adulto Mayor Ays\u00e9n. Participaron comunidades de las poblaciones Achen, El Bosque y Villa Patagonia.<\/p>\n<\/div><\/section><\/div><div  style='height:50px' class='hr hr-invisible   avia-builder-el-6  el_after_av_one_full  el_before_av_social_share '><span class='hr-inner ' ><span class='hr-inner-style'><\/span><\/span><\/div><\/p>\n<div  class='av-social-sharing-box  avia-builder-el-7  el_after_av_hr  el_before_av_hr  '><div class='av-share-box'><h5 class='av-share-link-description av-no-toc '>Compartir esta noticia<\/h5><ul class='av-share-box-list noLightbox'><li class='av-share-link av-social-link-facebook' ><a target=\"_blank\" aria-label=\"Compartir en Facebook\" href='https:\/\/www.facebook.com\/sharer.php?u=https:\/\/radiorevelacionfm.cl\/?p=28244&#038;t=Comunidades%20de%20Coyhaique%20cierran%20l%C3%BAdico%20verano%20en%20Patios%20Culturales' aria-hidden='false' data-av_icon='\ue8f3' data-av_iconfont='entypo-fontello' title='' data-avia-related-tooltip='Compartir en Facebook' rel=\"noopener\"><span class='avia_hidden_link_text'>Compartir en Facebook<\/span><\/a><\/li><li class='av-share-link av-social-link-twitter' ><a target=\"_blank\" aria-label=\"Compartir en Twitter\" href='https:\/\/twitter.com\/share?text=Comunidades%20de%20Coyhaique%20cierran%20l%C3%BAdico%20verano%20en%20Patios%20Culturales&#038;url=https:\/\/radiorevelacionfm.cl\/?p=28244' aria-hidden='false' data-av_icon='\ue8f1' data-av_iconfont='entypo-fontello' title='' data-avia-related-tooltip='Compartir en Twitter' rel=\"noopener\"><span class='avia_hidden_link_text'>Compartir en Twitter<\/span><\/a><\/li><li class='av-share-link av-social-link-whatsapp' ><a target=\"_blank\" aria-label=\"Compartir en Whatsapp\" href='https:\/\/api.whatsapp.com\/send?text=https:\/\/radiorevelacionfm.cl\/?p=28244' aria-hidden='false' data-av_icon='\uf232' data-av_iconfont='entypo-fontello' title='' data-avia-related-tooltip='Compartir en Whatsapp' rel=\"noopener\"><span class='avia_hidden_link_text'>Compartir en Whatsapp<\/span><\/a><\/li><li class='av-share-link av-social-link-linkedin' ><a target=\"_blank\" aria-label=\"Compartir en LinkedIn\" href='https:\/\/linkedin.com\/shareArticle?mini=true&#038;title=Comunidades%20de%20Coyhaique%20cierran%20l%C3%BAdico%20verano%20en%20Patios%20Culturales&#038;url=https:\/\/radiorevelacionfm.cl\/?p=28244' aria-hidden='false' data-av_icon='\ue8fc' data-av_iconfont='entypo-fontello' title='' data-avia-related-tooltip='Compartir en LinkedIn' rel=\"noopener\"><span class='avia_hidden_link_text'>Compartir en LinkedIn<\/span><\/a><\/li><li class='av-share-link av-social-link-mail' ><a  aria-label=\"Compartir por correo\" href='mailto:?subject=Comunidades%20de%20Coyhaique%20cierran%20l%C3%BAdico%20verano%20en%20Patios%20Culturales&#038;body=https:\/\/radiorevelacionfm.cl\/?p=28244' aria-hidden='false' data-av_icon='\ue805' data-av_iconfont='entypo-fontello' title='' data-avia-related-tooltip='Compartir por correo'><span class='avia_hidden_link_text'>Compartir por correo<\/span><\/a><\/li><\/ul><\/div><\/div>\n<div  style='height:50px' class='hr hr-invisible   avia-builder-el-8  el_after_av_social_share  el_before_av_comments_list '><span class='hr-inner ' ><span class='hr-inner-style'><\/span><\/span><\/div>\n<div  class='av-buildercomment  av-blog-meta-html-info-disabled av-blog-meta-tag-disabled  '><\/div>\n","protected":false},"excerpt":{"rendered":"","protected":false},"author":1,"featured_media":25976,"comment_status":"open","ping_status":"open","sticky":false,"template":"","format":"standard","meta":{"footnotes":""},"categories":[52],"tags":[],"class_list":["post-28244","post","type-post","status-publish","format-standard","has-post-thumbnail","hentry","category-cultura"],"jetpack_featured_media_url":"https:\/\/radiorevelacionfm.cl\/wp-content\/uploads\/2022\/12\/patios-3-1_optimized.jpg","_links":{"self":[{"href":"https:\/\/radiorevelacionfm.cl\/index.php?rest_route=\/wp\/v2\/posts\/28244","targetHints":{"allow":["GET"]}}],"collection":[{"href":"https:\/\/radiorevelacionfm.cl\/index.php?rest_route=\/wp\/v2\/posts"}],"about":[{"href":"https:\/\/radiorevelacionfm.cl\/index.php?rest_route=\/wp\/v2\/types\/post"}],"author":[{"embeddable":true,"href":"https:\/\/radiorevelacionfm.cl\/index.php?rest_route=\/wp\/v2\/users\/1"}],"replies":[{"embeddable":true,"href":"https:\/\/radiorevelacionfm.cl\/index.php?rest_route=%2Fwp%2Fv2%2Fcomments&post=28244"}],"version-history":[{"count":2,"href":"https:\/\/radiorevelacionfm.cl\/index.php?rest_route=\/wp\/v2\/posts\/28244\/revisions"}],"predecessor-version":[{"id":28249,"href":"https:\/\/radiorevelacionfm.cl\/index.php?rest_route=\/wp\/v2\/posts\/28244\/revisions\/28249"}],"wp:featuredmedia":[{"embeddable":true,"href":"https:\/\/radiorevelacionfm.cl\/index.php?rest_route=\/wp\/v2\/media\/25976"}],"wp:attachment":[{"href":"https:\/\/radiorevelacionfm.cl\/index.php?rest_route=%2Fwp%2Fv2%2Fmedia&parent=28244"}],"wp:term":[{"taxonomy":"category","embeddable":true,"href":"https:\/\/radiorevelacionfm.cl\/index.php?rest_route=%2Fwp%2Fv2%2Fcategories&post=28244"},{"taxonomy":"post_tag","embeddable":true,"href":"https:\/\/radiorevelacionfm.cl\/index.php?rest_route=%2Fwp%2Fv2%2Ftags&post=28244"}],"curies":[{"name":"wp","href":"https:\/\/api.w.org\/{rel}","templated":true}]}}