{"id":2824,"date":"2021-02-20T10:44:18","date_gmt":"2021-02-20T13:44:18","guid":{"rendered":"https:\/\/radiorevelacionfm.cl\/?p=2824"},"modified":"2021-02-20T11:00:48","modified_gmt":"2021-02-20T14:00:48","slug":"con-exito-finaliza-en-chile-chico-la-temporada-de-cerezas-2021","status":"publish","type":"post","link":"https:\/\/radiorevelacionfm.cl\/?p=2824","title":{"rendered":"Con \u00e9xito finaliza en Chile Chico la temporada de cerezas 2021"},"content":{"rendered":"<div class=\"flex_column av_one_full  flex_column_div av-zero-column-padding first  avia-builder-el-0  el_before_av_one_full  avia-builder-el-first  \" style='border-radius:0px; '><div  class='avia-image-container  av-styling-    avia-builder-el-1  avia-builder-el-no-sibling  avia-align-center '  itemprop=\"image\" itemscope=\"itemscope\" itemtype=\"https:\/\/schema.org\/ImageObject\"  ><div class='avia-image-container-inner'><div class='avia-image-overlay-wrap'><img decoding=\"async\" class='wp-image-0 avia-img-lazy-loading-not-0 avia_image' src=\"https:\/\/radiorevelacionfm.cl\/wp-content\/uploads\/2021\/02\/IMG-20210210-WA0059-1-1.jpg\" alt='' title=''   itemprop=\"thumbnailUrl\"  \/><\/div><\/div><\/div><\/div><div class=\"flex_column av_one_full  flex_column_div av-zero-column-padding first  avia-builder-el-2  el_after_av_one_full  el_before_av_one_full  column-top-margin\" style='border-radius:0px; '><section class=\"av_textblock_section \"  itemscope=\"itemscope\" itemtype=\"https:\/\/schema.org\/BlogPosting\" itemprop=\"blogPost\" ><div class='avia_textblock  '   itemprop=\"text\" ><p style=\"text-align: center;\"><span style=\"font-size: 18pt;\"><strong>Con \u00e9xito finaliza en Chile Chico la temporada de cerezas 2021 <\/strong><\/span><\/p>\n<div id=\"gtx-trans\" style=\"position: absolute; left: -50px; top: 4.31534px;\">\n<div class=\"gtx-trans-icon\"><\/div>\n<\/div>\n<\/div><\/section><\/div><\/p>\n<div class=\"flex_column av_one_full  flex_column_div av-zero-column-padding first  avia-builder-el-4  el_after_av_one_full  el_before_av_hr  column-top-margin\" style='border-radius:0px; '><section class=\"av_textblock_section \"  itemscope=\"itemscope\" itemtype=\"https:\/\/schema.org\/BlogPosting\" itemprop=\"blogPost\" ><div class='avia_textblock  '   itemprop=\"text\" ><p style=\"text-align: justify;\">Destacando un aumento en la exportaci\u00f3n de cerezas de Chile Chico, la que creci\u00f3 en un 28,5%.<\/p>\n<p style=\"text-align: justify;\">El 6 de enero funcionarios de la oficina SAG de Chile Chico, dieron inicio al proceso de\u00a0 inspecci\u00f3n y certificaci\u00f3n de cerezas de la temporada 2021, durante dos meses se inspeccionaron un total de 620.590 kilos de cerezas, las que salieron con destino a Reino Unido, China, Corea, Rusia.<\/p>\n<p style=\"text-align: justify;\">\u201cSon los resultados de un trabajo en conjunto, para sacar adelante una temporada que tra\u00eda una serie de situaciones complejas desde el punto de vista log\u00edstico producto de la pandemia coronavirus, las cuales se pudieron desarrollar sin inconvenientes gracias al compromiso p\u00fablico privado, en t\u00e9rminos de protocolos sanitarios y medidas de bioseguridad, lo que permiti\u00f3 terminar una temporada con cero caso positivo de COVID_19, en del rubro exportador, lo que permiti\u00f3 trabajar con absoluta tranquilad y confianza, las medidas implementadas fueron por el\u00a0 camino correcto para poder entregar un producto de excelencia al mercado, sin poner en riesgo a los funcionarios y trabajadores\u201d. Se\u00f1alo, Cristian Lozano, Jefe Oficina Sectorial, Chile Chico.<\/p>\n<p style=\"text-align: justify;\">Felipe Henr\u00edquez Raglianti, Seremi de Agricultura, comenta \u201ca pesar de las dificultades que han tenido todos los sectores productivos, producto de la pandemia, es destacable el trabajo que se realiz\u00f3 en el valle de Chile Chico y Bah\u00eda Jara para poder operar esta temporada productiva de cerezas, se logr\u00f3 despachar la cereza sin inconveniente, realizar un trabajo coordinado entre el Servicio Agr\u00edcola y Ganadero, Aduana, Polic\u00eda de investigaciones, Gobernaci\u00f3n de General Carrera, a trav\u00e9s de la mesa de comercio exterior que tomo el tema en agosto del a\u00f1os 2020, logramos generar todas las facilidades para que los productores pudieran utilizar el paso fronterizo Jeinimeni, para el tr\u00e1nsito de camiones que trasladaban el producto, muy contentos, muy satisfechos con esta gran t\u00e9mpora productiva, porque esto sin duda aporta a la econom\u00eda local, mantiene el prestigio que tiene Chile como una potencia agroalimentaria y sigue dejando en alto la fruticultura del valle de Chile Chico y Bah\u00eda Jara\u201d<\/p>\n<p style=\"text-align: justify;\">Finalmente, uno de los productores, Esteban Milovic, gerente de Agr\u00edcola Chile Chico Cherry LTDA, indic\u00f3 que: \u201cHemos logrado hacer una buena temporada de exportaci\u00f3n a pesar de la pandemia COVID_19, gracias a la colaboraci\u00f3n de los trabajadores, personal de la empresa, toda la gente involucrada, muy agradecidos de los funcionarios de ministerio de agricultura, especialmente del SAG, que hicieron siempre todos los esfuerzos para realizar las inspecciones a tiempo en todos los packing, tambi\u00e9n al personal de Aduana que siempre tuvieron disposici\u00f3n, incluso fuera de horario, fue una gran tarea realizada, de poder realizar exportaci\u00f3n en un a\u00f1o tan especial\u201d<\/p>\n<p style=\"text-align: justify;\">El Servicio Agr\u00edcola y Ganadero es el organismo encargado de certificar todas las exportaciones de fruta desde Chile, velando por el cumplimiento de los requisitos que establecen los pa\u00edses de destino.<\/p>\n<\/div><\/section><\/div>\n<div  style='height:50px' class='hr hr-invisible   avia-builder-el-6  el_after_av_one_full  el_before_av_social_share '><span class='hr-inner ' ><span class='hr-inner-style'><\/span><\/span><\/div>\n<div  class='av-social-sharing-box  avia-builder-el-7  el_after_av_hr  el_before_av_hr  '><div class='av-share-box'><h5 class='av-share-link-description av-no-toc '>Compartir esta noticia<\/h5><ul class='av-share-box-list noLightbox'><li class='av-share-link av-social-link-facebook' ><a target=\"_blank\" aria-label=\"Compartir en Facebook\" href='https:\/\/www.facebook.com\/sharer.php?u=https:\/\/radiorevelacionfm.cl\/?p=2824&#038;t=Con%20%C3%A9xito%20finaliza%20en%20Chile%20Chico%20la%20temporada%20de%20cerezas%202021' aria-hidden='false' data-av_icon='\ue8f3' data-av_iconfont='entypo-fontello' title='' data-avia-related-tooltip='Compartir en Facebook' rel=\"noopener\"><span class='avia_hidden_link_text'>Compartir en Facebook<\/span><\/a><\/li><li class='av-share-link av-social-link-twitter' ><a target=\"_blank\" aria-label=\"Compartir en Twitter\" href='https:\/\/twitter.com\/share?text=Con%20%C3%A9xito%20finaliza%20en%20Chile%20Chico%20la%20temporada%20de%20cerezas%202021&#038;url=https:\/\/radiorevelacionfm.cl\/?p=2824' aria-hidden='false' data-av_icon='\ue8f1' data-av_iconfont='entypo-fontello' title='' data-avia-related-tooltip='Compartir en Twitter' rel=\"noopener\"><span class='avia_hidden_link_text'>Compartir en Twitter<\/span><\/a><\/li><li class='av-share-link av-social-link-whatsapp' ><a target=\"_blank\" aria-label=\"Compartir en Whatsapp\" href='https:\/\/api.whatsapp.com\/send?text=https:\/\/radiorevelacionfm.cl\/?p=2824' aria-hidden='false' data-av_icon='\uf232' data-av_iconfont='entypo-fontello' title='' data-avia-related-tooltip='Compartir en Whatsapp' rel=\"noopener\"><span class='avia_hidden_link_text'>Compartir en Whatsapp<\/span><\/a><\/li><li class='av-share-link av-social-link-linkedin' ><a target=\"_blank\" aria-label=\"Compartir en LinkedIn\" href='https:\/\/linkedin.com\/shareArticle?mini=true&#038;title=Con%20%C3%A9xito%20finaliza%20en%20Chile%20Chico%20la%20temporada%20de%20cerezas%202021&#038;url=https:\/\/radiorevelacionfm.cl\/?p=2824' aria-hidden='false' data-av_icon='\ue8fc' data-av_iconfont='entypo-fontello' title='' data-avia-related-tooltip='Compartir en LinkedIn' rel=\"noopener\"><span class='avia_hidden_link_text'>Compartir en LinkedIn<\/span><\/a><\/li><li class='av-share-link av-social-link-mail' ><a  aria-label=\"Compartir por correo\" href='mailto:?subject=Con%20%C3%A9xito%20finaliza%20en%20Chile%20Chico%20la%20temporada%20de%20cerezas%202021&#038;body=https:\/\/radiorevelacionfm.cl\/?p=2824' aria-hidden='false' data-av_icon='\ue805' data-av_iconfont='entypo-fontello' title='' data-avia-related-tooltip='Compartir por correo'><span class='avia_hidden_link_text'>Compartir por correo<\/span><\/a><\/li><\/ul><\/div><\/div>\n<div  style='height:50px' class='hr hr-invisible   avia-builder-el-8  el_after_av_social_share  el_before_av_comments_list '><span class='hr-inner ' ><span class='hr-inner-style'><\/span><\/span><\/div>\n<div  class='av-buildercomment  av-blog-meta-html-info-disabled av-blog-meta-tag-disabled  '><\/div>\n","protected":false},"excerpt":{"rendered":"","protected":false},"author":1,"featured_media":0,"comment_status":"open","ping_status":"open","sticky":false,"template":"","format":"standard","meta":{"footnotes":""},"categories":[45],"tags":[],"class_list":["post-2824","post","type-post","status-publish","format-standard","hentry","category-comercio"],"jetpack_featured_media_url":"","_links":{"self":[{"href":"https:\/\/radiorevelacionfm.cl\/index.php?rest_route=\/wp\/v2\/posts\/2824","targetHints":{"allow":["GET"]}}],"collection":[{"href":"https:\/\/radiorevelacionfm.cl\/index.php?rest_route=\/wp\/v2\/posts"}],"about":[{"href":"https:\/\/radiorevelacionfm.cl\/index.php?rest_route=\/wp\/v2\/types\/post"}],"author":[{"embeddable":true,"href":"https:\/\/radiorevelacionfm.cl\/index.php?rest_route=\/wp\/v2\/users\/1"}],"replies":[{"embeddable":true,"href":"https:\/\/radiorevelacionfm.cl\/index.php?rest_route=%2Fwp%2Fv2%2Fcomments&post=2824"}],"version-history":[{"count":5,"href":"https:\/\/radiorevelacionfm.cl\/index.php?rest_route=\/wp\/v2\/posts\/2824\/revisions"}],"predecessor-version":[{"id":2833,"href":"https:\/\/radiorevelacionfm.cl\/index.php?rest_route=\/wp\/v2\/posts\/2824\/revisions\/2833"}],"wp:attachment":[{"href":"https:\/\/radiorevelacionfm.cl\/index.php?rest_route=%2Fwp%2Fv2%2Fmedia&parent=2824"}],"wp:term":[{"taxonomy":"category","embeddable":true,"href":"https:\/\/radiorevelacionfm.cl\/index.php?rest_route=%2Fwp%2Fv2%2Fcategories&post=2824"},{"taxonomy":"post_tag","embeddable":true,"href":"https:\/\/radiorevelacionfm.cl\/index.php?rest_route=%2Fwp%2Fv2%2Ftags&post=2824"}],"curies":[{"name":"wp","href":"https:\/\/api.w.org\/{rel}","templated":true}]}}