{"id":28234,"date":"2023-02-28T10:34:54","date_gmt":"2023-02-28T13:34:54","guid":{"rendered":"https:\/\/radiorevelacionfm.cl\/?p=28234"},"modified":"2023-02-28T10:34:54","modified_gmt":"2023-02-28T13:34:54","slug":"realizaran-lanzamiento-de-libro-historia-biodiversidad-y-defensa-del-rio-baker-un-relato-en-primera-persona","status":"publish","type":"post","link":"https:\/\/radiorevelacionfm.cl\/?p=28234","title":{"rendered":"Realizar\u00e1n lanzamiento de Libro Historia, Biodiversidad y Defensa del r\u00edo Baker: Un relato en primera persona"},"content":{"rendered":"<div class=\"flex_column av_one_full  flex_column_div av-zero-column-padding first  avia-builder-el-0  el_before_av_one_full  avia-builder-el-first  \" style='border-radius:0px; '><div  class='avia-image-container  av-styling-    avia-builder-el-1  avia-builder-el-no-sibling  avia-align-center '  itemprop=\"image\" itemscope=\"itemscope\" itemtype=\"https:\/\/schema.org\/ImageObject\"  ><div class='avia-image-container-inner'><div class='avia-image-overlay-wrap'><img decoding=\"async\" class='wp-image-28235 avia-img-lazy-loading-not-28235 avia_image' src=\"https:\/\/radiorevelacionfm.cl\/wp-content\/uploads\/2023\/02\/Portada-1-1.jpg\" alt='' title='Portada (1) (1)' height=\"600\" width=\"569\"  itemprop=\"thumbnailUrl\" srcset=\"https:\/\/radiorevelacionfm.cl\/wp-content\/uploads\/2023\/02\/Portada-1-1.jpg 569w, https:\/\/radiorevelacionfm.cl\/wp-content\/uploads\/2023\/02\/Portada-1-1-285x300.jpg 285w\" sizes=\"(max-width: 569px) 100vw, 569px\" \/><\/div><\/div><\/div><\/div><div class=\"flex_column av_one_full  flex_column_div av-zero-column-padding first  avia-builder-el-2  el_after_av_one_full  el_before_av_one_full  column-top-margin\" style='border-radius:0px; '><section class=\"av_textblock_section \"  itemscope=\"itemscope\" itemtype=\"https:\/\/schema.org\/BlogPosting\" itemprop=\"blogPost\" ><div class='avia_textblock  '   itemprop=\"text\" ><p style=\"text-align: center;\"><strong><span style=\"font-size: 18pt;\">Realizar\u00e1n lanzamiento de Libro Historia, Biodiversidad y Defensa del r\u00edo Baker: Un relato en primera persona<\/span><\/strong><\/p>\n<div id=\"gtx-trans\" style=\"position: absolute; left: -50px; top: 4.31534px;\">\n<div class=\"gtx-trans-icon\"><\/div>\n<\/div>\n<\/div><\/section><\/div><div class=\"flex_column av_one_full  flex_column_div av-zero-column-padding first  avia-builder-el-4  el_after_av_one_full  el_before_av_hr  column-top-margin\" style='border-radius:0px; '><section class=\"av_textblock_section \"  itemscope=\"itemscope\" itemtype=\"https:\/\/schema.org\/BlogPosting\" itemprop=\"blogPost\" ><div class='avia_textblock  '   itemprop=\"text\" ><p class=\"v1MsoNormal\" style=\"text-align: justify;\"><span lang=\"ES\">En Caleta Tortel, Cochrane y Coyhaique se realizar<\/span><span lang=\"X-NONE\">\u00e1<span class=\"v1gmail-Apple-converted-space\">\u00a0<\/span><\/span><span lang=\"ES\">durante el mes de marzo<span class=\"v1gmail-Apple-converted-space\">\u00a0<\/span><\/span><span lang=\"X-NONE\">el lanzamiento del libro \u00abHistoria, Exploraciones, Defensa y Ambientes del Baker\u00bb, del arquitecto y dirigente ambiental Peter Hartmann Samhaber.\u00a0<span class=\"v1gmail-Apple-converted-space\">\u00a0<\/span>La obra, financiada por el 7% del FNDR del Gobierno Regional de Ays\u00e9n, aborda la historia, paisajes, geograf\u00eda y biodiversidad de esta importante cuenca regional y nacional, que cobija el r\u00edo m\u00e1s caudaloso de Chile, el segundo lago m\u00e1s grande de Sudam\u00e9rica y es el principal repositorio de las aguas del Campo de Hielo Norte.\u00a0<span class=\"v1gmail-Apple-converted-space\">\u00a0<\/span>Adem\u00e1s, realiza un acercamiento en primera persona a las luchas que desde Ays\u00e9n y el mundo se han impulsado para mantener su integridad.<\/span><\/p>\n<p class=\"v1MsoNormal\" style=\"text-align: justify;\"><span lang=\"X-NONE\">El texto ser\u00e1 presentado el<span class=\"v1gmail-Apple-converted-space\">\u00a0<\/span>martes<span class=\"v1gmail-Apple-converted-space\">\u00a0<\/span><\/span><span lang=\"ES\">7 de marzo en la Casa de la Cultura de Tortel<\/span><span lang=\"ES\">, a partir de las 18.30 hrs.\u00a0<span class=\"v1gmail-Apple-converted-space\">\u00a0<\/span>En<span class=\"v1gmail-Apple-converted-space\">\u00a0<\/span>Cochrane, en tanto, el lanzamiento se realizar<\/span><span lang=\"X-NONE\">\u00e1 el jueves 9 a las 18:00 hrs. en el museo local<\/span><span lang=\"X-NONE\">, mientras que en<span class=\"v1gmail-Apple-converted-space\">\u00a0<\/span>Coyhaique ser\u00e1 el jueves 16 de marzo las 18:00 hrs. en la Biblioteca Regional, en el marco del D\u00eda Internacional de Acci\u00f3n por los R\u00edos Libres.<\/span><\/p>\n<p class=\"v1MsoNormal\" style=\"text-align: justify;\"><span lang=\"ES\">\u00abEl libro, como dice el t\u00edtulo, es sobre varios aspectos de este principal r\u00edo de nuestro pa\u00eds, el gran Baker. Nos cost\u00f3 bastante escribirlo, hay mucha investigaci\u00f3n, mucha historia personal tambi\u00e9n en \u00e9l, de muchos a\u00f1os.\u00a0<span class=\"v1gmail-Apple-converted-space\">\u00a0<\/span>Llevamos cuarenta y tantos a\u00f1os conociendo el Baker.\u00a0<span class=\"v1gmail-Apple-converted-space\">\u00a0<\/span>\u00a0Entonces hay mucha fotograf<\/span><span lang=\"X-NONE\">\u00eda<\/span><span lang=\"ES\"><span class=\"v1gmail-Apple-converted-space\">\u00a0<\/span>desde 1982 en adelante.\u00a0<span class=\"v1gmail-Apple-converted-space\">\u00a0<\/span>Y no creo que haya mucha gente que conozca el r\u00edo en todo su largo como lo fotografiamos nosotros<\/span><span lang=\"ES\">\u00bb explic<\/span><span lang=\"X-NONE\">\u00f3<span class=\"v1gmail-Apple-converted-space\">\u00a0<\/span><\/span><span lang=\"ES\">Peter Hartmann.\u00a0<span class=\"v1gmail-Apple-converted-space\">\u00a0<\/span><\/span><\/p>\n<p class=\"v1MsoNormal\" style=\"text-align: justify;\"><span lang=\"ES\">\u00abA su vez se sustenta en la recopilaci\u00f3n e investigaci\u00f3n de publicaciones realizadas desde hace siglos, algunas de las cuales fueron lideradas por Steffen y Michell, de una extensa bibliograf\u00eda\u00bb explic\u00f3.\u00a0<span class=\"v1gmail-Apple-converted-space\">\u00a0<\/span>\u00abEn eso hay tambi\u00e9n an\u00e1lisis a algunas preguntas que nos hicimos y aportes novedosos de bibliograf\u00eda en alem\u00e1n. Luego hay un cap\u00edtulo sobre la defensa del r\u00edo ante la amenaza del megaproyecto HidroAys\u00e9n, en lo cual fuimos actores directos\u00bb record\u00f3.<\/span><\/p>\n<p class=\"v1MsoNormal\" style=\"text-align: justify;\"><span lang=\"X-NONE\">\u00abHistoria, Exploraciones, Defensa y Ambientes del Baker\u00bb aborda una parte importante de los distintos aspectos relacionados con el r\u00edo, pero a la vez<span class=\"v1gmail-Apple-converted-space\">\u00a0<\/span><\/span><span lang=\"ES\">\u00abes un llamado a una mayor investigaci\u00f3n y publicaci\u00f3n sobre este principal r\u00edo de Chile, del que poco se conoce\u00bb puntualiz<\/span><span lang=\"X-NONE\">\u00f3 el hist\u00f3rico director del Comit\u00e9 Pro Defensa de la Flora y Fauna en la regi\u00f3n y presidente de la Agrupaci\u00f3n Ays\u00e9n Reserva de Vida, organizaci\u00f3n al alero de la cual se postul\u00f3 el proyecto<\/span><span lang=\"ES\">.<\/span><\/p>\n<p class=\"v1MsoNormal\" style=\"text-align: justify;\"><span lang=\"ES\">El libro cont<\/span><span lang=\"X-NONE\">\u00f3 con la edici\u00f3n del<span class=\"v1gmail-Apple-converted-space\">\u00a0<\/span><\/span><span lang=\"ES\">periodista Patricio Segura Ortiz y la diagramaci<\/span><span lang=\"X-NONE\">\u00f3n y dise\u00f1o del<span class=\"v1gmail-Apple-converted-space\">\u00a0<\/span><\/span><span lang=\"ES\">arquitecto Diego Vallejos Oberg.<\/span><\/p>\n<p class=\"v1MsoNormal\" style=\"text-align: justify;\"><span lang=\"ES\">\u00abInvitamos a todo el mundo a participar en el lanzamiento del libro sobre el principal r\u00edo de Chile.\u00a0<span class=\"v1gmail-Apple-converted-space\">\u00a0<\/span>Esperamos una buena recepci\u00f3n ac\u00e1 en la regi\u00f3n\u00bb concluy<\/span><span lang=\"X-NONE\">\u00f3 el autor.<\/span><\/p>\n<\/div><\/section><\/div><\/p>\n<div  style='height:50px' class='hr hr-invisible   avia-builder-el-6  el_after_av_one_full  el_before_av_social_share '><span class='hr-inner ' ><span class='hr-inner-style'><\/span><\/span><\/div>\n<div  class='av-social-sharing-box  avia-builder-el-7  el_after_av_hr  el_before_av_hr  '><div class='av-share-box'><h5 class='av-share-link-description av-no-toc '>Compartir esta noticia<\/h5><ul class='av-share-box-list noLightbox'><li class='av-share-link av-social-link-facebook' ><a target=\"_blank\" aria-label=\"Compartir en Facebook\" href='https:\/\/www.facebook.com\/sharer.php?u=https:\/\/radiorevelacionfm.cl\/?p=28234&#038;t=Realizar%C3%A1n%20lanzamiento%20de%20Libro%20Historia%2C%20Biodiversidad%20y%20Defensa%20del%20r%C3%ADo%20Baker%3A%20Un%20relato%20en%20primera%20persona' aria-hidden='false' data-av_icon='\ue8f3' data-av_iconfont='entypo-fontello' title='' data-avia-related-tooltip='Compartir en Facebook' rel=\"noopener\"><span class='avia_hidden_link_text'>Compartir en Facebook<\/span><\/a><\/li><li class='av-share-link av-social-link-twitter' ><a target=\"_blank\" aria-label=\"Compartir en Twitter\" href='https:\/\/twitter.com\/share?text=Realizar%C3%A1n%20lanzamiento%20de%20Libro%20Historia%2C%20Biodiversidad%20y%20Defensa%20del%20r%C3%ADo%20Baker%3A%20Un%20relato%20en%20primera%20persona&#038;url=https:\/\/radiorevelacionfm.cl\/?p=28234' aria-hidden='false' data-av_icon='\ue8f1' data-av_iconfont='entypo-fontello' title='' data-avia-related-tooltip='Compartir en Twitter' rel=\"noopener\"><span class='avia_hidden_link_text'>Compartir en Twitter<\/span><\/a><\/li><li class='av-share-link av-social-link-whatsapp' ><a target=\"_blank\" aria-label=\"Compartir en Whatsapp\" href='https:\/\/api.whatsapp.com\/send?text=https:\/\/radiorevelacionfm.cl\/?p=28234' aria-hidden='false' data-av_icon='\uf232' data-av_iconfont='entypo-fontello' title='' data-avia-related-tooltip='Compartir en Whatsapp' rel=\"noopener\"><span class='avia_hidden_link_text'>Compartir en Whatsapp<\/span><\/a><\/li><li class='av-share-link av-social-link-linkedin' ><a target=\"_blank\" aria-label=\"Compartir en LinkedIn\" href='https:\/\/linkedin.com\/shareArticle?mini=true&#038;title=Realizar%C3%A1n%20lanzamiento%20de%20Libro%20Historia%2C%20Biodiversidad%20y%20Defensa%20del%20r%C3%ADo%20Baker%3A%20Un%20relato%20en%20primera%20persona&#038;url=https:\/\/radiorevelacionfm.cl\/?p=28234' aria-hidden='false' data-av_icon='\ue8fc' data-av_iconfont='entypo-fontello' title='' data-avia-related-tooltip='Compartir en LinkedIn' rel=\"noopener\"><span class='avia_hidden_link_text'>Compartir en LinkedIn<\/span><\/a><\/li><li class='av-share-link av-social-link-mail' ><a  aria-label=\"Compartir por correo\" href='mailto:?subject=Realizar%C3%A1n%20lanzamiento%20de%20Libro%20Historia%2C%20Biodiversidad%20y%20Defensa%20del%20r%C3%ADo%20Baker%3A%20Un%20relato%20en%20primera%20persona&#038;body=https:\/\/radiorevelacionfm.cl\/?p=28234' aria-hidden='false' data-av_icon='\ue805' data-av_iconfont='entypo-fontello' title='' data-avia-related-tooltip='Compartir por correo'><span class='avia_hidden_link_text'>Compartir por correo<\/span><\/a><\/li><\/ul><\/div><\/div>\n<div  style='height:50px' class='hr hr-invisible   avia-builder-el-8  el_after_av_social_share  el_before_av_comments_list '><span class='hr-inner ' ><span class='hr-inner-style'><\/span><\/span><\/div>\n<div  class='av-buildercomment  av-blog-meta-html-info-disabled av-blog-meta-tag-disabled  '><\/div>\n","protected":false},"excerpt":{"rendered":"","protected":false},"author":1,"featured_media":28236,"comment_status":"open","ping_status":"open","sticky":false,"template":"","format":"standard","meta":{"footnotes":""},"categories":[52],"tags":[],"class_list":["post-28234","post","type-post","status-publish","format-standard","has-post-thumbnail","hentry","category-cultura"],"jetpack_featured_media_url":"https:\/\/radiorevelacionfm.cl\/wp-content\/uploads\/2023\/02\/portada0-1_optimized.jpg","_links":{"self":[{"href":"https:\/\/radiorevelacionfm.cl\/index.php?rest_route=\/wp\/v2\/posts\/28234","targetHints":{"allow":["GET"]}}],"collection":[{"href":"https:\/\/radiorevelacionfm.cl\/index.php?rest_route=\/wp\/v2\/posts"}],"about":[{"href":"https:\/\/radiorevelacionfm.cl\/index.php?rest_route=\/wp\/v2\/types\/post"}],"author":[{"embeddable":true,"href":"https:\/\/radiorevelacionfm.cl\/index.php?rest_route=\/wp\/v2\/users\/1"}],"replies":[{"embeddable":true,"href":"https:\/\/radiorevelacionfm.cl\/index.php?rest_route=%2Fwp%2Fv2%2Fcomments&post=28234"}],"version-history":[{"count":2,"href":"https:\/\/radiorevelacionfm.cl\/index.php?rest_route=\/wp\/v2\/posts\/28234\/revisions"}],"predecessor-version":[{"id":28238,"href":"https:\/\/radiorevelacionfm.cl\/index.php?rest_route=\/wp\/v2\/posts\/28234\/revisions\/28238"}],"wp:featuredmedia":[{"embeddable":true,"href":"https:\/\/radiorevelacionfm.cl\/index.php?rest_route=\/wp\/v2\/media\/28236"}],"wp:attachment":[{"href":"https:\/\/radiorevelacionfm.cl\/index.php?rest_route=%2Fwp%2Fv2%2Fmedia&parent=28234"}],"wp:term":[{"taxonomy":"category","embeddable":true,"href":"https:\/\/radiorevelacionfm.cl\/index.php?rest_route=%2Fwp%2Fv2%2Fcategories&post=28234"},{"taxonomy":"post_tag","embeddable":true,"href":"https:\/\/radiorevelacionfm.cl\/index.php?rest_route=%2Fwp%2Fv2%2Ftags&post=28234"}],"curies":[{"name":"wp","href":"https:\/\/api.w.org\/{rel}","templated":true}]}}