{"id":28228,"date":"2023-02-27T20:10:26","date_gmt":"2023-02-27T23:10:26","guid":{"rendered":"https:\/\/radiorevelacionfm.cl\/?p=28228"},"modified":"2023-02-27T20:10:26","modified_gmt":"2023-02-27T23:10:26","slug":"realizan-diagnostico-sanitario-en-comunas-de-cisnes-y-lago-verde","status":"publish","type":"post","link":"https:\/\/radiorevelacionfm.cl\/?p=28228","title":{"rendered":"Realizan diagn\u00f3stico sanitario en comunas de Cisnes y Lago Verde"},"content":{"rendered":"<div class=\"flex_column av_one_full  flex_column_div av-zero-column-padding first  avia-builder-el-0  el_before_av_one_full  avia-builder-el-first  \" style='border-radius:0px; '><div  class='avia-image-container  av-styling-    avia-builder-el-1  avia-builder-el-no-sibling  avia-align-center '  itemprop=\"image\" itemscope=\"itemscope\" itemtype=\"https:\/\/schema.org\/ImageObject\"  ><div class='avia-image-container-inner'><div class='avia-image-overlay-wrap'><img decoding=\"async\" class='wp-image-28229 avia-img-lazy-loading-not-28229 avia_image' src=\"https:\/\/radiorevelacionfm.cl\/wp-content\/uploads\/2023\/02\/fiscalizacion-planta-aguas-servidas-la-junta-1_optimized.jpeg\" alt='' title='fiscalizaci\u00f3n-planta-aguas-servidas-la-junta-(1)_optimized' height=\"600\" width=\"800\"  itemprop=\"thumbnailUrl\" srcset=\"https:\/\/radiorevelacionfm.cl\/wp-content\/uploads\/2023\/02\/fiscalizacion-planta-aguas-servidas-la-junta-1_optimized.jpeg 800w, https:\/\/radiorevelacionfm.cl\/wp-content\/uploads\/2023\/02\/fiscalizacion-planta-aguas-servidas-la-junta-1_optimized-300x225.jpeg 300w, https:\/\/radiorevelacionfm.cl\/wp-content\/uploads\/2023\/02\/fiscalizacion-planta-aguas-servidas-la-junta-1_optimized-768x576.jpeg 768w, https:\/\/radiorevelacionfm.cl\/wp-content\/uploads\/2023\/02\/fiscalizacion-planta-aguas-servidas-la-junta-1_optimized-705x529.jpeg 705w, https:\/\/radiorevelacionfm.cl\/wp-content\/uploads\/2023\/02\/fiscalizacion-planta-aguas-servidas-la-junta-1_optimized-600x450.jpeg 600w\" sizes=\"(max-width: 800px) 100vw, 800px\" \/><\/div><\/div><\/div><\/div><div class=\"flex_column av_one_full  flex_column_div av-zero-column-padding first  avia-builder-el-2  el_after_av_one_full  el_before_av_one_full  column-top-margin\" style='border-radius:0px; '><section class=\"av_textblock_section \"  itemscope=\"itemscope\" itemtype=\"https:\/\/schema.org\/BlogPosting\" itemprop=\"blogPost\" ><div class='avia_textblock  '   itemprop=\"text\" ><p style=\"text-align: center;\"><strong><span style=\"font-size: 18pt;\">Realizan diagn\u00f3stico sanitario en comunas de Cisnes y Lago Verde <\/span><\/strong><\/p>\n<div id=\"gtx-trans\" style=\"position: absolute; left: -50px; top: 4.31534px;\">\n<div class=\"gtx-trans-icon\"><\/div>\n<\/div>\n<\/div><\/section><\/div><div class=\"flex_column av_one_full  flex_column_div av-zero-column-padding first  avia-builder-el-4  el_after_av_one_full  el_before_av_hr  column-top-margin\" style='border-radius:0px; '><section class=\"av_textblock_section \"  itemscope=\"itemscope\" itemtype=\"https:\/\/schema.org\/BlogPosting\" itemprop=\"blogPost\" ><div class='avia_textblock  '   itemprop=\"text\" ><p style=\"text-align: justify;\">Una intensa agenda tuvo la Seremi de Salud Ays\u00e9n, Carmen Monsalve G\u00f3mez junto a su equipo t\u00e9cnico de profesionales y funcionarios de las oficinas territoriales de la Seremi, con quienes hizo un recorrido por vertederos, plantas de aguas servidas y centro de faenamiento animal de las localidades de Puerto Cisnes, La Junta, Ra\u00fal Mar\u00edn Balmaceda y La Tapera, entre otras acciones. Ocasi\u00f3n en que detect\u00f3 una serie de situaciones sanitarias que fueron abordadas junto a los alcaldes de las comunas de Cisnes y Lago Verde.<\/p>\n<p style=\"text-align: justify;\">Uno de los temas que llam\u00f3 la atenci\u00f3n a la Autoridad Sanitaria fue el estado de los vertederos, donde, en coordinaci\u00f3n con los gobiernos locales, la seremi pretende avanzar con el fin de evitar eventuales situaciones de riesgo para\u00a0 la salud de sus habitantes. \u201cTenemos que estrechar las formas de trabajo, definir metas concretas en el corto plazo, porque estos temas se deben resolver de manera r\u00e1pida. Es responsabilidad de los municipios\u00a0 el hacerse cargo de aquello y si bien nosotros como Autoridad Sanitaria podemos aplicar las sanciones, nos interesa que, detr\u00e1s de eso, ocurra el cambio. Hoy, el compromiso nuestro es disponer las competencias\u00a0 t\u00e9cnicas para orientar en soluciones\u00a0 y, por supuesto, no podemos solos. Ac\u00e1, todos tenemos que ser parte\u00a0 de las soluciones\u00a0 y, claramente, deben haber otras instituciones que pueden participar y mirar. Ese \u00a0ser\u00e1 mi rol como Autoridad, intencionar porque estos son temas de nuestro completo inter\u00e9s\u201d, dijo la Seremi Carmen Monsalve G\u00f3mez.<\/p>\n<p style=\"text-align: justify;\">Un terreno que sum\u00f3 adem\u00e1s visitas a plantas de aguas servidas, comit\u00e9s de agua potable rural, medios de comunicaci\u00f3n locales, reuniones con equipos de la Red de Salud del hospital de Cisnes, \u00a0CESFAM de La Junta y postas rurales de Ra\u00fal Mar\u00edn Balmaceda y La Tapera, adem\u00e1s de encuentros con l\u00edderes comunitarios para escuchar su mirada respecto a lo\u00a0 que hoy les aflige a los habitantes de estos territorios. \u201cEsto se enmarca en el mandato que tenemos todas la autoridades de gobierno. Nuestro Presidente ha sido claro en que el trabajo lo tenemos que hacer desde los territorios y con la gente. Es importante conocer y ver la realidad m\u00e1s all\u00e1 de conocer un acta de fiscalizaci\u00f3n o un sumario. Por eso nos apersonamos en los lugares. En ese contexto, planteamos iniciar este barrido\u00a0 conociendo las situaciones sanitarias que est\u00e1n afectando a nuestros territorios. Conoc\u00ed todos los vertederos, las plantas de tratamientos de aguas servidas donde hay muchas acciones que tenemos que trabajar en conjunto y de manera concreta\u201d, dijo la Autoridad.<\/p>\n<p style=\"text-align: justify;\">Como una forma de avanzar en las inquietudes ciudadanas y diagn\u00f3stico sanitario en estas localidades, la Seremi se reuni\u00f3 con los alcaldes de las comunas de Cisnes y Lago Verde para avanzar en estos temas y dar respuestas definitivas\u00a0 que podr\u00edan afectar la salud p\u00fablica de sus habitantes. \u201cTenemos comprometidas nuevas visitas a estos \u00a0territorios para continuar avanzando\u201d, concluy\u00f3 \u00a0la Seremi .<\/p>\n<p style=\"text-align: justify;\">Adem\u00e1s, manifest\u00f3 preocupaci\u00f3n en temas de gesti\u00f3n como la falta de continuidad de los servicios de luz el\u00e9ctrica en Ra\u00fal Mar\u00edn Balmaceda y fallas ocasionales en el sistema de agua potable de la localidad. Todos, temas que se suman a la agenda de trabajo de la Autoridad Sanitaria en conjunto con la comunidad, los gobiernos locales e intersector.<\/p>\n<p style=\"text-align: justify;\">Con este terreno, la Seremi de Salud contin\u00faa su diagnostico regional de la situaci\u00f3n de temas que competen a la Autoridad Sanitaria, que se suma a las recientes visitas s las provincias General Carrera y Capit\u00e1n Prat, para continuar en los pr\u00f3ximos d\u00edas con un terreno al\u00a0 litoral norte de la regi\u00f3n.<\/p>\n<\/div><\/section><\/div><div  style='height:50px' class='hr hr-invisible   avia-builder-el-6  el_after_av_one_full  el_before_av_social_share '><span class='hr-inner ' ><span class='hr-inner-style'><\/span><\/span><\/div><\/p>\n<div  class='av-social-sharing-box  avia-builder-el-7  el_after_av_hr  el_before_av_hr  '><div class='av-share-box'><h5 class='av-share-link-description av-no-toc '>Compartir esta noticia<\/h5><ul class='av-share-box-list noLightbox'><li class='av-share-link av-social-link-facebook' ><a target=\"_blank\" aria-label=\"Compartir en Facebook\" href='https:\/\/www.facebook.com\/sharer.php?u=https:\/\/radiorevelacionfm.cl\/?p=28228&#038;t=Realizan%20diagn%C3%B3stico%20sanitario%20en%20comunas%20de%20Cisnes%20y%20Lago%20Verde' aria-hidden='false' data-av_icon='\ue8f3' data-av_iconfont='entypo-fontello' title='' data-avia-related-tooltip='Compartir en Facebook' rel=\"noopener\"><span class='avia_hidden_link_text'>Compartir en Facebook<\/span><\/a><\/li><li class='av-share-link av-social-link-twitter' ><a target=\"_blank\" aria-label=\"Compartir en Twitter\" href='https:\/\/twitter.com\/share?text=Realizan%20diagn%C3%B3stico%20sanitario%20en%20comunas%20de%20Cisnes%20y%20Lago%20Verde&#038;url=https:\/\/radiorevelacionfm.cl\/?p=28228' aria-hidden='false' data-av_icon='\ue8f1' data-av_iconfont='entypo-fontello' title='' data-avia-related-tooltip='Compartir en Twitter' rel=\"noopener\"><span class='avia_hidden_link_text'>Compartir en Twitter<\/span><\/a><\/li><li class='av-share-link av-social-link-whatsapp' ><a target=\"_blank\" aria-label=\"Compartir en Whatsapp\" href='https:\/\/api.whatsapp.com\/send?text=https:\/\/radiorevelacionfm.cl\/?p=28228' aria-hidden='false' data-av_icon='\uf232' data-av_iconfont='entypo-fontello' title='' data-avia-related-tooltip='Compartir en Whatsapp' rel=\"noopener\"><span class='avia_hidden_link_text'>Compartir en Whatsapp<\/span><\/a><\/li><li class='av-share-link av-social-link-linkedin' ><a target=\"_blank\" aria-label=\"Compartir en LinkedIn\" href='https:\/\/linkedin.com\/shareArticle?mini=true&#038;title=Realizan%20diagn%C3%B3stico%20sanitario%20en%20comunas%20de%20Cisnes%20y%20Lago%20Verde&#038;url=https:\/\/radiorevelacionfm.cl\/?p=28228' aria-hidden='false' data-av_icon='\ue8fc' data-av_iconfont='entypo-fontello' title='' data-avia-related-tooltip='Compartir en LinkedIn' rel=\"noopener\"><span class='avia_hidden_link_text'>Compartir en LinkedIn<\/span><\/a><\/li><li class='av-share-link av-social-link-mail' ><a  aria-label=\"Compartir por correo\" href='mailto:?subject=Realizan%20diagn%C3%B3stico%20sanitario%20en%20comunas%20de%20Cisnes%20y%20Lago%20Verde&#038;body=https:\/\/radiorevelacionfm.cl\/?p=28228' aria-hidden='false' data-av_icon='\ue805' data-av_iconfont='entypo-fontello' title='' data-avia-related-tooltip='Compartir por correo'><span class='avia_hidden_link_text'>Compartir por correo<\/span><\/a><\/li><\/ul><\/div><\/div>\n<div  style='height:50px' class='hr hr-invisible   avia-builder-el-8  el_after_av_social_share  el_before_av_comments_list '><span class='hr-inner ' ><span class='hr-inner-style'><\/span><\/span><\/div>\n<div  class='av-buildercomment  av-blog-meta-html-info-disabled av-blog-meta-tag-disabled  '><\/div>\n","protected":false},"excerpt":{"rendered":"","protected":false},"author":1,"featured_media":28229,"comment_status":"open","ping_status":"open","sticky":false,"template":"","format":"standard","meta":{"footnotes":""},"categories":[46],"tags":[],"class_list":["post-28228","post","type-post","status-publish","format-standard","has-post-thumbnail","hentry","category-salud"],"jetpack_featured_media_url":"https:\/\/radiorevelacionfm.cl\/wp-content\/uploads\/2023\/02\/fiscalizacion-planta-aguas-servidas-la-junta-1_optimized.jpeg","_links":{"self":[{"href":"https:\/\/radiorevelacionfm.cl\/index.php?rest_route=\/wp\/v2\/posts\/28228","targetHints":{"allow":["GET"]}}],"collection":[{"href":"https:\/\/radiorevelacionfm.cl\/index.php?rest_route=\/wp\/v2\/posts"}],"about":[{"href":"https:\/\/radiorevelacionfm.cl\/index.php?rest_route=\/wp\/v2\/types\/post"}],"author":[{"embeddable":true,"href":"https:\/\/radiorevelacionfm.cl\/index.php?rest_route=\/wp\/v2\/users\/1"}],"replies":[{"embeddable":true,"href":"https:\/\/radiorevelacionfm.cl\/index.php?rest_route=%2Fwp%2Fv2%2Fcomments&post=28228"}],"version-history":[{"count":2,"href":"https:\/\/radiorevelacionfm.cl\/index.php?rest_route=\/wp\/v2\/posts\/28228\/revisions"}],"predecessor-version":[{"id":28231,"href":"https:\/\/radiorevelacionfm.cl\/index.php?rest_route=\/wp\/v2\/posts\/28228\/revisions\/28231"}],"wp:featuredmedia":[{"embeddable":true,"href":"https:\/\/radiorevelacionfm.cl\/index.php?rest_route=\/wp\/v2\/media\/28229"}],"wp:attachment":[{"href":"https:\/\/radiorevelacionfm.cl\/index.php?rest_route=%2Fwp%2Fv2%2Fmedia&parent=28228"}],"wp:term":[{"taxonomy":"category","embeddable":true,"href":"https:\/\/radiorevelacionfm.cl\/index.php?rest_route=%2Fwp%2Fv2%2Fcategories&post=28228"},{"taxonomy":"post_tag","embeddable":true,"href":"https:\/\/radiorevelacionfm.cl\/index.php?rest_route=%2Fwp%2Fv2%2Ftags&post=28228"}],"curies":[{"name":"wp","href":"https:\/\/api.w.org\/{rel}","templated":true}]}}