{"id":28225,"date":"2023-02-28T10:03:01","date_gmt":"2023-02-28T13:03:01","guid":{"rendered":"https:\/\/radiorevelacionfm.cl\/?p=28225"},"modified":"2023-02-28T10:03:01","modified_gmt":"2023-02-28T13:03:01","slug":"fiscalia-de-aysen-logro-positivos-resultados-de-gestion-durante-el-ano-2022","status":"publish","type":"post","link":"https:\/\/radiorevelacionfm.cl\/?p=28225","title":{"rendered":"Fiscal\u00eda de Ays\u00e9n logr\u00f3 positivos resultados de gesti\u00f3n durante el a\u00f1o 2022"},"content":{"rendered":"<div class=\"flex_column av_one_full  flex_column_div av-zero-column-padding first  avia-builder-el-0  el_before_av_one_full  avia-builder-el-first  \" style='border-radius:0px; '><div  class='avia-image-container  av-styling-    avia-builder-el-1  avia-builder-el-no-sibling  avia-align-center '  itemprop=\"image\" itemscope=\"itemscope\" itemtype=\"https:\/\/schema.org\/ImageObject\"  ><div class='avia-image-container-inner'><div class='avia-image-overlay-wrap'><img decoding=\"async\" class='wp-image-28226 avia-img-lazy-loading-not-28226 avia_image' src=\"https:\/\/radiorevelacionfm.cl\/wp-content\/uploads\/2023\/02\/23_02_2023Aysen-1-1.jpg\" alt='' title='23_02_2023Aysen (1) (1)' height=\"600\" width=\"899\"  itemprop=\"thumbnailUrl\" srcset=\"https:\/\/radiorevelacionfm.cl\/wp-content\/uploads\/2023\/02\/23_02_2023Aysen-1-1.jpg 899w, https:\/\/radiorevelacionfm.cl\/wp-content\/uploads\/2023\/02\/23_02_2023Aysen-1-1-300x200.jpg 300w, https:\/\/radiorevelacionfm.cl\/wp-content\/uploads\/2023\/02\/23_02_2023Aysen-1-1-768x513.jpg 768w, https:\/\/radiorevelacionfm.cl\/wp-content\/uploads\/2023\/02\/23_02_2023Aysen-1-1-705x471.jpg 705w, https:\/\/radiorevelacionfm.cl\/wp-content\/uploads\/2023\/02\/23_02_2023Aysen-1-1-600x400.jpg 600w\" sizes=\"(max-width: 899px) 100vw, 899px\" \/><\/div><\/div><\/div><\/div><div class=\"flex_column av_one_full  flex_column_div av-zero-column-padding first  avia-builder-el-2  el_after_av_one_full  el_before_av_one_full  column-top-margin\" style='border-radius:0px; '><section class=\"av_textblock_section \"  itemscope=\"itemscope\" itemtype=\"https:\/\/schema.org\/BlogPosting\" itemprop=\"blogPost\" ><div class='avia_textblock  '   itemprop=\"text\" ><p style=\"text-align: center;\"><strong><span style=\"font-size: 18pt;\">Fiscal\u00eda de Ays\u00e9n logr\u00f3 positivos resultados de gesti\u00f3n durante el a\u00f1o 2022<\/span><\/strong><\/p>\n<div id=\"gtx-trans\" style=\"position: absolute; left: -50px; top: 4.31534px;\">\n<div class=\"gtx-trans-icon\"><\/div>\n<\/div>\n<\/div><\/section><\/div><div class=\"flex_column av_one_full  flex_column_div av-zero-column-padding first  avia-builder-el-4  el_after_av_one_full  el_before_av_hr  column-top-margin\" style='border-radius:0px; '><section class=\"av_textblock_section \"  itemscope=\"itemscope\" itemtype=\"https:\/\/schema.org\/BlogPosting\" itemprop=\"blogPost\" ><div class='avia_textblock  '   itemprop=\"text\" ><p style=\"text-align: justify;\">La Fiscal\u00eda en la Regi\u00f3n de Ays\u00e9n logr\u00f3 los mejores resultados del pa\u00eds en materia de persecuci\u00f3n penal, seg\u00fan inform\u00f3 en su cuenta p\u00fablica a la comunidad el Fiscal Regional, Carlos Palma Guerra, evento al que asistieron numerosas autoridades y representantes de la comunidad.<\/p>\n<p style=\"text-align: justify;\">\u201cComo regi\u00f3n, tenemos el primer lugar a nivel nacional con un 20% de sentencias condenatorias, mientras que el promedio a nivel pa\u00eds es de 10.1%\u201d, expres\u00f3 el Fiscal Palma.<\/p>\n<p style=\"text-align: justify;\">Otros positivos resultados, en comparaci\u00f3n con el resto del pa\u00eds, es posible observar en los llamados t\u00e9rminos judiciales, que incluyen las sentencias condenatorias, los sobreseimientos, las suspensiones condicionales, los acuerdos reparatorios y la facultad de no inicio de la investigaci\u00f3n.<\/p>\n<p style=\"text-align: justify;\">\u201cEn la Regi\u00f3n de Ays\u00e9n, el 64% del total de los casos tuvo un t\u00e9rmino judicial, superando largamente el promedio nacional que lleg\u00f3 solo al 32,8%\u201d, a\u00f1adi\u00f3 la autoridad.<\/p>\n<p style=\"text-align: justify;\">SALIDAS ALTERNATIVAS<\/p>\n<p style=\"text-align: justify;\">\u201cHay aqu\u00ed un dato muy importante que recalcar: El 12,3% de los t\u00e9rminos correspondi\u00f3 a salidas alternativas: suspensiones condicionales y acuerdos reparatorios\u201d, dijo el jefe de los fiscales en la Regi\u00f3n de Ays\u00e9n.<\/p>\n<p style=\"text-align: justify;\">Estas salidas son formas de t\u00e9rmino de calidad, que conllevan -muchas\u00a0 veces- la necesaria reparaci\u00f3n y protecci\u00f3n de las v\u00edctimas, conciliando sus intereses con la persecuci\u00f3n penal, permitiendo de esta forma obtener resultados altamente reconocidos por los intervinientes que, adem\u00e1s, descongestionan el sistema penal.<\/p>\n<p style=\"text-align: justify;\">En cuanto a las sentencias definitivas, durante el a\u00f1o 2022 se efectuaron 86 juicios orales, ante el Tribunal de Juicio Oral en lo Penal, obteniendo un 80% de sentencias condenatorias, es decir 69 juicios orales.<\/p>\n<p style=\"text-align: justify;\">Desde el inicio de la actual administraci\u00f3n de la Fiscal\u00eda, se han logrado m\u00e1s de 12.231 condenas ante los Tribunales, de las cuales 2.360 fueron obtenidas el a\u00f1o 2022.<\/p>\n<p style=\"text-align: justify;\">ARCHIVOS PROVISIONALES<\/p>\n<p style=\"text-align: justify;\">Tambi\u00e9n el a\u00f1o 2022, la Fiscal\u00eda en la Regi\u00f3n de Ays\u00e9n registr\u00f3 el menor nivel de archivos provisionales del pa\u00eds, con solo el 24% del total de las causas terminadas. El promedio nacional es de 56%.<\/p>\n<p style=\"text-align: justify;\">\u201cDurante los 5 a\u00f1os que hemos trabajado en la Regi\u00f3n, los archivos provisionales tuvieron una media del 23,8%. Hemos ido disminuyendo considerablemente esta cifra con el paso de los a\u00f1os\u201d, coment\u00f3 el Fiscal Carlos Palma, durante su cuenta p\u00fablica.<\/p>\n<p style=\"text-align: justify;\">Lo anterior quiere decir que la Fiscal\u00eda de la Regi\u00f3n de Ays\u00e9n ha mejorado sustancialmente la calidad de sus investigaciones. Esto se refleja no solo en la mayor judicializaci\u00f3n y el menor n\u00famero de archivos provisionales, sino que adem\u00e1s ha logrado el mayor n\u00famero de sentencias condenatorias del pa\u00eds, todo lo cual va en beneficio de la propia comunidad regional.<\/p>\n<\/div><\/section><\/div><div  style='height:50px' class='hr hr-invisible   avia-builder-el-6  el_after_av_one_full  el_before_av_social_share '><span class='hr-inner ' ><span class='hr-inner-style'><\/span><\/span><\/div><\/p>\n<div  class='av-social-sharing-box  avia-builder-el-7  el_after_av_hr  el_before_av_hr  '><div class='av-share-box'><h5 class='av-share-link-description av-no-toc '>Compartir esta noticia<\/h5><ul class='av-share-box-list noLightbox'><li class='av-share-link av-social-link-facebook' ><a target=\"_blank\" aria-label=\"Compartir en Facebook\" href='https:\/\/www.facebook.com\/sharer.php?u=https:\/\/radiorevelacionfm.cl\/?p=28225&#038;t=Fiscal%C3%ADa%20de%20Ays%C3%A9n%20logr%C3%B3%20positivos%20resultados%20de%20gesti%C3%B3n%20durante%20el%20a%C3%B1o%202022' aria-hidden='false' data-av_icon='\ue8f3' data-av_iconfont='entypo-fontello' title='' data-avia-related-tooltip='Compartir en Facebook' rel=\"noopener\"><span class='avia_hidden_link_text'>Compartir en Facebook<\/span><\/a><\/li><li class='av-share-link av-social-link-twitter' ><a target=\"_blank\" aria-label=\"Compartir en Twitter\" href='https:\/\/twitter.com\/share?text=Fiscal%C3%ADa%20de%20Ays%C3%A9n%20logr%C3%B3%20positivos%20resultados%20de%20gesti%C3%B3n%20durante%20el%20a%C3%B1o%202022&#038;url=https:\/\/radiorevelacionfm.cl\/?p=28225' aria-hidden='false' data-av_icon='\ue8f1' data-av_iconfont='entypo-fontello' title='' data-avia-related-tooltip='Compartir en Twitter' rel=\"noopener\"><span class='avia_hidden_link_text'>Compartir en Twitter<\/span><\/a><\/li><li class='av-share-link av-social-link-whatsapp' ><a target=\"_blank\" aria-label=\"Compartir en Whatsapp\" href='https:\/\/api.whatsapp.com\/send?text=https:\/\/radiorevelacionfm.cl\/?p=28225' aria-hidden='false' data-av_icon='\uf232' data-av_iconfont='entypo-fontello' title='' data-avia-related-tooltip='Compartir en Whatsapp' rel=\"noopener\"><span class='avia_hidden_link_text'>Compartir en Whatsapp<\/span><\/a><\/li><li class='av-share-link av-social-link-linkedin' ><a target=\"_blank\" aria-label=\"Compartir en LinkedIn\" href='https:\/\/linkedin.com\/shareArticle?mini=true&#038;title=Fiscal%C3%ADa%20de%20Ays%C3%A9n%20logr%C3%B3%20positivos%20resultados%20de%20gesti%C3%B3n%20durante%20el%20a%C3%B1o%202022&#038;url=https:\/\/radiorevelacionfm.cl\/?p=28225' aria-hidden='false' data-av_icon='\ue8fc' data-av_iconfont='entypo-fontello' title='' data-avia-related-tooltip='Compartir en LinkedIn' rel=\"noopener\"><span class='avia_hidden_link_text'>Compartir en LinkedIn<\/span><\/a><\/li><li class='av-share-link av-social-link-mail' ><a  aria-label=\"Compartir por correo\" href='mailto:?subject=Fiscal%C3%ADa%20de%20Ays%C3%A9n%20logr%C3%B3%20positivos%20resultados%20de%20gesti%C3%B3n%20durante%20el%20a%C3%B1o%202022&#038;body=https:\/\/radiorevelacionfm.cl\/?p=28225' aria-hidden='false' data-av_icon='\ue805' data-av_iconfont='entypo-fontello' title='' data-avia-related-tooltip='Compartir por correo'><span class='avia_hidden_link_text'>Compartir por correo<\/span><\/a><\/li><\/ul><\/div><\/div>\n<div  style='height:50px' class='hr hr-invisible   avia-builder-el-8  el_after_av_social_share  el_before_av_comments_list '><span class='hr-inner ' ><span class='hr-inner-style'><\/span><\/span><\/div>\n<div  class='av-buildercomment  av-blog-meta-html-info-disabled av-blog-meta-tag-disabled  '><\/div>\n","protected":false},"excerpt":{"rendered":"","protected":false},"author":1,"featured_media":28226,"comment_status":"open","ping_status":"open","sticky":false,"template":"","format":"standard","meta":{"footnotes":""},"categories":[55],"tags":[],"class_list":["post-28225","post","type-post","status-publish","format-standard","has-post-thumbnail","hentry","category-justicia"],"jetpack_featured_media_url":"https:\/\/radiorevelacionfm.cl\/wp-content\/uploads\/2023\/02\/23_02_2023Aysen-1-1.jpg","_links":{"self":[{"href":"https:\/\/radiorevelacionfm.cl\/index.php?rest_route=\/wp\/v2\/posts\/28225","targetHints":{"allow":["GET"]}}],"collection":[{"href":"https:\/\/radiorevelacionfm.cl\/index.php?rest_route=\/wp\/v2\/posts"}],"about":[{"href":"https:\/\/radiorevelacionfm.cl\/index.php?rest_route=\/wp\/v2\/types\/post"}],"author":[{"embeddable":true,"href":"https:\/\/radiorevelacionfm.cl\/index.php?rest_route=\/wp\/v2\/users\/1"}],"replies":[{"embeddable":true,"href":"https:\/\/radiorevelacionfm.cl\/index.php?rest_route=%2Fwp%2Fv2%2Fcomments&post=28225"}],"version-history":[{"count":2,"href":"https:\/\/radiorevelacionfm.cl\/index.php?rest_route=\/wp\/v2\/posts\/28225\/revisions"}],"predecessor-version":[{"id":28233,"href":"https:\/\/radiorevelacionfm.cl\/index.php?rest_route=\/wp\/v2\/posts\/28225\/revisions\/28233"}],"wp:featuredmedia":[{"embeddable":true,"href":"https:\/\/radiorevelacionfm.cl\/index.php?rest_route=\/wp\/v2\/media\/28226"}],"wp:attachment":[{"href":"https:\/\/radiorevelacionfm.cl\/index.php?rest_route=%2Fwp%2Fv2%2Fmedia&parent=28225"}],"wp:term":[{"taxonomy":"category","embeddable":true,"href":"https:\/\/radiorevelacionfm.cl\/index.php?rest_route=%2Fwp%2Fv2%2Fcategories&post=28225"},{"taxonomy":"post_tag","embeddable":true,"href":"https:\/\/radiorevelacionfm.cl\/index.php?rest_route=%2Fwp%2Fv2%2Ftags&post=28225"}],"curies":[{"name":"wp","href":"https:\/\/api.w.org\/{rel}","templated":true}]}}