{"id":28210,"date":"2023-02-27T19:32:43","date_gmt":"2023-02-27T22:32:43","guid":{"rendered":"https:\/\/radiorevelacionfm.cl\/?p=28210"},"modified":"2023-02-27T19:32:43","modified_gmt":"2023-02-27T22:32:43","slug":"con-participacion-de-jovenes-y-autoridades-comunales-se-llevo-a-cabo-nuevo-consejo-consultivo-de-salud","status":"publish","type":"post","link":"https:\/\/radiorevelacionfm.cl\/?p=28210","title":{"rendered":"Con participaci\u00f3n de j\u00f3venes y autoridades comunales se llev\u00f3 a cabo nuevo consejo consultivo de salud"},"content":{"rendered":"<div class=\"flex_column av_one_full  flex_column_div av-zero-column-padding first  avia-builder-el-0  el_before_av_one_full  avia-builder-el-first  \" style='border-radius:0px; '><div  class='avia-image-container  av-styling-    avia-builder-el-1  avia-builder-el-no-sibling  avia-align-center '  itemprop=\"image\" itemscope=\"itemscope\" itemtype=\"https:\/\/schema.org\/ImageObject\"  ><div class='avia-image-container-inner'><div class='avia-image-overlay-wrap'><img decoding=\"async\" class='wp-image-28211 avia-img-lazy-loading-not-28211 avia_image' src=\"https:\/\/radiorevelacionfm.cl\/wp-content\/uploads\/2023\/02\/Fotografia-1-2-2-1.jpg\" alt='' title='Fotograf\u00eda 1 (2) (2) (1)' height=\"600\" width=\"900\"  itemprop=\"thumbnailUrl\" srcset=\"https:\/\/radiorevelacionfm.cl\/wp-content\/uploads\/2023\/02\/Fotografia-1-2-2-1.jpg 900w, https:\/\/radiorevelacionfm.cl\/wp-content\/uploads\/2023\/02\/Fotografia-1-2-2-1-300x200.jpg 300w, https:\/\/radiorevelacionfm.cl\/wp-content\/uploads\/2023\/02\/Fotografia-1-2-2-1-768x512.jpg 768w, https:\/\/radiorevelacionfm.cl\/wp-content\/uploads\/2023\/02\/Fotografia-1-2-2-1-705x470.jpg 705w, https:\/\/radiorevelacionfm.cl\/wp-content\/uploads\/2023\/02\/Fotografia-1-2-2-1-600x400.jpg 600w\" sizes=\"(max-width: 900px) 100vw, 900px\" \/><\/div><\/div><\/div><\/div><div class=\"flex_column av_one_full  flex_column_div av-zero-column-padding first  avia-builder-el-2  el_after_av_one_full  el_before_av_one_full  column-top-margin\" style='border-radius:0px; '><section class=\"av_textblock_section \"  itemscope=\"itemscope\" itemtype=\"https:\/\/schema.org\/BlogPosting\" itemprop=\"blogPost\" ><div class='avia_textblock  '   itemprop=\"text\" ><p style=\"text-align: center;\"><span style=\"font-size: 18pt;\"><strong>Con participaci\u00f3n de j\u00f3venes y autoridades comunales se llev\u00f3 a cabo nuevo consejo consultivo de salud <\/strong><\/span><\/p>\n<div id=\"gtx-trans\" style=\"position: absolute; left: -50px; top: 4.31534px;\">\n<div class=\"gtx-trans-icon\"><\/div>\n<\/div>\n<\/div><\/section><\/div><div class=\"flex_column av_one_full  flex_column_div av-zero-column-padding first  avia-builder-el-4  el_after_av_one_full  el_before_av_hr  column-top-margin\" style='border-radius:0px; '><section class=\"av_textblock_section \"  itemscope=\"itemscope\" itemtype=\"https:\/\/schema.org\/BlogPosting\" itemprop=\"blogPost\" ><div class='avia_textblock  '   itemprop=\"text\" ><p style=\"text-align: justify;\">Este lunes 27 de febrero se concret\u00f3 el 2\u00b0 consejo consultivo organizado por la Direcci\u00f3n de Educaci\u00f3n Municipal. La instancia que cont\u00f3 con la participaci\u00f3n del alcalde de Ays\u00e9n, Julio Uribe Alvarado; el director de la Direcci\u00f3n de Educaci\u00f3n Municipal, Patricio B\u00f3rquez Antim\u00e1n; representantes de la delegaci\u00f3n presidencial; la presidenta del Consejo Consultivo de Salud del Hospital de Puerto Ays\u00e9n, Ximena Ruiz; y centros de alumnos de liceos de la comuna de Ays\u00e9n estuvo enfocada en escuchar opiniones y requerimientos sobre salud mental en los j\u00f3venes, discusi\u00f3n que se ha tratado en profundidad por las autoridades comunales durante los \u00faltimos d\u00edas.<\/p>\n<p style=\"text-align: justify;\">\u201cNuestra prioridad es abordar la depresi\u00f3n de los j\u00f3venes en nuestra comuna y hoy en el consejo consultivo los principales participantes fueron los estudiantes. Ellos, con un planteamiento s\u00faper certero, indican que no han sido escuchados y que lo m\u00e1s relevante de esta reuni\u00f3n son las medidas que implementaremos\u201d, enfatiza el alcalde de Ays\u00e9n, Julio Uribe Alvarado.<\/p>\n<p style=\"text-align: justify;\">Asimismo, el edil de la comuna recalca la importancia de trabajar directamente y con actividades que se efect\u00faen inmediatamente, \u201ca fin de enfocar nuestro trabajo, pero en forma directa. La solicitud para nuestros funcionarios es dar prioridad en cuanto a espacios tanto deportivos como culturales a nuestros j\u00f3venes. Vamos a realizar varias actividades y a hacer un seguimiento del trabajo que se est\u00e1 llevando a cabo\u201d, complement\u00f3.<\/p>\n<p style=\"text-align: justify;\">Por otro lado, Patricio B\u00f3rquez Antim\u00e1n, director de la Direcci\u00f3n de Educaci\u00f3n Municipal DEM, agradece el espacio que abre el municipio de Ays\u00e9n y comenta que la solicitud del alcalde, Julio Uribe Alvarado, \u201cfue poder enfrentar este segundo concejo desde el trabajo que realiza educaci\u00f3n con la planificaci\u00f3n del programa, Habilidades para la vida. Y, adem\u00e1s, nos pidi\u00f3 poder sentarnos a la mesa, como decimos hoy en d\u00eda, para conocer la mirada, puntos de vista y esbozar una planificaci\u00f3n concreta a fin de enfrentar la situaci\u00f3n de salud mental en nuestra comuna\u201d.<\/p>\n<p style=\"text-align: justify;\">Adem\u00e1s, el director del DEM agrega que convocar la mirada que tienen los j\u00f3venes es un proceso tremendamente enriquecedor para generar propuestas que sean efectivas y eficaces para nuestra comunidad, \u201cnos coloca en el desaf\u00edo de hacernos a cargo como municipio para poder concretar aquellas peticiones que nuestros j\u00f3venes est\u00e1n demandando\u201d.<\/p>\n<\/div><\/section><\/div><div  style='height:50px' class='hr hr-invisible   avia-builder-el-6  el_after_av_one_full  el_before_av_social_share '><span class='hr-inner ' ><span class='hr-inner-style'><\/span><\/span><\/div><\/p>\n<div  class='av-social-sharing-box  avia-builder-el-7  el_after_av_hr  el_before_av_hr  '><div class='av-share-box'><h5 class='av-share-link-description av-no-toc '>Compartir esta noticia<\/h5><ul class='av-share-box-list noLightbox'><li class='av-share-link av-social-link-facebook' ><a target=\"_blank\" aria-label=\"Compartir en Facebook\" href='https:\/\/www.facebook.com\/sharer.php?u=https:\/\/radiorevelacionfm.cl\/?p=28210&#038;t=Con%20participaci%C3%B3n%20de%20j%C3%B3venes%20y%20autoridades%20comunales%20se%20llev%C3%B3%20a%20cabo%20nuevo%20consejo%20consultivo%20de%20salud' aria-hidden='false' data-av_icon='\ue8f3' data-av_iconfont='entypo-fontello' title='' data-avia-related-tooltip='Compartir en Facebook' rel=\"noopener\"><span class='avia_hidden_link_text'>Compartir en Facebook<\/span><\/a><\/li><li class='av-share-link av-social-link-twitter' ><a target=\"_blank\" aria-label=\"Compartir en Twitter\" href='https:\/\/twitter.com\/share?text=Con%20participaci%C3%B3n%20de%20j%C3%B3venes%20y%20autoridades%20comunales%20se%20llev%C3%B3%20a%20cabo%20nuevo%20consejo%20consultivo%20de%20salud&#038;url=https:\/\/radiorevelacionfm.cl\/?p=28210' aria-hidden='false' data-av_icon='\ue8f1' data-av_iconfont='entypo-fontello' title='' data-avia-related-tooltip='Compartir en Twitter' rel=\"noopener\"><span class='avia_hidden_link_text'>Compartir en Twitter<\/span><\/a><\/li><li class='av-share-link av-social-link-whatsapp' ><a target=\"_blank\" aria-label=\"Compartir en Whatsapp\" href='https:\/\/api.whatsapp.com\/send?text=https:\/\/radiorevelacionfm.cl\/?p=28210' aria-hidden='false' data-av_icon='\uf232' data-av_iconfont='entypo-fontello' title='' data-avia-related-tooltip='Compartir en Whatsapp' rel=\"noopener\"><span class='avia_hidden_link_text'>Compartir en Whatsapp<\/span><\/a><\/li><li class='av-share-link av-social-link-linkedin' ><a target=\"_blank\" aria-label=\"Compartir en LinkedIn\" href='https:\/\/linkedin.com\/shareArticle?mini=true&#038;title=Con%20participaci%C3%B3n%20de%20j%C3%B3venes%20y%20autoridades%20comunales%20se%20llev%C3%B3%20a%20cabo%20nuevo%20consejo%20consultivo%20de%20salud&#038;url=https:\/\/radiorevelacionfm.cl\/?p=28210' aria-hidden='false' data-av_icon='\ue8fc' data-av_iconfont='entypo-fontello' title='' data-avia-related-tooltip='Compartir en LinkedIn' rel=\"noopener\"><span class='avia_hidden_link_text'>Compartir en LinkedIn<\/span><\/a><\/li><li class='av-share-link av-social-link-mail' ><a  aria-label=\"Compartir por correo\" href='mailto:?subject=Con%20participaci%C3%B3n%20de%20j%C3%B3venes%20y%20autoridades%20comunales%20se%20llev%C3%B3%20a%20cabo%20nuevo%20consejo%20consultivo%20de%20salud&#038;body=https:\/\/radiorevelacionfm.cl\/?p=28210' aria-hidden='false' data-av_icon='\ue805' data-av_iconfont='entypo-fontello' title='' data-avia-related-tooltip='Compartir por correo'><span class='avia_hidden_link_text'>Compartir por correo<\/span><\/a><\/li><\/ul><\/div><\/div>\n<div  style='height:50px' class='hr hr-invisible   avia-builder-el-8  el_after_av_social_share  el_before_av_comments_list '><span class='hr-inner ' ><span class='hr-inner-style'><\/span><\/span><\/div>\n<div  class='av-buildercomment  av-blog-meta-html-info-disabled av-blog-meta-tag-disabled  '><\/div>\n","protected":false},"excerpt":{"rendered":"","protected":false},"author":1,"featured_media":28211,"comment_status":"open","ping_status":"open","sticky":false,"template":"","format":"standard","meta":{"footnotes":""},"categories":[38],"tags":[],"class_list":["post-28210","post","type-post","status-publish","format-standard","has-post-thumbnail","hentry","category-regional"],"jetpack_featured_media_url":"https:\/\/radiorevelacionfm.cl\/wp-content\/uploads\/2023\/02\/Fotografia-1-2-2-1.jpg","_links":{"self":[{"href":"https:\/\/radiorevelacionfm.cl\/index.php?rest_route=\/wp\/v2\/posts\/28210","targetHints":{"allow":["GET"]}}],"collection":[{"href":"https:\/\/radiorevelacionfm.cl\/index.php?rest_route=\/wp\/v2\/posts"}],"about":[{"href":"https:\/\/radiorevelacionfm.cl\/index.php?rest_route=\/wp\/v2\/types\/post"}],"author":[{"embeddable":true,"href":"https:\/\/radiorevelacionfm.cl\/index.php?rest_route=\/wp\/v2\/users\/1"}],"replies":[{"embeddable":true,"href":"https:\/\/radiorevelacionfm.cl\/index.php?rest_route=%2Fwp%2Fv2%2Fcomments&post=28210"}],"version-history":[{"count":2,"href":"https:\/\/radiorevelacionfm.cl\/index.php?rest_route=\/wp\/v2\/posts\/28210\/revisions"}],"predecessor-version":[{"id":28222,"href":"https:\/\/radiorevelacionfm.cl\/index.php?rest_route=\/wp\/v2\/posts\/28210\/revisions\/28222"}],"wp:featuredmedia":[{"embeddable":true,"href":"https:\/\/radiorevelacionfm.cl\/index.php?rest_route=\/wp\/v2\/media\/28211"}],"wp:attachment":[{"href":"https:\/\/radiorevelacionfm.cl\/index.php?rest_route=%2Fwp%2Fv2%2Fmedia&parent=28210"}],"wp:term":[{"taxonomy":"category","embeddable":true,"href":"https:\/\/radiorevelacionfm.cl\/index.php?rest_route=%2Fwp%2Fv2%2Fcategories&post=28210"},{"taxonomy":"post_tag","embeddable":true,"href":"https:\/\/radiorevelacionfm.cl\/index.php?rest_route=%2Fwp%2Fv2%2Ftags&post=28210"}],"curies":[{"name":"wp","href":"https:\/\/api.w.org\/{rel}","templated":true}]}}