{"id":28206,"date":"2023-02-27T18:42:09","date_gmt":"2023-02-27T21:42:09","guid":{"rendered":"https:\/\/radiorevelacionfm.cl\/?p=28206"},"modified":"2023-02-27T18:42:09","modified_gmt":"2023-02-27T21:42:09","slug":"el-nuevo-podcast-de-fortalece-pyme-para-llevar-la-digitalizacion-a-todas-las-pequenas-empresas-de-la-region-de-aysen","status":"publish","type":"post","link":"https:\/\/radiorevelacionfm.cl\/?p=28206","title":{"rendered":"El nuevo podcast de Fortalece Pyme para llevar la digitalizaci\u00f3n a todas las peque\u00f1as empresas de la regi\u00f3n de Ays\u00e9n"},"content":{"rendered":"<div class=\"flex_column av_one_full  flex_column_div av-zero-column-padding first  avia-builder-el-0  el_before_av_one_full  avia-builder-el-first  \" style='border-radius:0px; '><div  class='avia-image-container  av-styling-    avia-builder-el-1  avia-builder-el-no-sibling  avia-align-center '  itemprop=\"image\" itemscope=\"itemscope\" itemtype=\"https:\/\/schema.org\/ImageObject\"  ><div class='avia-image-container-inner'><div class='avia-image-overlay-wrap'><img decoding=\"async\" class='wp-image-28207 avia-img-lazy-loading-not-28207 avia_image' src=\"https:\/\/radiorevelacionfm.cl\/wp-content\/uploads\/2023\/02\/RED.-Post-28.06-2-3-1-1.jpg\" alt='' title='RED. Post 28.06-2 (3) (1) (1)' height=\"600\" width=\"600\"  itemprop=\"thumbnailUrl\" srcset=\"https:\/\/radiorevelacionfm.cl\/wp-content\/uploads\/2023\/02\/RED.-Post-28.06-2-3-1-1.jpg 600w, https:\/\/radiorevelacionfm.cl\/wp-content\/uploads\/2023\/02\/RED.-Post-28.06-2-3-1-1-300x300.jpg 300w, https:\/\/radiorevelacionfm.cl\/wp-content\/uploads\/2023\/02\/RED.-Post-28.06-2-3-1-1-80x80.jpg 80w, https:\/\/radiorevelacionfm.cl\/wp-content\/uploads\/2023\/02\/RED.-Post-28.06-2-3-1-1-36x36.jpg 36w, https:\/\/radiorevelacionfm.cl\/wp-content\/uploads\/2023\/02\/RED.-Post-28.06-2-3-1-1-180x180.jpg 180w, https:\/\/radiorevelacionfm.cl\/wp-content\/uploads\/2023\/02\/RED.-Post-28.06-2-3-1-1-100x100.jpg 100w\" sizes=\"(max-width: 600px) 100vw, 600px\" \/><\/div><\/div><\/div><\/div><div class=\"flex_column av_one_full  flex_column_div av-zero-column-padding first  avia-builder-el-2  el_after_av_one_full  el_before_av_one_full  column-top-margin\" style='border-radius:0px; '><section class=\"av_textblock_section \"  itemscope=\"itemscope\" itemtype=\"https:\/\/schema.org\/BlogPosting\" itemprop=\"blogPost\" ><div class='avia_textblock  '   itemprop=\"text\" ><p style=\"text-align: center;\"><strong><span style=\"font-size: 18pt;\">El nuevo podcast de Fortalece Pyme para llevar la digitalizaci\u00f3n a todas las peque\u00f1as empresas de la regi\u00f3n de Ays\u00e9n<\/span><\/strong><\/p>\n<div id=\"gtx-trans\" style=\"position: absolute; left: -50px; top: 4.31534px;\">\n<div class=\"gtx-trans-icon\"><\/div>\n<\/div>\n<\/div><\/section><\/div><div class=\"flex_column av_one_full  flex_column_div av-zero-column-padding first  avia-builder-el-4  el_after_av_one_full  el_before_av_hr  column-top-margin\" style='border-radius:0px; '><section class=\"av_textblock_section \"  itemscope=\"itemscope\" itemtype=\"https:\/\/schema.org\/BlogPosting\" itemprop=\"blogPost\" ><div class='avia_textblock  '   itemprop=\"text\" ><p style=\"text-align: justify;\"><em>La iniciativa busca reforzar el compromiso del programa\u00a0de CORFO\u00a0con las empresas de la regi\u00f3n y dar a conocer diversos software que permiten optimizar tiempos de trabajo y mejorar la gesti\u00f3n comercial de las pymes,\u00a0y las opiniones de distintas pymes que han adoptado estos.<\/em><\/p>\n<p style=\"text-align: justify;\">Fortalece Pyme, programa de CORFO, ha lanzado recientemente un nuevo podcast llamado \u201cRuta Digital\u201d. En colaboraci\u00f3n con Radio 99.3 fm de Coyhaique, el podcast busca conectar con las peque\u00f1as empresas de la regi\u00f3n, compartir informaci\u00f3n,\u00a0 herramientas relevantes, y fortalecer el networking entre ellas.<\/p>\n<p style=\"text-align: justify;\">El podcast se realizar\u00e1 de manera quincenal donde se abordar\u00e1n tem\u00e1ticas en distintas \u00e1reas\u00a0y distintas herramientas tecnol\u00f3gicas\u00a0para hacer m\u00e1s eficiente el trabajo de las pymes, as\u00ed como tambi\u00e9n conversar con ellas donde compartir\u00e1n sus experiencias y aprendizajes de sus procesos de adopci\u00f3n.<\/p>\n<p style=\"text-align: justify;\">El primer episodio del podcast ya est\u00e1 disponible en spotify, redes sociales y en la p\u00e1gina web de Fortalece Pyme. En \u00e9l se aborda la importancia de la digitalizaci\u00f3n para las peque\u00f1as empresas en la actualidad,\u00a0y una nueva herramienta e Inteligencia Artificial, que facilita y agiliza muchas tareas que hoy pueden tomar mucho tiempo.<\/p>\n<p style=\"text-align: justify;\">\u201cEstamos muy entusiasmados con este nuevo proyecto, ya que creemos que el podcast y la radio son una tremenda herramienta para llegar a todos los rincones de la regi\u00f3n, siendo el medio de comunicaci\u00f3n m\u00e1s utilizado en todas las casa y empresas de Ays\u00e9n,\u00a0 y as\u00ed llegar a muchas m\u00e1s peque\u00f1as y medianas empresas y apoyarlas en su crecimiento y desarrollo\u201d, se\u00f1al\u00f3 Francisca Marchant, gestora de transformaci\u00f3n digital del programa.<\/p>\n<p style=\"text-align: justify;\">Con el lanzamiento de \u201cRuta Digital\u201d, Fortalece Pyme busca reforzar su compromiso con las peque\u00f1as empresas de la regi\u00f3n de Ays\u00e9n apoy\u00e1ndolas en su crecimiento y desarrollo a trav\u00e9s de herramientas innovadoras y necesarias para lograr\u00a0una expansi\u00f3n de ventas, aumento de clientes o mejora en procesos internos.<\/p>\n<p style=\"text-align: justify;\">Para m\u00e1s informaci\u00f3n sobre el podcast y sobre los servicios que ofrece el programa, los interesados pueden visitar la p\u00e1gina web\u00a0<a href=\"http:\/\/www.fpymeaysen.cl\/\">www.fpymeaysen.cl<\/a>, seguir las redes sociales de Fortalece Pyme en Instagram y Facebook como fpyme_aysen.<\/p>\n<\/div><\/section><\/div><div  style='height:50px' class='hr hr-invisible   avia-builder-el-6  el_after_av_one_full  el_before_av_social_share '><span class='hr-inner ' ><span class='hr-inner-style'><\/span><\/span><\/div><\/p>\n<div  class='av-social-sharing-box  avia-builder-el-7  el_after_av_hr  el_before_av_hr  '><div class='av-share-box'><h5 class='av-share-link-description av-no-toc '>Compartir esta noticia<\/h5><ul class='av-share-box-list noLightbox'><li class='av-share-link av-social-link-facebook' ><a target=\"_blank\" aria-label=\"Compartir en Facebook\" href='https:\/\/www.facebook.com\/sharer.php?u=https:\/\/radiorevelacionfm.cl\/?p=28206&#038;t=El%20nuevo%20podcast%20de%20Fortalece%20Pyme%20para%20llevar%20la%20digitalizaci%C3%B3n%20a%20todas%20las%20peque%C3%B1as%20empresas%20de%20la%20regi%C3%B3n%20de%20Ays%C3%A9n' aria-hidden='false' data-av_icon='\ue8f3' data-av_iconfont='entypo-fontello' title='' data-avia-related-tooltip='Compartir en Facebook' rel=\"noopener\"><span class='avia_hidden_link_text'>Compartir en Facebook<\/span><\/a><\/li><li class='av-share-link av-social-link-twitter' ><a target=\"_blank\" aria-label=\"Compartir en Twitter\" href='https:\/\/twitter.com\/share?text=El%20nuevo%20podcast%20de%20Fortalece%20Pyme%20para%20llevar%20la%20digitalizaci%C3%B3n%20a%20todas%20las%20peque%C3%B1as%20empresas%20de%20la%20regi%C3%B3n%20de%20Ays%C3%A9n&#038;url=https:\/\/radiorevelacionfm.cl\/?p=28206' aria-hidden='false' data-av_icon='\ue8f1' data-av_iconfont='entypo-fontello' title='' data-avia-related-tooltip='Compartir en Twitter' rel=\"noopener\"><span class='avia_hidden_link_text'>Compartir en Twitter<\/span><\/a><\/li><li class='av-share-link av-social-link-whatsapp' ><a target=\"_blank\" aria-label=\"Compartir en Whatsapp\" href='https:\/\/api.whatsapp.com\/send?text=https:\/\/radiorevelacionfm.cl\/?p=28206' aria-hidden='false' data-av_icon='\uf232' data-av_iconfont='entypo-fontello' title='' data-avia-related-tooltip='Compartir en Whatsapp' rel=\"noopener\"><span class='avia_hidden_link_text'>Compartir en Whatsapp<\/span><\/a><\/li><li class='av-share-link av-social-link-linkedin' ><a target=\"_blank\" aria-label=\"Compartir en LinkedIn\" href='https:\/\/linkedin.com\/shareArticle?mini=true&#038;title=El%20nuevo%20podcast%20de%20Fortalece%20Pyme%20para%20llevar%20la%20digitalizaci%C3%B3n%20a%20todas%20las%20peque%C3%B1as%20empresas%20de%20la%20regi%C3%B3n%20de%20Ays%C3%A9n&#038;url=https:\/\/radiorevelacionfm.cl\/?p=28206' aria-hidden='false' data-av_icon='\ue8fc' data-av_iconfont='entypo-fontello' title='' data-avia-related-tooltip='Compartir en LinkedIn' rel=\"noopener\"><span class='avia_hidden_link_text'>Compartir en LinkedIn<\/span><\/a><\/li><li class='av-share-link av-social-link-mail' ><a  aria-label=\"Compartir por correo\" href='mailto:?subject=El%20nuevo%20podcast%20de%20Fortalece%20Pyme%20para%20llevar%20la%20digitalizaci%C3%B3n%20a%20todas%20las%20peque%C3%B1as%20empresas%20de%20la%20regi%C3%B3n%20de%20Ays%C3%A9n&#038;body=https:\/\/radiorevelacionfm.cl\/?p=28206' aria-hidden='false' data-av_icon='\ue805' data-av_iconfont='entypo-fontello' title='' data-avia-related-tooltip='Compartir por correo'><span class='avia_hidden_link_text'>Compartir por correo<\/span><\/a><\/li><\/ul><\/div><\/div>\n<div  style='height:50px' class='hr hr-invisible   avia-builder-el-8  el_after_av_social_share  el_before_av_comments_list '><span class='hr-inner ' ><span class='hr-inner-style'><\/span><\/span><\/div>\n<div  class='av-buildercomment  av-blog-meta-html-info-disabled av-blog-meta-tag-disabled  '><\/div>\n","protected":false},"excerpt":{"rendered":"","protected":false},"author":1,"featured_media":28208,"comment_status":"open","ping_status":"open","sticky":false,"template":"","format":"standard","meta":{"footnotes":""},"categories":[38],"tags":[],"class_list":["post-28206","post","type-post","status-publish","format-standard","has-post-thumbnail","hentry","category-regional"],"jetpack_featured_media_url":"https:\/\/radiorevelacionfm.cl\/wp-content\/uploads\/2023\/02\/red_optimized.-post-28.06-2-3-2-1.jpg","_links":{"self":[{"href":"https:\/\/radiorevelacionfm.cl\/index.php?rest_route=\/wp\/v2\/posts\/28206","targetHints":{"allow":["GET"]}}],"collection":[{"href":"https:\/\/radiorevelacionfm.cl\/index.php?rest_route=\/wp\/v2\/posts"}],"about":[{"href":"https:\/\/radiorevelacionfm.cl\/index.php?rest_route=\/wp\/v2\/types\/post"}],"author":[{"embeddable":true,"href":"https:\/\/radiorevelacionfm.cl\/index.php?rest_route=\/wp\/v2\/users\/1"}],"replies":[{"embeddable":true,"href":"https:\/\/radiorevelacionfm.cl\/index.php?rest_route=%2Fwp%2Fv2%2Fcomments&post=28206"}],"version-history":[{"count":2,"href":"https:\/\/radiorevelacionfm.cl\/index.php?rest_route=\/wp\/v2\/posts\/28206\/revisions"}],"predecessor-version":[{"id":28218,"href":"https:\/\/radiorevelacionfm.cl\/index.php?rest_route=\/wp\/v2\/posts\/28206\/revisions\/28218"}],"wp:featuredmedia":[{"embeddable":true,"href":"https:\/\/radiorevelacionfm.cl\/index.php?rest_route=\/wp\/v2\/media\/28208"}],"wp:attachment":[{"href":"https:\/\/radiorevelacionfm.cl\/index.php?rest_route=%2Fwp%2Fv2%2Fmedia&parent=28206"}],"wp:term":[{"taxonomy":"category","embeddable":true,"href":"https:\/\/radiorevelacionfm.cl\/index.php?rest_route=%2Fwp%2Fv2%2Fcategories&post=28206"},{"taxonomy":"post_tag","embeddable":true,"href":"https:\/\/radiorevelacionfm.cl\/index.php?rest_route=%2Fwp%2Fv2%2Ftags&post=28206"}],"curies":[{"name":"wp","href":"https:\/\/api.w.org\/{rel}","templated":true}]}}