{"id":28201,"date":"2023-02-27T17:13:51","date_gmt":"2023-02-27T20:13:51","guid":{"rendered":"https:\/\/radiorevelacionfm.cl\/?p=28201"},"modified":"2023-02-27T17:13:51","modified_gmt":"2023-02-27T20:13:51","slug":"seremi-de-agricultura-se-reune-con-productoras-es-en-la-junta-y-destaca-implementacion-de-programas","status":"publish","type":"post","link":"https:\/\/radiorevelacionfm.cl\/?p=28201","title":{"rendered":"Seremi de Agricultura se re\u00fane con productoras\/es en La Junta y destaca implementaci\u00f3n de programas"},"content":{"rendered":"<div class=\"flex_column av_one_full  flex_column_div av-zero-column-padding first  avia-builder-el-0  el_before_av_one_full  avia-builder-el-first  \" style='border-radius:0px; '><div  class='avia-image-container  av-styling-    avia-builder-el-1  avia-builder-el-no-sibling  avia-align-center '  itemprop=\"image\" itemscope=\"itemscope\" itemtype=\"https:\/\/schema.org\/ImageObject\"  ><div class='avia-image-container-inner'><div class='avia-image-overlay-wrap'><img decoding=\"async\" class='wp-image-28202 avia-img-lazy-loading-not-28202 avia_image' src=\"https:\/\/radiorevelacionfm.cl\/wp-content\/uploads\/2023\/02\/reunion-con-productoras-en-la-junta-1_optimized-1.jpg\" alt='' title='reuni\u00f3n-con-productoras-en-la-junta-(1)_optimized (1)' height=\"600\" width=\"1040\"  itemprop=\"thumbnailUrl\" srcset=\"https:\/\/radiorevelacionfm.cl\/wp-content\/uploads\/2023\/02\/reunion-con-productoras-en-la-junta-1_optimized-1.jpg 1040w, https:\/\/radiorevelacionfm.cl\/wp-content\/uploads\/2023\/02\/reunion-con-productoras-en-la-junta-1_optimized-1-300x173.jpg 300w, https:\/\/radiorevelacionfm.cl\/wp-content\/uploads\/2023\/02\/reunion-con-productoras-en-la-junta-1_optimized-1-1030x594.jpg 1030w, https:\/\/radiorevelacionfm.cl\/wp-content\/uploads\/2023\/02\/reunion-con-productoras-en-la-junta-1_optimized-1-768x443.jpg 768w, https:\/\/radiorevelacionfm.cl\/wp-content\/uploads\/2023\/02\/reunion-con-productoras-en-la-junta-1_optimized-1-705x407.jpg 705w, https:\/\/radiorevelacionfm.cl\/wp-content\/uploads\/2023\/02\/reunion-con-productoras-en-la-junta-1_optimized-1-600x346.jpg 600w\" sizes=\"(max-width: 1040px) 100vw, 1040px\" \/><\/div><\/div><\/div><\/div><div class=\"flex_column av_one_full  flex_column_div av-zero-column-padding first  avia-builder-el-2  el_after_av_one_full  el_before_av_one_full  column-top-margin\" style='border-radius:0px; '><section class=\"av_textblock_section \"  itemscope=\"itemscope\" itemtype=\"https:\/\/schema.org\/BlogPosting\" itemprop=\"blogPost\" ><div class='avia_textblock  '   itemprop=\"text\" ><p style=\"text-align: center;\"><strong><span style=\"font-size: 18pt;\">Seremi de Agricultura se re\u00fane con productoras\/es en La Junta y destaca implementaci\u00f3n de programas\u00a0<\/span><\/strong><\/p>\n<div id=\"gtx-trans\" style=\"position: absolute; left: -50px; top: 4.31534px;\">\n<div class=\"gtx-trans-icon\"><\/div>\n<\/div>\n<\/div><\/section><\/div><div class=\"flex_column av_one_full  flex_column_div av-zero-column-padding first  avia-builder-el-4  el_after_av_one_full  el_before_av_hr  column-top-margin\" style='border-radius:0px; '><section class=\"av_textblock_section \"  itemscope=\"itemscope\" itemtype=\"https:\/\/schema.org\/BlogPosting\" itemprop=\"blogPost\" ><div class='avia_textblock  '   itemprop=\"text\" ><p class=\"v1MsoNormal v1ContentPasted1\" style=\"text-align: justify;\">La importancia de la diversificaci\u00f3n productiva para el desarrollo sostenible del sector rural, destac\u00f3 el seremi de Agricultura, Alan Espinoza Ortiz, en di\u00e1logo con organizaciones y productores\/as de la localidad de La Junta, comuna de Cisnes.<\/p>\n<p class=\"v1MsoNormal v1ContentPasted1\" style=\"text-align: justify;\">En el recorrido, el seremi Alan Espinoza dialog\u00f3 con el alcalde Francisco Roncagliolo, con la directiva de la Asociaci\u00f3n Gremial de Peque\u00f1os Ganaderos, productoras ap\u00edcolas y artesanas del sector norte de la regi\u00f3n.<\/p>\n<p class=\"v1MsoNormal v1ContentPasted1\" style=\"text-align: justify;\">En este sentido Espinoza resalt\u00f3 la importancia de abordar en terreno los desaf\u00edos que enfrentan los distintos rubros que conforman el sector productivo local.<\/p>\n<p class=\"v1MsoNormal v1ContentPasted1\" style=\"text-align: justify;\">\u00abComo Gobierno tenemos el mandato de estar en terreno, abordando en cada territorio las distintas prioridades locales, pues vivimos en una extensa regi\u00f3n, donde los modelos productivos son diversos. Frente a ellos tenemos que actuar con pertinencia territorial para un uso efectivo de nuestros instrumentos\u00bb, sintetiz\u00f3.<\/p>\n<p class=\"v1MsoNormal v1ContentPasted1\" style=\"text-align: justify;\">Con el alcalde de Cisnes, Francisco Roncagliolo Lep\u00edo, se abord\u00f3 la gesti\u00f3n en fomento productivo y a las organizaciones de la comuna.<\/p>\n<p class=\"v1MsoNormal v1ContentPasted1\" style=\"text-align: justify;\">\u00abPudimos tocar distintas tem\u00e1ticas relacionadas con el agro de nuestra comuna y sacamos conclusiones bastante importante una en trabajar en el fortalecimiento del fomento productivo comunal asociado a la agricultura, en la cual ya tenemos una planificaci\u00f3n que vamos a llevar adelante en los pr\u00f3ximos d\u00edas. Y lo otro es el fortalecimiento del apoyo a asociaciones gremiales y organizaciones que est\u00e1n constituidas\u00bb, sostuvo el alcalde.<\/p>\n<p class=\"v1MsoNormal v1ContentPasted1\" style=\"text-align: justify;\">Entre las experiencias visitadas destacan el trabajo de las cesteras de manila, Magaly C\u00e1rdenas y Susana Granadinos dedicadas a la artesan\u00eda de origen vegetal, aportando a la diversificaci\u00f3n productiva en la agricultura familiar campesina.<\/p>\n<p class=\"v1MsoNormal v1ContentPasted1\" style=\"text-align: justify;\">Asimismo destaca la reuni\u00f3n con productoras del rubro ap\u00edcola y agr\u00edcola de La Junta, donde adem\u00e1s del edil particip\u00f3 la jefa de \u00c1rea INDAP, Carolina Vel\u00e1squez, el jefe de \u00c1rea de CONAF, \u00c1lvaro D&#8217;Amico y el<span class=\"v1ContentPasted1\">\u00a0\u00a0<\/span>profesional del SAG, Javier Pizarro.<\/p>\n<p class=\"v1MsoNormal v1ContentPasted1\" style=\"text-align: justify;\">Tras la cita, la productora Miguelina G\u00f3mez resalt\u00f3 la instancia que permite avanzar en la labor productiva.<\/p>\n<p class=\"v1MsoNormal v1ContentPasted1\" style=\"text-align: justify;\">\u00abTengo una parcela a tres kil\u00f3metros de la junta. Principalmente tengo una mini apiario, cuento con 12 colmenas. Se aclararon varios puntos, principalmente por el Seremi,<span class=\"v1ContentPasted1\">\u00a0\u00a0<\/span>en los puntos que yo necesitaba aclarar y por la municipalidad con el alcalde es la respuesta que necesitaba, que era saber de la sala de proceso que se estaba implementando espec\u00edficamente para la miel, que es una de las cosas que necesitamos la mayor\u00eda de los apicultores\u00bb, indic\u00f3.<\/p>\n<p class=\"v1MsoNormal v1ContentPasted1\" style=\"text-align: justify;\">Las reuniones de trabajo en la localidad de La Junta se enmarcan en el di\u00e1logo y atenci\u00f3n directa de los agricultores y agricultoras de toda la regi\u00f3n en terreno, de forma complementaria al trabajo peri\u00f3dico que realizan las oficinas provinciales y locales de INDAP, SAG y CONAF en toda la regi\u00f3n.<\/p>\n<p class=\"v1MsoNormal\" style=\"text-align: justify;\"><b class=\"v1ContentPasted1\">Difusi\u00f3n de prevenci\u00f3n incendios forestales\u00a0\u00a0<\/b><\/p>\n<p class=\"v1MsoNormal v1ContentPasted1\" style=\"text-align: justify;\">Tras la reuniones desarrollada en La Junta, el Secretario Regional Ministerial de Agricultura, junto a brigadistas CONAF y Carabineros, realizaron una difusi\u00f3n en la entrada norte de la ciudad, espec\u00edficamente en el cruce hacia Lago Verde y Puerto Ra\u00fal Mar\u00edn Balmaceda.<\/p>\n<p class=\"v1MsoNormal v1ContentPasted1\" style=\"text-align: justify;\">Instancia en que se entreg\u00f3 informaci\u00f3n en torno a la prevenci\u00f3n de incendios forestales, con \u00e9nfasis en el llamado a usar el n\u00famero\u00a0<span class=\"v1ContentPasted1\">\u00a0<\/span>130 para avisar ante posibles incendios.<\/p>\n<p class=\"v1MsoNormal v1ContentPasted1\" style=\"text-align: justify;\">Ricardo Ampuero D\u00edaz, jefe de la brigada \u00d1ire 2, destac\u00f3 que estas actividad se da en el marco del trabajo permanente de CONAF para evitar incendios forestales<\/p>\n<p class=\"v1MsoNormal v1ContentPasted1\" style=\"text-align: justify;\">\u00abEsta es una actividad que se hace en conjunto con el seremi<span class=\"v1ContentPasted1\">\u00a0\u00a0<\/span>el jefe del \u00e1rea Provincial de La Junta. Se est\u00e1 trabajando en funci\u00f3n de ir en la prevenci\u00f3n\u00a0<span class=\"v1ContentPasted1\">\u00a0<\/span>del uso del fuego en todo lo que es la zona norte de y por ende esto es para los turistas como la gente local\u00bb, subray\u00f3<\/p>\n<p class=\"v1MsoNormal\" style=\"text-align: justify;\"><b class=\"v1ContentPasted1\">Programa Trazabilidad Sanitaria Bovina<\/b><\/p>\n<p class=\"v1MsoNormal v1ContentPasted1\" style=\"text-align: justify;\">Asimismo en el contexto del programa \u00abApoyo a la trazabilidad de la peque\u00f1a agricultura\u00bb financiado por el Gobierno Regional de Ays\u00e9n y su Consejo y ejecutado por el SAG, el Seremi de Agricultura particip\u00f3 del \u00abareteo\u00bb de vacunos en el predio de Sandra Schilling Turra, en una actividad que recre\u00f3 las tradicionales jornadas campestres que reun\u00edan a toda la familia.<\/p>\n<p class=\"v1MsoNormal v1ContentPasted1\" style=\"text-align: justify;\">\u00abEs muy importante y agradecer\u00a0<span class=\"v1ContentPasted1\">\u00a0<\/span>tambi\u00e9n al SAG por habernos acompa\u00f1ado. Nos reunimos toda la familia, por lo menos aqu\u00ed, yo soy la mam\u00e1 y aqu\u00ed est\u00e1n mi hijo y amigos de mi hijos y mis nietos\u00bb, sostuvo la productora<\/p>\n<p class=\"v1MsoNormal v1ContentPasted1\" style=\"text-align: justify;\">En este sentido, el seremi Alan Espinoza destac\u00f3 la importancia del programa de trazabilidad bovina que a trav\u00e9s de la identificaci\u00f3n\u00a0<span class=\"v1ContentPasted1\">\u00a0<\/span>permite la comercializaci\u00f3n formal y mejorando la competitividad de la peque\u00f1a ganader\u00eda de la regi\u00f3n de Ays\u00e9n.<\/p>\n<p class=\"v1MsoNormal v1ContentPasted1\" style=\"text-align: justify;\">\u00abA la fecha llevamos m\u00e1s de 11.750 animales al d\u00eda y adem\u00e1s estamos apoyando de manera directa a peque\u00f1os productores en m\u00e1s 1590 predios que est\u00e1n distribuidos a lo largo de toda nuestra regi\u00f3n. Gracias a estos recursos que vienen del Gobierno Regional y que nos permiten apoyar de manera directa nuestra agricultura familiar campesina\u00bb, indic\u00f3<\/p>\n<\/div><\/section><\/div><div  style='height:50px' class='hr hr-invisible   avia-builder-el-6  el_after_av_one_full  el_before_av_social_share '><span class='hr-inner ' ><span class='hr-inner-style'><\/span><\/span><\/div><\/p>\n<div  class='av-social-sharing-box  avia-builder-el-7  el_after_av_hr  el_before_av_hr  '><div class='av-share-box'><h5 class='av-share-link-description av-no-toc '>Compartir esta noticia<\/h5><ul class='av-share-box-list noLightbox'><li class='av-share-link av-social-link-facebook' ><a target=\"_blank\" aria-label=\"Compartir en Facebook\" href='https:\/\/www.facebook.com\/sharer.php?u=https:\/\/radiorevelacionfm.cl\/?p=28201&#038;t=Seremi%20de%20Agricultura%20se%20re%C3%BAne%20con%20productoras%2Fes%20en%20La%20Junta%20y%20destaca%20implementaci%C3%B3n%20de%20programas' aria-hidden='false' data-av_icon='\ue8f3' data-av_iconfont='entypo-fontello' title='' data-avia-related-tooltip='Compartir en Facebook' rel=\"noopener\"><span class='avia_hidden_link_text'>Compartir en Facebook<\/span><\/a><\/li><li class='av-share-link av-social-link-twitter' ><a target=\"_blank\" aria-label=\"Compartir en Twitter\" href='https:\/\/twitter.com\/share?text=Seremi%20de%20Agricultura%20se%20re%C3%BAne%20con%20productoras%2Fes%20en%20La%20Junta%20y%20destaca%20implementaci%C3%B3n%20de%20programas&#038;url=https:\/\/radiorevelacionfm.cl\/?p=28201' aria-hidden='false' data-av_icon='\ue8f1' data-av_iconfont='entypo-fontello' title='' data-avia-related-tooltip='Compartir en Twitter' rel=\"noopener\"><span class='avia_hidden_link_text'>Compartir en Twitter<\/span><\/a><\/li><li class='av-share-link av-social-link-whatsapp' ><a target=\"_blank\" aria-label=\"Compartir en Whatsapp\" href='https:\/\/api.whatsapp.com\/send?text=https:\/\/radiorevelacionfm.cl\/?p=28201' aria-hidden='false' data-av_icon='\uf232' data-av_iconfont='entypo-fontello' title='' data-avia-related-tooltip='Compartir en Whatsapp' rel=\"noopener\"><span class='avia_hidden_link_text'>Compartir en Whatsapp<\/span><\/a><\/li><li class='av-share-link av-social-link-linkedin' ><a target=\"_blank\" aria-label=\"Compartir en LinkedIn\" href='https:\/\/linkedin.com\/shareArticle?mini=true&#038;title=Seremi%20de%20Agricultura%20se%20re%C3%BAne%20con%20productoras%2Fes%20en%20La%20Junta%20y%20destaca%20implementaci%C3%B3n%20de%20programas&#038;url=https:\/\/radiorevelacionfm.cl\/?p=28201' aria-hidden='false' data-av_icon='\ue8fc' data-av_iconfont='entypo-fontello' title='' data-avia-related-tooltip='Compartir en LinkedIn' rel=\"noopener\"><span class='avia_hidden_link_text'>Compartir en LinkedIn<\/span><\/a><\/li><li class='av-share-link av-social-link-mail' ><a  aria-label=\"Compartir por correo\" href='mailto:?subject=Seremi%20de%20Agricultura%20se%20re%C3%BAne%20con%20productoras%2Fes%20en%20La%20Junta%20y%20destaca%20implementaci%C3%B3n%20de%20programas&#038;body=https:\/\/radiorevelacionfm.cl\/?p=28201' aria-hidden='false' data-av_icon='\ue805' data-av_iconfont='entypo-fontello' title='' data-avia-related-tooltip='Compartir por correo'><span class='avia_hidden_link_text'>Compartir por correo<\/span><\/a><\/li><\/ul><\/div><\/div>\n<div  style='height:50px' class='hr hr-invisible   avia-builder-el-8  el_after_av_social_share  el_before_av_comments_list '><span class='hr-inner ' ><span class='hr-inner-style'><\/span><\/span><\/div>\n<div  class='av-buildercomment  av-blog-meta-html-info-disabled av-blog-meta-tag-disabled  '><\/div>\n","protected":false},"excerpt":{"rendered":"","protected":false},"author":1,"featured_media":28202,"comment_status":"open","ping_status":"open","sticky":false,"template":"","format":"standard","meta":{"footnotes":""},"categories":[58],"tags":[],"class_list":["post-28201","post","type-post","status-publish","format-standard","has-post-thumbnail","hentry","category-agricultura"],"jetpack_featured_media_url":"https:\/\/radiorevelacionfm.cl\/wp-content\/uploads\/2023\/02\/reunion-con-productoras-en-la-junta-1_optimized-1.jpg","_links":{"self":[{"href":"https:\/\/radiorevelacionfm.cl\/index.php?rest_route=\/wp\/v2\/posts\/28201","targetHints":{"allow":["GET"]}}],"collection":[{"href":"https:\/\/radiorevelacionfm.cl\/index.php?rest_route=\/wp\/v2\/posts"}],"about":[{"href":"https:\/\/radiorevelacionfm.cl\/index.php?rest_route=\/wp\/v2\/types\/post"}],"author":[{"embeddable":true,"href":"https:\/\/radiorevelacionfm.cl\/index.php?rest_route=\/wp\/v2\/users\/1"}],"replies":[{"embeddable":true,"href":"https:\/\/radiorevelacionfm.cl\/index.php?rest_route=%2Fwp%2Fv2%2Fcomments&post=28201"}],"version-history":[{"count":2,"href":"https:\/\/radiorevelacionfm.cl\/index.php?rest_route=\/wp\/v2\/posts\/28201\/revisions"}],"predecessor-version":[{"id":28205,"href":"https:\/\/radiorevelacionfm.cl\/index.php?rest_route=\/wp\/v2\/posts\/28201\/revisions\/28205"}],"wp:featuredmedia":[{"embeddable":true,"href":"https:\/\/radiorevelacionfm.cl\/index.php?rest_route=\/wp\/v2\/media\/28202"}],"wp:attachment":[{"href":"https:\/\/radiorevelacionfm.cl\/index.php?rest_route=%2Fwp%2Fv2%2Fmedia&parent=28201"}],"wp:term":[{"taxonomy":"category","embeddable":true,"href":"https:\/\/radiorevelacionfm.cl\/index.php?rest_route=%2Fwp%2Fv2%2Fcategories&post=28201"},{"taxonomy":"post_tag","embeddable":true,"href":"https:\/\/radiorevelacionfm.cl\/index.php?rest_route=%2Fwp%2Fv2%2Ftags&post=28201"}],"curies":[{"name":"wp","href":"https:\/\/api.w.org\/{rel}","templated":true}]}}