{"id":28189,"date":"2023-02-27T13:49:47","date_gmt":"2023-02-27T16:49:47","guid":{"rendered":"https:\/\/radiorevelacionfm.cl\/?p=28189"},"modified":"2023-02-27T13:49:47","modified_gmt":"2023-02-27T16:49:47","slug":"reunion-de-coordinacion-preventiva-por-influenza-aviar-se-realizo-en-municipio-de-aysen","status":"publish","type":"post","link":"https:\/\/radiorevelacionfm.cl\/?p=28189","title":{"rendered":"Reuni\u00f3n de coordinaci\u00f3n preventiva por influenza aviar se realiz\u00f3 en Municipio de Ays\u00e9n"},"content":{"rendered":"<div class=\"flex_column av_one_full  flex_column_div av-zero-column-padding first  avia-builder-el-0  el_before_av_one_full  avia-builder-el-first  \" style='border-radius:0px; '><div  class='avia-image-container  av-styling-    avia-builder-el-1  avia-builder-el-no-sibling  avia-align-center '  itemprop=\"image\" itemscope=\"itemscope\" itemtype=\"https:\/\/schema.org\/ImageObject\"  ><div class='avia-image-container-inner'><div class='avia-image-overlay-wrap'><img decoding=\"async\" class='wp-image-28190 avia-img-lazy-loading-not-28190 avia_image' src=\"https:\/\/radiorevelacionfm.cl\/wp-content\/uploads\/2023\/02\/Reunion-de-coordinacion-preventiva-por-influenza-aviar-se-realizo-en-Municipio-de-Aysen-1-1.jpg\" alt='' title='Reuni\u00f3n de coordinaci\u00f3n preventiva por influenza aviar se realiz\u00f3 en Municipio de Ays\u00e9n (1) (1)' height=\"600\" width=\"718\"  itemprop=\"thumbnailUrl\" srcset=\"https:\/\/radiorevelacionfm.cl\/wp-content\/uploads\/2023\/02\/Reunion-de-coordinacion-preventiva-por-influenza-aviar-se-realizo-en-Municipio-de-Aysen-1-1.jpg 718w, https:\/\/radiorevelacionfm.cl\/wp-content\/uploads\/2023\/02\/Reunion-de-coordinacion-preventiva-por-influenza-aviar-se-realizo-en-Municipio-de-Aysen-1-1-300x251.jpg 300w, https:\/\/radiorevelacionfm.cl\/wp-content\/uploads\/2023\/02\/Reunion-de-coordinacion-preventiva-por-influenza-aviar-se-realizo-en-Municipio-de-Aysen-1-1-705x589.jpg 705w, https:\/\/radiorevelacionfm.cl\/wp-content\/uploads\/2023\/02\/Reunion-de-coordinacion-preventiva-por-influenza-aviar-se-realizo-en-Municipio-de-Aysen-1-1-600x501.jpg 600w\" sizes=\"(max-width: 718px) 100vw, 718px\" \/><\/div><\/div><\/div><\/div><div class=\"flex_column av_one_full  flex_column_div av-zero-column-padding first  avia-builder-el-2  el_after_av_one_full  el_before_av_one_full  column-top-margin\" style='border-radius:0px; '><section class=\"av_textblock_section \"  itemscope=\"itemscope\" itemtype=\"https:\/\/schema.org\/BlogPosting\" itemprop=\"blogPost\" ><div class='avia_textblock  '   itemprop=\"text\" ><p style=\"text-align: center;\"><span style=\"font-size: 18pt;\"><strong>Reuni\u00f3n de coordinaci\u00f3n preventiva por influenza aviar se realiz\u00f3 en Municipio de Ays\u00e9n <\/strong><\/span><\/p>\n<div id=\"gtx-trans\" style=\"position: absolute; left: -50px; top: 4.31534px;\">\n<div class=\"gtx-trans-icon\"><\/div>\n<\/div>\n<\/div><\/section><\/div><div class=\"flex_column av_one_full  flex_column_div av-zero-column-padding first  avia-builder-el-4  el_after_av_one_full  el_before_av_hr  column-top-margin\" style='border-radius:0px; '><section class=\"av_textblock_section \"  itemscope=\"itemscope\" itemtype=\"https:\/\/schema.org\/BlogPosting\" itemprop=\"blogPost\" ><div class='avia_textblock  '   itemprop=\"text\" ><p style=\"text-align: justify;\">En los \u00faltimos d\u00edas, en las dependencias de la Ilustre Municipalidad de Ays\u00e9n se efectu\u00f3 una mesa de coordinaci\u00f3n preventiva y de preparaci\u00f3n ante el brote de influenza aviar en aves acu\u00e1ticas silvestres.<\/p>\n<p style=\"text-align: justify;\">A fin de evitar la propagaci\u00f3n del virus, se est\u00e1 realizando una campa\u00f1a de prevenci\u00f3n y concientizaci\u00f3n por parte del SAG, SERNAPESCA y el municipio de Ays\u00e9n. \u201cSe sostuvo una reuni\u00f3n con diversos entes p\u00fablicos para crear una alianza de trabajo conjunta a fin de abordar el brote de influenza aviar que est\u00e1 afectando en estos momentos a aves mar\u00edtimas. En ese sentido, la Ilustre Municipalidad de Ays\u00e9n va a prestar todo el apoyo que sea necesario y trabajar en los protocolos y acciones sanitarias con el objetico de abordar esta problem\u00e1tica y concientizar a las vecinas y vecinos sobre el cuidado que deben tener con sus aves de corral y evitar el contacto de ellas con otras especies salvajes\u201d, explic\u00f3 \u00d3scar Az\u00f3car Adriazola, administrador municipal.<\/p>\n<p style=\"text-align: justify;\">Desde el SAG comentan que su labor es estar en contacto con todas las autoridades locales para implementar protocolos ante una situaci\u00f3n de emergencia, \u201cya que la influenza aviar ha traspasado la barrera de las aves y est\u00e1 circulando entre mam\u00edferos acu\u00e1ticos\u201d, especifica Nicol\u00e1s Valdivieso, encargado regional de Producci\u00f3n Pecuaria del SAG de Ays\u00e9n.<\/p>\n<p style=\"text-align: justify;\">Lo fundamental, explica Valdivieso, es atender las denuncias por mortalidad de aves de forma coherente y t\u00e9cnicamente apropiada, \u201cadem\u00e1s de coordinarnos con las autoridades locales, detectando lugares de riesgo donde sea probable un evento de mortalidad masiva de aves silvestres o que esa mortalidad masiva pueda afectar las especies dom\u00e9sticas\u201d, desarrolla; agregando, que todas las acciones que realiza el SAG est\u00e1n en gestionadas con la serem\u00eda de salud y autoridades pertinentes.<\/p>\n<p style=\"text-align: justify;\">Asimismo, es importante, no tocar las aves muertas o enfermas, \u201cy guardar el cuidado necesario para evitar el contacto indirecto de las aves de corral, es decir, gallinas, patos o pavos que tengan en sus casas. Tambi\u00e9n se debe evitar que el alimento o el agua sea contaminada con desechos de aves silvestres\u201d, recalca el encargado regional de Producci\u00f3n Pecuaria del SAG de Ays\u00e9n.<\/p>\n<p style=\"text-align: justify;\">Ante cualquier reporte o si encuentra aves o animales marinos enfermos o muertos debe llamar inmediatamente a SERNAPESCA (800320032), SAG (223451100 &#8211; 672336341) o a la Unidad de Medioambiente de la Ilustre Municipalidad de Ays\u00e9n (672336594).<\/p>\n<\/div><\/section><\/div><div  style='height:50px' class='hr hr-invisible   avia-builder-el-6  el_after_av_one_full  el_before_av_social_share '><span class='hr-inner ' ><span class='hr-inner-style'><\/span><\/span><\/div><\/p>\n<div  class='av-social-sharing-box  avia-builder-el-7  el_after_av_hr  el_before_av_hr  '><div class='av-share-box'><h5 class='av-share-link-description av-no-toc '>Compartir esta noticia<\/h5><ul class='av-share-box-list noLightbox'><li class='av-share-link av-social-link-facebook' ><a target=\"_blank\" aria-label=\"Compartir en Facebook\" href='https:\/\/www.facebook.com\/sharer.php?u=https:\/\/radiorevelacionfm.cl\/?p=28189&#038;t=Reuni%C3%B3n%20de%20coordinaci%C3%B3n%20preventiva%20por%20influenza%20aviar%20se%20realiz%C3%B3%20en%20Municipio%20de%20Ays%C3%A9n' aria-hidden='false' data-av_icon='\ue8f3' data-av_iconfont='entypo-fontello' title='' data-avia-related-tooltip='Compartir en Facebook' rel=\"noopener\"><span class='avia_hidden_link_text'>Compartir en Facebook<\/span><\/a><\/li><li class='av-share-link av-social-link-twitter' ><a target=\"_blank\" aria-label=\"Compartir en Twitter\" href='https:\/\/twitter.com\/share?text=Reuni%C3%B3n%20de%20coordinaci%C3%B3n%20preventiva%20por%20influenza%20aviar%20se%20realiz%C3%B3%20en%20Municipio%20de%20Ays%C3%A9n&#038;url=https:\/\/radiorevelacionfm.cl\/?p=28189' aria-hidden='false' data-av_icon='\ue8f1' data-av_iconfont='entypo-fontello' title='' data-avia-related-tooltip='Compartir en Twitter' rel=\"noopener\"><span class='avia_hidden_link_text'>Compartir en Twitter<\/span><\/a><\/li><li class='av-share-link av-social-link-whatsapp' ><a target=\"_blank\" aria-label=\"Compartir en Whatsapp\" href='https:\/\/api.whatsapp.com\/send?text=https:\/\/radiorevelacionfm.cl\/?p=28189' aria-hidden='false' data-av_icon='\uf232' data-av_iconfont='entypo-fontello' title='' data-avia-related-tooltip='Compartir en Whatsapp' rel=\"noopener\"><span class='avia_hidden_link_text'>Compartir en Whatsapp<\/span><\/a><\/li><li class='av-share-link av-social-link-linkedin' ><a target=\"_blank\" aria-label=\"Compartir en LinkedIn\" href='https:\/\/linkedin.com\/shareArticle?mini=true&#038;title=Reuni%C3%B3n%20de%20coordinaci%C3%B3n%20preventiva%20por%20influenza%20aviar%20se%20realiz%C3%B3%20en%20Municipio%20de%20Ays%C3%A9n&#038;url=https:\/\/radiorevelacionfm.cl\/?p=28189' aria-hidden='false' data-av_icon='\ue8fc' data-av_iconfont='entypo-fontello' title='' data-avia-related-tooltip='Compartir en LinkedIn' rel=\"noopener\"><span class='avia_hidden_link_text'>Compartir en LinkedIn<\/span><\/a><\/li><li class='av-share-link av-social-link-mail' ><a  aria-label=\"Compartir por correo\" href='mailto:?subject=Reuni%C3%B3n%20de%20coordinaci%C3%B3n%20preventiva%20por%20influenza%20aviar%20se%20realiz%C3%B3%20en%20Municipio%20de%20Ays%C3%A9n&#038;body=https:\/\/radiorevelacionfm.cl\/?p=28189' aria-hidden='false' data-av_icon='\ue805' data-av_iconfont='entypo-fontello' title='' data-avia-related-tooltip='Compartir por correo'><span class='avia_hidden_link_text'>Compartir por correo<\/span><\/a><\/li><\/ul><\/div><\/div>\n<div  style='height:50px' class='hr hr-invisible   avia-builder-el-8  el_after_av_social_share  el_before_av_comments_list '><span class='hr-inner ' ><span class='hr-inner-style'><\/span><\/span><\/div>\n<div  class='av-buildercomment  av-blog-meta-html-info-disabled av-blog-meta-tag-disabled  '><\/div>\n","protected":false},"excerpt":{"rendered":"","protected":false},"author":1,"featured_media":28190,"comment_status":"open","ping_status":"open","sticky":false,"template":"","format":"standard","meta":{"footnotes":""},"categories":[38],"tags":[],"class_list":["post-28189","post","type-post","status-publish","format-standard","has-post-thumbnail","hentry","category-regional"],"jetpack_featured_media_url":"https:\/\/radiorevelacionfm.cl\/wp-content\/uploads\/2023\/02\/Reunion-de-coordinacion-preventiva-por-influenza-aviar-se-realizo-en-Municipio-de-Aysen-1-1.jpg","_links":{"self":[{"href":"https:\/\/radiorevelacionfm.cl\/index.php?rest_route=\/wp\/v2\/posts\/28189","targetHints":{"allow":["GET"]}}],"collection":[{"href":"https:\/\/radiorevelacionfm.cl\/index.php?rest_route=\/wp\/v2\/posts"}],"about":[{"href":"https:\/\/radiorevelacionfm.cl\/index.php?rest_route=\/wp\/v2\/types\/post"}],"author":[{"embeddable":true,"href":"https:\/\/radiorevelacionfm.cl\/index.php?rest_route=\/wp\/v2\/users\/1"}],"replies":[{"embeddable":true,"href":"https:\/\/radiorevelacionfm.cl\/index.php?rest_route=%2Fwp%2Fv2%2Fcomments&post=28189"}],"version-history":[{"count":2,"href":"https:\/\/radiorevelacionfm.cl\/index.php?rest_route=\/wp\/v2\/posts\/28189\/revisions"}],"predecessor-version":[{"id":28195,"href":"https:\/\/radiorevelacionfm.cl\/index.php?rest_route=\/wp\/v2\/posts\/28189\/revisions\/28195"}],"wp:featuredmedia":[{"embeddable":true,"href":"https:\/\/radiorevelacionfm.cl\/index.php?rest_route=\/wp\/v2\/media\/28190"}],"wp:attachment":[{"href":"https:\/\/radiorevelacionfm.cl\/index.php?rest_route=%2Fwp%2Fv2%2Fmedia&parent=28189"}],"wp:term":[{"taxonomy":"category","embeddable":true,"href":"https:\/\/radiorevelacionfm.cl\/index.php?rest_route=%2Fwp%2Fv2%2Fcategories&post=28189"},{"taxonomy":"post_tag","embeddable":true,"href":"https:\/\/radiorevelacionfm.cl\/index.php?rest_route=%2Fwp%2Fv2%2Ftags&post=28189"}],"curies":[{"name":"wp","href":"https:\/\/api.w.org\/{rel}","templated":true}]}}