{"id":28185,"date":"2023-02-27T13:27:54","date_gmt":"2023-02-27T16:27:54","guid":{"rendered":"https:\/\/radiorevelacionfm.cl\/?p=28185"},"modified":"2023-02-27T13:27:54","modified_gmt":"2023-02-27T16:27:54","slug":"ministro-del-mop-compromete-plan-de-mantencion-de-caminos-ante-peticion-de-transportistas-de-aysen","status":"publish","type":"post","link":"https:\/\/radiorevelacionfm.cl\/?p=28185","title":{"rendered":"Ministro del MOP compromete plan de mantenci\u00f3n de caminos ante petici\u00f3n de transportistas de Ays\u00e9n"},"content":{"rendered":"<div class=\"flex_column av_one_full  flex_column_div av-zero-column-padding first  avia-builder-el-0  el_before_av_one_full  avia-builder-el-first  \" style='border-radius:0px; '><div  class='avia-image-container  av-styling-    avia-builder-el-1  avia-builder-el-no-sibling  avia-align-center '  itemprop=\"image\" itemscope=\"itemscope\" itemtype=\"https:\/\/schema.org\/ImageObject\"  ><div class='avia-image-container-inner'><div class='avia-image-overlay-wrap'><img decoding=\"async\" class='wp-image-28186 avia-img-lazy-loading-not-28186 avia_image' src=\"https:\/\/radiorevelacionfm.cl\/wp-content\/uploads\/2023\/02\/IMG_Ruta7N.jpg\" alt='' title='IMG_Ruta7N' height=\"600\" width=\"827\"  itemprop=\"thumbnailUrl\" srcset=\"https:\/\/radiorevelacionfm.cl\/wp-content\/uploads\/2023\/02\/IMG_Ruta7N.jpg 827w, https:\/\/radiorevelacionfm.cl\/wp-content\/uploads\/2023\/02\/IMG_Ruta7N-300x218.jpg 300w, https:\/\/radiorevelacionfm.cl\/wp-content\/uploads\/2023\/02\/IMG_Ruta7N-768x557.jpg 768w, https:\/\/radiorevelacionfm.cl\/wp-content\/uploads\/2023\/02\/IMG_Ruta7N-705x511.jpg 705w, https:\/\/radiorevelacionfm.cl\/wp-content\/uploads\/2023\/02\/IMG_Ruta7N-600x435.jpg 600w\" sizes=\"(max-width: 827px) 100vw, 827px\" \/><\/div><\/div><\/div><\/div><div class=\"flex_column av_one_full  flex_column_div av-zero-column-padding first  avia-builder-el-2  el_after_av_one_full  el_before_av_one_full  column-top-margin\" style='border-radius:0px; '><section class=\"av_textblock_section \"  itemscope=\"itemscope\" itemtype=\"https:\/\/schema.org\/BlogPosting\" itemprop=\"blogPost\" ><div class='avia_textblock  '   itemprop=\"text\" ><p style=\"text-align: center;\"><strong><span style=\"font-size: 18pt;\">Ministro del MOP compromete plan de mantenci\u00f3n de caminos ante petici\u00f3n de transportistas de Ays\u00e9n<\/span><\/strong><\/p>\n<div id=\"gtx-trans\" style=\"position: absolute; left: -50px; top: 4.31534px;\">\n<div class=\"gtx-trans-icon\"><\/div>\n<\/div>\n<\/div><\/section><\/div><div class=\"flex_column av_one_full  flex_column_div av-zero-column-padding first  avia-builder-el-4  el_after_av_one_full  el_before_av_hr  column-top-margin\" style='border-radius:0px; '><section class=\"av_textblock_section \"  itemscope=\"itemscope\" itemtype=\"https:\/\/schema.org\/BlogPosting\" itemprop=\"blogPost\" ><div class='avia_textblock  '   itemprop=\"text\" ><p style=\"font-weight: 400; text-align: justify;\">Consciente de la gran preocupaci\u00f3n que existe por el mal estado de los caminos en la regi\u00f3n, el diputado Miguel \u00c1ngel Calisto gestion\u00f3 una reuni\u00f3n con el Ministro de Obras P\u00fablicas, juan Carlos Garc\u00eda, instancia en la que participaron transportistas de distintas localidades de la regi\u00f3n y donde la autoridad nacional comprometi\u00f3 la implementaci\u00f3n de un plan de mantenci\u00f3n y mejoramiento de caminos con miras a enfrentar el invierno.<\/p>\n<p style=\"font-weight: 400; text-align: justify;\">En la reuni\u00f3n, que se realiz\u00f3 este domingo v\u00eda zoom, la autoridad nacional escuch\u00f3 atentamente los descargos de los transportistas por el mal estado de las rutas, lo que les ha generado diversos problemas para poder realizar su trabajo de buena forma.<\/p>\n<p style=\"font-weight: 400; text-align: justify;\">En su intervenci\u00f3n al final de la reuni\u00f3n, el Ministro Garc\u00eda se\u00f1al\u00f3 que \u201cyo me comprometo y voy a ver directamente con la gente de la direcci\u00f3n de vialidad de Santiago cuales son las herramientas para poder tener un plan de mantenci\u00f3n de invierno de los caminos de la regi\u00f3n de Ays\u00e9n, es algo que voy a ver a partir de esta semana, de manera de poder volver a juntarnos por esto\u201d.<\/p>\n<p style=\"font-weight: 400; text-align: justify;\">\u201cYo pretendo ir para la regi\u00f3n, no tengo una fecha espec\u00edfica, pero no debemos condicionar este plan a mi ida. Voy a empezar a avanzar inmediatamente en tener un plan con estrategia clara para que podamos sortear de la mejor manera la situaci\u00f3n para que se pueda circular y vayamos mejorando progresivamente la situaci\u00f3n de los caminos\u201d, se\u00f1al\u00f3 el Ministro.<\/p>\n<p style=\"font-weight: 400; text-align: justify;\">El titular de la Cartera asegur\u00f3 que \u201ccreo que es importante que no sea solamente esta reuni\u00f3n la que tengamos, sino que tengamos adem\u00e1s una pr\u00f3xima para que yo pueda empezar a plantearles algunas estrategias para este invierno, porque la urgencia la tienen ahora. Voy a llamar a los equipos de la Direcci\u00f3n de Vialidad, tambi\u00e9n ac\u00e1 en Santiago, para ir definiendo la mejor estrategia para ello\u201d.<\/p>\n<p style=\"font-weight: 400; text-align: justify;\">\u00a0La autoridad nacional recalc\u00f3 que \u201clo que est\u00e1n planteando ustedes es de suma urgencia, y tenemos que tener una respuesta de suma urgencia. Tenemos que tener una estrategia para este invierno que conozcamos todos, yo conozco bien la regi\u00f3n por tierra y se lo malo que est\u00e1n los caminos, una estrategia que nos permita sortear este invierno e ir poco a poco mejorando las condiciones. Mientras no se pavimente, sin duda ese camino requiere una conservaci\u00f3n especial\u201d.<\/p>\n<p style=\"font-weight: 400; text-align: justify;\">Por su parte, el diputado Calisto valor\u00f3 la disposici\u00f3n del Ministro, asegurando que \u201cescuch\u00f3 atentamente a los transportistas y creo que comprendi\u00f3 la urgencia que tenemos por mejorar el estado de las rutas. \u00c9l se comprometi\u00f3 a la implementaci\u00f3n de un plan de mantenci\u00f3n de caminos y esperamos poder reunirnos prontamente para saber en detalle esta propuesta, la que venimos solicitando hace bastante tiempo\u201d.<\/p>\n<p style=\"font-weight: 400; text-align: justify;\"><strong>Los descargos de los transportistas<\/strong><\/p>\n<p style=\"font-weight: 400; text-align: justify;\">Lo planteado en la reuni\u00f3n por los transportistas presentes fue fundamental para que el Ministro comprendiera la urgencia de la problem\u00e1tica aysenina. Erika S\u00e1nchez, transportista de la zona norte de la regi\u00f3n, indic\u00f3 que \u201ceste es un problema que viene desde hace mucho tiempo. Esta es una ruta que tenemos que hacer todas las semanas y cada vez est\u00e1 peor. Hemos pasado tres d\u00edas intentando subir el Queulat y no ha llegado ninguna ayuda. La empresa que estuvo el a\u00f1o pasado, ten\u00eda gente con pala. No puede ser que una empresa que presta un servicio no tenga maquinaria. Nosotros pagamos los platos rotos de una mala fiscalizaci\u00f3n y un mal convenio con las empresas. Nosotros ac\u00e1 pagamos los impuestos m\u00e1s altos, y m\u00ednimo que tengamos una ruta decente\u201d.<\/p>\n<p style=\"font-weight: 400; text-align: justify;\">Jaime Melo, transportista de la zona norte de Ays\u00e9n, indic\u00f3 que \u201cen este mes tengo buses que han andado mil kil\u00f3metros por ese camino. Yo no se si el Seremi ha andado en su veh\u00edculo en ese camino. Con esto adem\u00e1s le mostramos una imagen terrible al turista. Hay una gesti\u00f3n que no demuestra inter\u00e9s, despreocupada. Este ha sido el peor a\u00f1o en los 25 que llevo trabajando en la carretera. El camino est\u00e1 destruido\u201d.<\/p>\n<p style=\"font-weight: 400; text-align: justify;\">Por su parte, Claudio Manzur, transportista de Cochrane ahond\u00f3 en la mala gesti\u00f3n local, asegurando que \u201cla falta de atenci\u00f3n a los problemas que plantea la comunidad ha sido la t\u00f3nica de esta administraci\u00f3n. Nosotros nos hemos encontrado con todos los seremis en general, que usan la t\u00e9cnica de la indiferencia. Nosotros siempre hemos sido respetuosos para plantear nuestros problemas, que son demandas que nacen tambi\u00e9n desde el sentir de la comunidad\u201d.<\/p>\n<p style=\"font-weight: 400; text-align: justify;\">Sebasti\u00e1n Ruiz tiene buses de Coyhaique a Cochrane. Seg\u00fan \u00e9l \u201cya estamos aburridos, esto ya no da para m\u00e1s. Dan ganas de cerrar, porque el deterioro de las m\u00e1quinas, el gasto en repuestos y la p\u00e9rdida de tiempo hacen la situaci\u00f3n casi insostenible. El Seremi jam\u00e1s ha dado la cara, las personas que \u00e9l env\u00eda nos dan puras aspirinas. Desde noviembre del 2020 ha subido en un 100% el combustible, como tambi\u00e9n los repuestos. Nosotros hemos mantenido los precios de los pasajes, porque tampoco queremos transmitirles la culpa a los pasajeros. Mi inquietud es qu\u00e9 va a pasar en invierno con estos caminos que est\u00e1n tan malos\u201d.<\/p>\n<p style=\"font-weight: 400; text-align: justify;\">El Ministro, el diputado y los transportistas quedaron de reunirse en algunos d\u00edas m\u00e1s para conocer los avances en la implementaci\u00f3n de este plan, instancia que incluso podr\u00eda ser en terreno en la regi\u00f3n ante una posible nueva visita de la nueva autoridad nacional.<\/p>\n<\/div><\/section><\/div><div  style='height:50px' class='hr hr-invisible   avia-builder-el-6  el_after_av_one_full  el_before_av_social_share '><span class='hr-inner ' ><span class='hr-inner-style'><\/span><\/span><\/div><\/p>\n<div  class='av-social-sharing-box  avia-builder-el-7  el_after_av_hr  el_before_av_hr  '><div class='av-share-box'><h5 class='av-share-link-description av-no-toc '>Compartir esta noticia<\/h5><ul class='av-share-box-list noLightbox'><li class='av-share-link av-social-link-facebook' ><a target=\"_blank\" aria-label=\"Compartir en Facebook\" href='https:\/\/www.facebook.com\/sharer.php?u=https:\/\/radiorevelacionfm.cl\/?p=28185&#038;t=Ministro%20del%20MOP%20compromete%20plan%20de%20mantenci%C3%B3n%20de%20caminos%20ante%20petici%C3%B3n%20de%20transportistas%20de%20Ays%C3%A9n' aria-hidden='false' data-av_icon='\ue8f3' data-av_iconfont='entypo-fontello' title='' data-avia-related-tooltip='Compartir en Facebook' rel=\"noopener\"><span class='avia_hidden_link_text'>Compartir en Facebook<\/span><\/a><\/li><li class='av-share-link av-social-link-twitter' ><a target=\"_blank\" aria-label=\"Compartir en Twitter\" href='https:\/\/twitter.com\/share?text=Ministro%20del%20MOP%20compromete%20plan%20de%20mantenci%C3%B3n%20de%20caminos%20ante%20petici%C3%B3n%20de%20transportistas%20de%20Ays%C3%A9n&#038;url=https:\/\/radiorevelacionfm.cl\/?p=28185' aria-hidden='false' data-av_icon='\ue8f1' data-av_iconfont='entypo-fontello' title='' data-avia-related-tooltip='Compartir en Twitter' rel=\"noopener\"><span class='avia_hidden_link_text'>Compartir en Twitter<\/span><\/a><\/li><li class='av-share-link av-social-link-whatsapp' ><a target=\"_blank\" aria-label=\"Compartir en Whatsapp\" href='https:\/\/api.whatsapp.com\/send?text=https:\/\/radiorevelacionfm.cl\/?p=28185' aria-hidden='false' data-av_icon='\uf232' data-av_iconfont='entypo-fontello' title='' data-avia-related-tooltip='Compartir en Whatsapp' rel=\"noopener\"><span class='avia_hidden_link_text'>Compartir en Whatsapp<\/span><\/a><\/li><li class='av-share-link av-social-link-linkedin' ><a target=\"_blank\" aria-label=\"Compartir en LinkedIn\" href='https:\/\/linkedin.com\/shareArticle?mini=true&#038;title=Ministro%20del%20MOP%20compromete%20plan%20de%20mantenci%C3%B3n%20de%20caminos%20ante%20petici%C3%B3n%20de%20transportistas%20de%20Ays%C3%A9n&#038;url=https:\/\/radiorevelacionfm.cl\/?p=28185' aria-hidden='false' data-av_icon='\ue8fc' data-av_iconfont='entypo-fontello' title='' data-avia-related-tooltip='Compartir en LinkedIn' rel=\"noopener\"><span class='avia_hidden_link_text'>Compartir en LinkedIn<\/span><\/a><\/li><li class='av-share-link av-social-link-mail' ><a  aria-label=\"Compartir por correo\" href='mailto:?subject=Ministro%20del%20MOP%20compromete%20plan%20de%20mantenci%C3%B3n%20de%20caminos%20ante%20petici%C3%B3n%20de%20transportistas%20de%20Ays%C3%A9n&#038;body=https:\/\/radiorevelacionfm.cl\/?p=28185' aria-hidden='false' data-av_icon='\ue805' data-av_iconfont='entypo-fontello' title='' data-avia-related-tooltip='Compartir por correo'><span class='avia_hidden_link_text'>Compartir por correo<\/span><\/a><\/li><\/ul><\/div><\/div>\n<div  style='height:50px' class='hr hr-invisible   avia-builder-el-8  el_after_av_social_share  el_before_av_comments_list '><span class='hr-inner ' ><span class='hr-inner-style'><\/span><\/span><\/div>\n<div  class='av-buildercomment  av-blog-meta-html-info-disabled av-blog-meta-tag-disabled  '><\/div>\n","protected":false},"excerpt":{"rendered":"","protected":false},"author":1,"featured_media":28186,"comment_status":"open","ping_status":"open","sticky":false,"template":"","format":"standard","meta":{"footnotes":""},"categories":[38],"tags":[],"class_list":["post-28185","post","type-post","status-publish","format-standard","has-post-thumbnail","hentry","category-regional"],"jetpack_featured_media_url":"https:\/\/radiorevelacionfm.cl\/wp-content\/uploads\/2023\/02\/IMG_Ruta7N.jpg","_links":{"self":[{"href":"https:\/\/radiorevelacionfm.cl\/index.php?rest_route=\/wp\/v2\/posts\/28185","targetHints":{"allow":["GET"]}}],"collection":[{"href":"https:\/\/radiorevelacionfm.cl\/index.php?rest_route=\/wp\/v2\/posts"}],"about":[{"href":"https:\/\/radiorevelacionfm.cl\/index.php?rest_route=\/wp\/v2\/types\/post"}],"author":[{"embeddable":true,"href":"https:\/\/radiorevelacionfm.cl\/index.php?rest_route=\/wp\/v2\/users\/1"}],"replies":[{"embeddable":true,"href":"https:\/\/radiorevelacionfm.cl\/index.php?rest_route=%2Fwp%2Fv2%2Fcomments&post=28185"}],"version-history":[{"count":2,"href":"https:\/\/radiorevelacionfm.cl\/index.php?rest_route=\/wp\/v2\/posts\/28185\/revisions"}],"predecessor-version":[{"id":28188,"href":"https:\/\/radiorevelacionfm.cl\/index.php?rest_route=\/wp\/v2\/posts\/28185\/revisions\/28188"}],"wp:featuredmedia":[{"embeddable":true,"href":"https:\/\/radiorevelacionfm.cl\/index.php?rest_route=\/wp\/v2\/media\/28186"}],"wp:attachment":[{"href":"https:\/\/radiorevelacionfm.cl\/index.php?rest_route=%2Fwp%2Fv2%2Fmedia&parent=28185"}],"wp:term":[{"taxonomy":"category","embeddable":true,"href":"https:\/\/radiorevelacionfm.cl\/index.php?rest_route=%2Fwp%2Fv2%2Fcategories&post=28185"},{"taxonomy":"post_tag","embeddable":true,"href":"https:\/\/radiorevelacionfm.cl\/index.php?rest_route=%2Fwp%2Fv2%2Ftags&post=28185"}],"curies":[{"name":"wp","href":"https:\/\/api.w.org\/{rel}","templated":true}]}}