{"id":28182,"date":"2023-02-27T14:23:38","date_gmt":"2023-02-27T17:23:38","guid":{"rendered":"https:\/\/radiorevelacionfm.cl\/?p=28182"},"modified":"2023-02-27T14:23:38","modified_gmt":"2023-02-27T17:23:38","slug":"recomendaciones-para-las-familias-como-favorecer-el-proceso-de-adaptacion-de-las-ninas-y-ninos-a-la-sala-cuna-jardin-infantil-o-escuela","status":"publish","type":"post","link":"https:\/\/radiorevelacionfm.cl\/?p=28182","title":{"rendered":"Recomendaciones para las familias: c\u00f3mo favorecer el proceso de adaptaci\u00f3n de las ni\u00f1as y ni\u00f1os a la sala cuna, jard\u00edn infantil o escuela"},"content":{"rendered":"<div class=\"flex_column av_one_full  flex_column_div av-zero-column-padding first  avia-builder-el-0  el_before_av_one_full  avia-builder-el-first  \" style='border-radius:0px; '><div  class='avia-image-container  av-styling-    avia-builder-el-1  avia-builder-el-no-sibling  avia-align-center '  itemprop=\"image\" itemscope=\"itemscope\" itemtype=\"https:\/\/schema.org\/ImageObject\"  ><div class='avia-image-container-inner'><div class='avia-image-overlay-wrap'><img decoding=\"async\" class='wp-image-28183 avia-img-lazy-loading-not-28183 avia_image' src=\"https:\/\/radiorevelacionfm.cl\/wp-content\/uploads\/2023\/02\/ep-3-1_optimized-1.jpeg\" alt='' title='ep-3-(1)_optimized (1)' height=\"600\" width=\"900\"  itemprop=\"thumbnailUrl\" srcset=\"https:\/\/radiorevelacionfm.cl\/wp-content\/uploads\/2023\/02\/ep-3-1_optimized-1.jpeg 900w, https:\/\/radiorevelacionfm.cl\/wp-content\/uploads\/2023\/02\/ep-3-1_optimized-1-300x200.jpeg 300w, https:\/\/radiorevelacionfm.cl\/wp-content\/uploads\/2023\/02\/ep-3-1_optimized-1-768x512.jpeg 768w, https:\/\/radiorevelacionfm.cl\/wp-content\/uploads\/2023\/02\/ep-3-1_optimized-1-705x470.jpeg 705w, https:\/\/radiorevelacionfm.cl\/wp-content\/uploads\/2023\/02\/ep-3-1_optimized-1-600x400.jpeg 600w\" sizes=\"(max-width: 900px) 100vw, 900px\" \/><\/div><\/div><\/div><\/div><div class=\"flex_column av_one_full  flex_column_div av-zero-column-padding first  avia-builder-el-2  el_after_av_one_full  el_before_av_one_full  column-top-margin\" style='border-radius:0px; '><section class=\"av_textblock_section \"  itemscope=\"itemscope\" itemtype=\"https:\/\/schema.org\/BlogPosting\" itemprop=\"blogPost\" ><div class='avia_textblock  '   itemprop=\"text\" ><p style=\"text-align: center;\"><span style=\"font-size: 18pt;\"><b>Recomendaciones para las familias: c\u00f3mo favorecer el proceso de adaptaci\u00f3n de las ni\u00f1as y ni\u00f1os a la sala cuna, jard\u00edn infantil o escuela<\/b><\/span><\/p>\n<div id=\"gtx-trans\" style=\"position: absolute; left: -50px; top: 4.31534px;\">\n<div class=\"gtx-trans-icon\"><\/div>\n<\/div>\n<\/div><\/section><\/div><div class=\"flex_column av_one_full  flex_column_div av-zero-column-padding first  avia-builder-el-4  el_after_av_one_full  el_before_av_hr  column-top-margin\" style='border-radius:0px; '><section class=\"av_textblock_section \"  itemscope=\"itemscope\" itemtype=\"https:\/\/schema.org\/BlogPosting\" itemprop=\"blogPost\" ><div class='avia_textblock  '   itemprop=\"text\" ><div class=\"v1WordSection1\">\n<p class=\"v1MsoNormal\" style=\"text-align: justify;\">Las ni\u00f1as y ni\u00f1os, al ingresar a la educaci\u00f3n parvularia -primer nivel educativo al que pueden acceder desde su nacimiento y hasta los 6 a\u00f1os-, requieren de un proceso de adaptaci\u00f3n, lo que implica transitar desde un ambiente conocido, en torno a la familia, el hogar o las redes de apoyo familiar, hacia un nuevo lugar. Se trata de un cambio muy importante para ellas y ellos, pues al comenzar a asistir a una sala cuna, jard\u00edn infantil o escuela, comienzan a encontrarse con nuevas personas, rutinas y normas de convivencia y funcionamiento.<\/p>\n<p class=\"v1MsoNormal\" style=\"text-align: justify;\">El proceso de adaptaci\u00f3n es un proceso \u00fanico de cada ni\u00f1o y ni\u00f1a: depende de sus caracter\u00edsticas personales, de los v\u00ednculos con los adultos significativos y de su contexto. Tambi\u00e9n depender\u00e1 de la planificaci\u00f3n que se tenga en el establecimiento para el proceso de adaptaci\u00f3n y de la contenci\u00f3n y apoyo que entreguen los equipos pedag\u00f3gicos.<\/p>\n<p style=\"text-align: justify;\">El rol de las familias en este proceso es esencial. Por eso es importante que est\u00e9n atentos a cualquier cambio en las ni\u00f1as y ni\u00f1os y est\u00e9n siempre disponibles a sus necesidades, promoviendo una disposici\u00f3n positiva hacia esta nueva experiencia, reafirmando su confianza cada vez que se sientan ansiosos. Los adultos deben acompa\u00f1ar este proceso y transmitir en todo momento tranquilidad y confianza.<\/p>\n<p style=\"text-align: justify;\">\u201cIngresar a la sala cuna o jard\u00edn infantil es una experiencia fundamental para el desarrollo y bienestar de la primera infancia, por lo que es muy importante que los adultos acompa\u00f1emos este proceso, pero siempre poniendo en el centro los gustos, intereses y opiniones de las ni\u00f1as y ni\u00f1os. No nos olvidemos que lo m\u00e1s importante es escucharlos y que siempre tenemos mucho que aprender de ellas y ellos\u201d, indica la subsecretaria de Educaci\u00f3n Parvularia, Claudia Lagos Serrano.<\/p>\n<p style=\"text-align: justify;\">Desde la Subsecretar\u00eda de Educaci\u00f3n Parvularia entregamos algunas recomendaciones a las madres, padres, familiares o cuidadores principales para f<strong>acilitar este proceso de adaptaci\u00f3n:<\/strong><\/p>\n<p style=\"text-align: justify;\"><strong>\u00a0<\/strong><b>Previo al ingreso del ni\u00f1o o ni\u00f1a al establecimiento<\/b>:<strong>\u00a0<\/strong><\/p>\n<ul style=\"text-align: justify;\" type=\"disc\">\n<li class=\"v1MsoListParagraphCxSpFirst\"><span lang=\"ES\">Es importante tener una entrevista con el director o directora del establecimiento educativo, para conocer el proyecto educativo y al equipo pedag\u00f3gico, junto con compartirle informaci\u00f3n respecto del ni\u00f1o o la ni\u00f1a: c\u00f3mo es, qu\u00e9 le gusta, si tiene alguna necesidad que requiera atenci\u00f3n. Tambi\u00e9n, si es necesario, para acordar la posibilidad de un horario inicial flexible para el ni\u00f1o o ni\u00f1a.<\/span><\/li>\n<\/ul>\n<ul style=\"text-align: justify;\" type=\"disc\">\n<li class=\"v1MsoListParagraphCxSpMiddle\"><span lang=\"ES\">Anticipar al ni\u00f1o o ni\u00f1a que comenzar\u00e1 una nueva etapa en su vida, destacando que en este nuevo espacio podr\u00e1 jugar con otros ni\u00f1os y ni\u00f1as, y aprender y conocer muchas cosas nuevas y entretenidas. Luego explicarle detalles m\u00e1s espec\u00edficos de su asistencia al establecimiento: qui\u00e9n lo llevar\u00e1 e ir\u00e1 a buscar, con qui\u00e9n se quedar\u00e1 durante la jornada, por cu\u00e1nto tiempo, qu\u00e9 har\u00e1 durante el d\u00eda (actividades, alimentaci\u00f3n, descanso, ba\u00f1o, juegos, patio, etc.).<\/span><\/li>\n<\/ul>\n<ul style=\"text-align: justify;\" type=\"disc\">\n<li class=\"v1MsoListParagraphCxSpMiddle\"><span lang=\"ES\">Si la ni\u00f1a o ni\u00f1o comienza una nueva etapa en una escuela, considere que este tambi\u00e9n es un cambio importante, pues implica espacios y rutinas distintos al jard\u00edn infantil. Es fundamental escuchar y acoger al ni\u00f1o o ni\u00f1a en sus sentimientos de temor o resistencia frente a los cambios, validando y aclarando sus miedos y dudas de forma sincera y positiva, y transmiti\u00e9ndole tranquilidad y seguridad.<\/span><\/li>\n<\/ul>\n<ul style=\"text-align: justify;\" type=\"disc\">\n<li class=\"v1MsoNormal\">Regular el horario de sue\u00f1o y comidas para que se ajuste a la nueva rutina de la sala cuna, jard\u00edn infantil o colegio.<\/li>\n<\/ul>\n<ul style=\"text-align: justify;\" type=\"disc\">\n<li class=\"v1MsoNormal\">En lo posible, ir junto con el ni\u00f1o o ni\u00f1a al establecimiento para facilitar la familiarizaci\u00f3n con este nuevo espacio; si esto no se puede realizar, al menos realizar un recorrido exterior que permita alg\u00fan tipo de acercamiento. De esta manera, podr\u00e1 conocer a las personas que estar\u00e1n a su cargo, as\u00ed como el aula, patio, ba\u00f1o, sector de juegos.<\/li>\n<\/ul>\n<p class=\"v1MsoNormal\" style=\"text-align: justify;\"><b>Una vez que el ni\u00f1o o ni\u00f1a ingrese al establecimiento:<\/b><b><\/b><\/p>\n<ul style=\"text-align: justify;\" type=\"disc\">\n<li class=\"v1MsoListParagraphCxSpMiddle\"><span lang=\"ES\">Sugerir que el ni\u00f1o o ni\u00f1a lleve al establecimiento un objeto de \u201capego o transici\u00f3n\u201d o algo que le sea familiar, que lo mantenga unido a su hogar como, por ejemplo, un juguete u otro objeto de su preferencia.<\/span><\/li>\n<\/ul>\n<ul style=\"text-align: justify;\" type=\"disc\">\n<li class=\"v1MsoListParagraphCxSpMiddle\"><span lang=\"ES\">Aceptar, respetar y validar los sentimientos de temor o rechazo que pueda manifestar el ni\u00f1o o ni\u00f1a,\u00a0<\/span><span lang=\"ES\">manteniendo una actitud tranquilizadora y de di\u00e1logo. Tenga en cuenta que la adaptaci\u00f3n es un proceso gradual, en el cual es natural que existan avances y retrocesos.<\/span><\/li>\n<\/ul>\n<ul style=\"text-align: justify;\" type=\"disc\">\n<li class=\"v1MsoListParagraphCxSpMiddle\"><span lang=\"ES\">Al inicio, llevarlo s\u00f3lo por algunas horas para que vaya acostumbr\u00e1ndose gradualmente a la nueva situaci\u00f3n y aumentar poco a poco el tiempo de estad\u00eda en el establecimiento.<\/span><\/li>\n<\/ul>\n<ul style=\"text-align: justify;\" type=\"disc\">\n<li class=\"v1MsoListParagraphCxSpMiddle\"><span lang=\"ES\">Promover que haya cierta estabilidad respecto de las personas que lleven y retiren al ni\u00f1o o ni\u00f1a del jard\u00edn o escuela y, al dejarlo all\u00ed, evitar prolongar innecesariamente las despedidas, de manera de ayudarlo a sentirse seguro en este nuevo lugar.<\/span><\/li>\n<\/ul>\n<ul style=\"text-align: justify;\" type=\"disc\">\n<li class=\"v1MsoListParagraphCxSpMiddle\"><span lang=\"ES\">Permitir que la madre, padre o apoderado pueda acompa\u00f1ar al ni\u00f1o o ni\u00f1a en el establecimiento, por un cierto per\u00edodo, hasta que ya pueda quedarse tranquila\/o por s\u00ed misma\/o.<\/span><\/li>\n<\/ul>\n<ul style=\"text-align: justify;\" type=\"disc\">\n<li class=\"v1MsoListParagraphCxSpMiddle\"><span lang=\"ES\">Mantener un contacto regular con el Educador\/a de P\u00e1rvulos, T\u00e9cnico de P\u00e1rvulos y equipos educativo para conocer c\u00f3mo se est\u00e1 desarrollando el proceso de adaptaci\u00f3n del ni\u00f1o o ni\u00f1a, clarificar dudas e intercambiar informaciones necesarias.<\/span><\/li>\n<\/ul>\n<ul style=\"text-align: justify;\" type=\"disc\">\n<li class=\"v1MsoListParagraphCxSpMiddle\"><span lang=\"ES\">Conocer qu\u00e9 juegos, actividades l\u00fadicas y experiencias de aprendizaje se est\u00e1n implementando en el establecimiento, y conversar sobre ellas en el hogar, felicit\u00e1ndoles por los esfuerzos y logros realizados. Tambi\u00e9n es importante reforzar con las ni\u00f1as y ni\u00f1os lo entretenido y divertida que puede ser la jornada.<\/span><\/li>\n<\/ul>\n<ul style=\"text-align: justify;\" type=\"disc\">\n<li class=\"v1MsoListParagraphCxSpMiddle\"><span lang=\"ES\">Si las familias no pueden participar en las actividades que el establecimiento propone, plantear horarios alternativos al equipo pedag\u00f3gico, que permitan un mayor involucramiento en el proceso educativo. No olvide que se trata de una comunidad educativa, donde todas y todos deben aportar y colaborar activamente.<\/span><\/li>\n<\/ul>\n<p class=\"v1MsoListParagraphCxSpMiddle\" style=\"text-align: justify;\"><span lang=\"ES\">\u00a0<\/span><\/p>\n<p class=\"v1MsoListParagraphCxSpLast\"><span lang=\"ES\">\u00a0<\/span><\/p>\n<\/div>\n<\/div><\/section><\/div><div  style='height:50px' class='hr hr-invisible   avia-builder-el-6  el_after_av_one_full  el_before_av_social_share '><span class='hr-inner ' ><span class='hr-inner-style'><\/span><\/span><\/div><\/p>\n<div  class='av-social-sharing-box  avia-builder-el-7  el_after_av_hr  el_before_av_hr  '><div class='av-share-box'><h5 class='av-share-link-description av-no-toc '>Compartir esta noticia<\/h5><ul class='av-share-box-list noLightbox'><li class='av-share-link av-social-link-facebook' ><a target=\"_blank\" aria-label=\"Compartir en Facebook\" href='https:\/\/www.facebook.com\/sharer.php?u=https:\/\/radiorevelacionfm.cl\/?p=28182&#038;t=Recomendaciones%20para%20las%20familias%3A%20c%C3%B3mo%20favorecer%20el%20proceso%20de%20adaptaci%C3%B3n%20de%20las%20ni%C3%B1as%20y%20ni%C3%B1os%20a%20la%20sala%20cuna%2C%20jard%C3%ADn%20infantil%20o%20escuela' aria-hidden='false' data-av_icon='\ue8f3' data-av_iconfont='entypo-fontello' title='' data-avia-related-tooltip='Compartir en Facebook' rel=\"noopener\"><span class='avia_hidden_link_text'>Compartir en Facebook<\/span><\/a><\/li><li class='av-share-link av-social-link-twitter' ><a target=\"_blank\" aria-label=\"Compartir en Twitter\" href='https:\/\/twitter.com\/share?text=Recomendaciones%20para%20las%20familias%3A%20c%C3%B3mo%20favorecer%20el%20proceso%20de%20adaptaci%C3%B3n%20de%20las%20ni%C3%B1as%20y%20ni%C3%B1os%20a%20la%20sala%20cuna%2C%20jard%C3%ADn%20infantil%20o%20escuela&#038;url=https:\/\/radiorevelacionfm.cl\/?p=28182' aria-hidden='false' data-av_icon='\ue8f1' data-av_iconfont='entypo-fontello' title='' data-avia-related-tooltip='Compartir en Twitter' rel=\"noopener\"><span class='avia_hidden_link_text'>Compartir en Twitter<\/span><\/a><\/li><li class='av-share-link av-social-link-whatsapp' ><a target=\"_blank\" aria-label=\"Compartir en Whatsapp\" href='https:\/\/api.whatsapp.com\/send?text=https:\/\/radiorevelacionfm.cl\/?p=28182' aria-hidden='false' data-av_icon='\uf232' data-av_iconfont='entypo-fontello' title='' data-avia-related-tooltip='Compartir en Whatsapp' rel=\"noopener\"><span class='avia_hidden_link_text'>Compartir en Whatsapp<\/span><\/a><\/li><li class='av-share-link av-social-link-linkedin' ><a target=\"_blank\" aria-label=\"Compartir en LinkedIn\" href='https:\/\/linkedin.com\/shareArticle?mini=true&#038;title=Recomendaciones%20para%20las%20familias%3A%20c%C3%B3mo%20favorecer%20el%20proceso%20de%20adaptaci%C3%B3n%20de%20las%20ni%C3%B1as%20y%20ni%C3%B1os%20a%20la%20sala%20cuna%2C%20jard%C3%ADn%20infantil%20o%20escuela&#038;url=https:\/\/radiorevelacionfm.cl\/?p=28182' aria-hidden='false' data-av_icon='\ue8fc' data-av_iconfont='entypo-fontello' title='' data-avia-related-tooltip='Compartir en LinkedIn' rel=\"noopener\"><span class='avia_hidden_link_text'>Compartir en LinkedIn<\/span><\/a><\/li><li class='av-share-link av-social-link-mail' ><a  aria-label=\"Compartir por correo\" href='mailto:?subject=Recomendaciones%20para%20las%20familias%3A%20c%C3%B3mo%20favorecer%20el%20proceso%20de%20adaptaci%C3%B3n%20de%20las%20ni%C3%B1as%20y%20ni%C3%B1os%20a%20la%20sala%20cuna%2C%20jard%C3%ADn%20infantil%20o%20escuela&#038;body=https:\/\/radiorevelacionfm.cl\/?p=28182' aria-hidden='false' data-av_icon='\ue805' data-av_iconfont='entypo-fontello' title='' data-avia-related-tooltip='Compartir por correo'><span class='avia_hidden_link_text'>Compartir por correo<\/span><\/a><\/li><\/ul><\/div><\/div>\n<div  style='height:50px' class='hr hr-invisible   avia-builder-el-8  el_after_av_social_share  el_before_av_comments_list '><span class='hr-inner ' ><span class='hr-inner-style'><\/span><\/span><\/div>\n<div  class='av-buildercomment  av-blog-meta-html-info-disabled av-blog-meta-tag-disabled  '><\/div>\n","protected":false},"excerpt":{"rendered":"","protected":false},"author":1,"featured_media":28183,"comment_status":"open","ping_status":"open","sticky":false,"template":"","format":"standard","meta":{"footnotes":""},"categories":[49],"tags":[],"class_list":["post-28182","post","type-post","status-publish","format-standard","has-post-thumbnail","hentry","category-educacion"],"jetpack_featured_media_url":"https:\/\/radiorevelacionfm.cl\/wp-content\/uploads\/2023\/02\/ep-3-1_optimized-1.jpeg","_links":{"self":[{"href":"https:\/\/radiorevelacionfm.cl\/index.php?rest_route=\/wp\/v2\/posts\/28182","targetHints":{"allow":["GET"]}}],"collection":[{"href":"https:\/\/radiorevelacionfm.cl\/index.php?rest_route=\/wp\/v2\/posts"}],"about":[{"href":"https:\/\/radiorevelacionfm.cl\/index.php?rest_route=\/wp\/v2\/types\/post"}],"author":[{"embeddable":true,"href":"https:\/\/radiorevelacionfm.cl\/index.php?rest_route=\/wp\/v2\/users\/1"}],"replies":[{"embeddable":true,"href":"https:\/\/radiorevelacionfm.cl\/index.php?rest_route=%2Fwp%2Fv2%2Fcomments&post=28182"}],"version-history":[{"count":2,"href":"https:\/\/radiorevelacionfm.cl\/index.php?rest_route=\/wp\/v2\/posts\/28182\/revisions"}],"predecessor-version":[{"id":28196,"href":"https:\/\/radiorevelacionfm.cl\/index.php?rest_route=\/wp\/v2\/posts\/28182\/revisions\/28196"}],"wp:featuredmedia":[{"embeddable":true,"href":"https:\/\/radiorevelacionfm.cl\/index.php?rest_route=\/wp\/v2\/media\/28183"}],"wp:attachment":[{"href":"https:\/\/radiorevelacionfm.cl\/index.php?rest_route=%2Fwp%2Fv2%2Fmedia&parent=28182"}],"wp:term":[{"taxonomy":"category","embeddable":true,"href":"https:\/\/radiorevelacionfm.cl\/index.php?rest_route=%2Fwp%2Fv2%2Fcategories&post=28182"},{"taxonomy":"post_tag","embeddable":true,"href":"https:\/\/radiorevelacionfm.cl\/index.php?rest_route=%2Fwp%2Fv2%2Ftags&post=28182"}],"curies":[{"name":"wp","href":"https:\/\/api.w.org\/{rel}","templated":true}]}}