{"id":2818,"date":"2021-02-19T20:21:54","date_gmt":"2021-02-19T23:21:54","guid":{"rendered":"https:\/\/radiorevelacionfm.cl\/?p=2818"},"modified":"2021-02-19T20:21:54","modified_gmt":"2021-02-19T23:21:54","slug":"vecinos-de-los-torreones-se-reunen-con-alcalde-martinez-para-presentar-sus-demandas-en-materia-deportiva-y-recreacional","status":"publish","type":"post","link":"https:\/\/radiorevelacionfm.cl\/?p=2818","title":{"rendered":"Vecinos de Los Torreones se re\u00fanen con alcalde Mart\u00ednez para presentar sus demandas en materia deportiva y recreacional"},"content":{"rendered":"<div class=\"flex_column av_one_full  flex_column_div av-zero-column-padding first  avia-builder-el-0  el_before_av_one_full  avia-builder-el-first  \" style='border-radius:0px; '><div  class='avia-image-container  av-styling-    avia-builder-el-1  avia-builder-el-no-sibling  avia-align-center '  itemprop=\"image\" itemscope=\"itemscope\" itemtype=\"https:\/\/schema.org\/ImageObject\"  ><div class='avia-image-container-inner'><div class='avia-image-overlay-wrap'><img decoding=\"async\" class='wp-image-0 avia-img-lazy-loading-not-0 avia_image' src=\"https:\/\/radiorevelacionfm.cl\/wp-content\/uploads\/2021\/02\/Los-Torreones-Img-4-1.jpg\" alt='' title=''   itemprop=\"thumbnailUrl\"  \/><\/div><\/div><\/div><\/div><div class=\"flex_column av_one_full  flex_column_div av-zero-column-padding first  avia-builder-el-2  el_after_av_one_full  el_before_av_one_full  column-top-margin\" style='border-radius:0px; '><section class=\"av_textblock_section \"  itemscope=\"itemscope\" itemtype=\"https:\/\/schema.org\/BlogPosting\" itemprop=\"blogPost\" ><div class='avia_textblock  '   itemprop=\"text\" ><p style=\"text-align: center;\"><span style=\"font-size: 18pt;\"><strong>Vecinos de Los Torreones se re\u00fanen con alcalde Mart\u00ednez para presentar sus demandas en materia deportiva y recreacional <\/strong><\/span><\/p>\n<div id=\"gtx-trans\" style=\"position: absolute; left: -50px; top: 4.31534px;\">\n<div class=\"gtx-trans-icon\"><\/div>\n<\/div>\n<\/div><\/section><\/div><div class=\"flex_column av_one_full  flex_column_div av-zero-column-padding first  avia-builder-el-4  el_after_av_one_full  el_before_av_hr  column-top-margin\" style='border-radius:0px; '><section class=\"av_textblock_section \"  itemscope=\"itemscope\" itemtype=\"https:\/\/schema.org\/BlogPosting\" itemprop=\"blogPost\" ><div class='avia_textblock  '   itemprop=\"text\" ><p style=\"text-align: justify;\">Con motivo de seguir integrando a todos los vecinos y vecinas de Ays\u00e9n en la construcci\u00f3n de la comuna, el alcalde Luis Mart\u00ednez Gallardo, lleg\u00f3 hasta Villa Los Torreones para abordar las demandas en el \u00e1mbito deportivo y recreacional que presentan los habitantes de este punto estrat\u00e9gico del territorio. En este sentido, el edil manifest\u00f3 que prontamente se desarrollar\u00e1 un Plan Maestro con el apoyo de los lugare\u00f1os para planificar conjuntamente la proyecci\u00f3n del lugar a 4 a\u00f1os plazo. Los vecinos por su parte, se mostraron a favor de la iniciativa que contar\u00e1 con la asistencia t\u00e9cnica de la asesora urban\u00edstica de la Casa Edilicia.<\/p>\n<p style=\"text-align: justify;\">El edil junto detallar que fue invitado hasta este punto de Ays\u00e9n por el presidente del Club Deportivo relato que estas acciones de entendimiento muchas veces dependen de la voluntad de los vecinos por acceder a las prestaciones que el municipio puede otorgar, en este caso puntual varias de ellas son factibles por lo que se abordar\u00e1n estas materias. Adem\u00e1s, coment\u00f3 que en la instancia se gener\u00f3 una conversaci\u00f3n con la Junta de Vecinos, en la cual se plane\u00f3 la necesidad de generar un Plan Maestro para la proyecci\u00f3n de la localidad en los pr\u00f3ximos 4 a\u00f1os.<\/p>\n<p style=\"text-align: justify;\">A rengl\u00f3n seguido, relev\u00f3 que \u201cy eso ha salido de que, en conjunto con el estadio que es el centro neur\u00e1lgico de la Villa, tambi\u00e9n podamos hacer una iluminaci\u00f3n de este parque y seguir con el que se encuentra de camino a la Escuela, trabajar en la plaza y todo eso tiene que ver en c\u00f3mo hacemos trabajo con la comunidad. Lo principal hoy d\u00eda es que ya estamos de acuerdo, en hacerles un comodato nuevo, ayudarles para que lo puedan tener con Bienes Nacionales, conversar con ellos y traer hasta aqu\u00ed al seremi del deporte y ver c\u00f3mo pueden hacer proyectos para que puedan tener la implementaci\u00f3n de su cancha y de ellos, nosotros trabajar en los mejoramientos de ba\u00f1os e instalaciones para hacer un buen deporte y trabajar con los ni\u00f1os\u201d enfatiz\u00f3 la autoridad comunal.<\/p>\n<p style=\"text-align: justify;\">Finalmente, Luis Torres \u00c1lvarez, presidente del Club Deportivo Los Torreones se mostr\u00f3 muy contento con la llegada del alcalde hasta este punto del territorio, agradeciendo el tiempo y la disposici\u00f3n otorgada para abordar las materias que son de car\u00e1cter prioritario para el Club de la localidad, por lo que coment\u00f3 las materias expuestas a la primera autoridad de la comuna y en las cuales existi\u00f3 el compromiso de avanzar en un trabajo con asesor\u00eda municipal.<\/p>\n<\/div><\/section><\/div><div  style='height:50px' class='hr hr-invisible   avia-builder-el-6  el_after_av_one_full  el_before_av_social_share '><span class='hr-inner ' ><span class='hr-inner-style'><\/span><\/span><\/div><\/p>\n<div  class='av-social-sharing-box  avia-builder-el-7  el_after_av_hr  el_before_av_hr  '><div class='av-share-box'><h5 class='av-share-link-description av-no-toc '>Compartir esta noticia<\/h5><ul class='av-share-box-list noLightbox'><li class='av-share-link av-social-link-facebook' ><a target=\"_blank\" aria-label=\"Compartir en Facebook\" href='https:\/\/www.facebook.com\/sharer.php?u=https:\/\/radiorevelacionfm.cl\/?p=2818&#038;t=Vecinos%20de%20Los%20Torreones%20se%20re%C3%BAnen%20con%20alcalde%20Mart%C3%ADnez%20para%20presentar%20sus%20demandas%20en%20materia%20deportiva%20y%20recreacional' aria-hidden='false' data-av_icon='\ue8f3' data-av_iconfont='entypo-fontello' title='' data-avia-related-tooltip='Compartir en Facebook' rel=\"noopener\"><span class='avia_hidden_link_text'>Compartir en Facebook<\/span><\/a><\/li><li class='av-share-link av-social-link-twitter' ><a target=\"_blank\" aria-label=\"Compartir en Twitter\" href='https:\/\/twitter.com\/share?text=Vecinos%20de%20Los%20Torreones%20se%20re%C3%BAnen%20con%20alcalde%20Mart%C3%ADnez%20para%20presentar%20sus%20demandas%20en%20materia%20deportiva%20y%20recreacional&#038;url=https:\/\/radiorevelacionfm.cl\/?p=2818' aria-hidden='false' data-av_icon='\ue8f1' data-av_iconfont='entypo-fontello' title='' data-avia-related-tooltip='Compartir en Twitter' rel=\"noopener\"><span class='avia_hidden_link_text'>Compartir en Twitter<\/span><\/a><\/li><li class='av-share-link av-social-link-whatsapp' ><a target=\"_blank\" aria-label=\"Compartir en Whatsapp\" href='https:\/\/api.whatsapp.com\/send?text=https:\/\/radiorevelacionfm.cl\/?p=2818' aria-hidden='false' data-av_icon='\uf232' data-av_iconfont='entypo-fontello' title='' data-avia-related-tooltip='Compartir en Whatsapp' rel=\"noopener\"><span class='avia_hidden_link_text'>Compartir en Whatsapp<\/span><\/a><\/li><li class='av-share-link av-social-link-linkedin' ><a target=\"_blank\" aria-label=\"Compartir en LinkedIn\" href='https:\/\/linkedin.com\/shareArticle?mini=true&#038;title=Vecinos%20de%20Los%20Torreones%20se%20re%C3%BAnen%20con%20alcalde%20Mart%C3%ADnez%20para%20presentar%20sus%20demandas%20en%20materia%20deportiva%20y%20recreacional&#038;url=https:\/\/radiorevelacionfm.cl\/?p=2818' aria-hidden='false' data-av_icon='\ue8fc' data-av_iconfont='entypo-fontello' title='' data-avia-related-tooltip='Compartir en LinkedIn' rel=\"noopener\"><span class='avia_hidden_link_text'>Compartir en LinkedIn<\/span><\/a><\/li><li class='av-share-link av-social-link-mail' ><a  aria-label=\"Compartir por correo\" href='mailto:?subject=Vecinos%20de%20Los%20Torreones%20se%20re%C3%BAnen%20con%20alcalde%20Mart%C3%ADnez%20para%20presentar%20sus%20demandas%20en%20materia%20deportiva%20y%20recreacional&#038;body=https:\/\/radiorevelacionfm.cl\/?p=2818' aria-hidden='false' data-av_icon='\ue805' data-av_iconfont='entypo-fontello' title='' data-avia-related-tooltip='Compartir por correo'><span class='avia_hidden_link_text'>Compartir por correo<\/span><\/a><\/li><\/ul><\/div><\/div>\n<div  style='height:50px' class='hr hr-invisible   avia-builder-el-8  el_after_av_social_share  el_before_av_comments_list '><span class='hr-inner ' ><span class='hr-inner-style'><\/span><\/span><\/div>\n<div  class='av-buildercomment  av-blog-meta-html-info-disabled av-blog-meta-tag-disabled  '><\/div>\n","protected":false},"excerpt":{"rendered":"","protected":false},"author":1,"featured_media":0,"comment_status":"open","ping_status":"open","sticky":false,"template":"","format":"standard","meta":{"footnotes":""},"categories":[40],"tags":[],"class_list":["post-2818","post","type-post","status-publish","format-standard","hentry","category-deportes"],"jetpack_featured_media_url":"","_links":{"self":[{"href":"https:\/\/radiorevelacionfm.cl\/index.php?rest_route=\/wp\/v2\/posts\/2818","targetHints":{"allow":["GET"]}}],"collection":[{"href":"https:\/\/radiorevelacionfm.cl\/index.php?rest_route=\/wp\/v2\/posts"}],"about":[{"href":"https:\/\/radiorevelacionfm.cl\/index.php?rest_route=\/wp\/v2\/types\/post"}],"author":[{"embeddable":true,"href":"https:\/\/radiorevelacionfm.cl\/index.php?rest_route=\/wp\/v2\/users\/1"}],"replies":[{"embeddable":true,"href":"https:\/\/radiorevelacionfm.cl\/index.php?rest_route=%2Fwp%2Fv2%2Fcomments&post=2818"}],"version-history":[{"count":1,"href":"https:\/\/radiorevelacionfm.cl\/index.php?rest_route=\/wp\/v2\/posts\/2818\/revisions"}],"predecessor-version":[{"id":2820,"href":"https:\/\/radiorevelacionfm.cl\/index.php?rest_route=\/wp\/v2\/posts\/2818\/revisions\/2820"}],"wp:attachment":[{"href":"https:\/\/radiorevelacionfm.cl\/index.php?rest_route=%2Fwp%2Fv2%2Fmedia&parent=2818"}],"wp:term":[{"taxonomy":"category","embeddable":true,"href":"https:\/\/radiorevelacionfm.cl\/index.php?rest_route=%2Fwp%2Fv2%2Fcategories&post=2818"},{"taxonomy":"post_tag","embeddable":true,"href":"https:\/\/radiorevelacionfm.cl\/index.php?rest_route=%2Fwp%2Fv2%2Ftags&post=2818"}],"curies":[{"name":"wp","href":"https:\/\/api.w.org\/{rel}","templated":true}]}}