{"id":28178,"date":"2023-02-27T11:07:40","date_gmt":"2023-02-27T14:07:40","guid":{"rendered":"https:\/\/radiorevelacionfm.cl\/?p=28178"},"modified":"2023-02-27T11:07:40","modified_gmt":"2023-02-27T14:07:40","slug":"llaman-a-padres-y-apoderados-a-consultar-el-registro-de-inhabilidades-para-trabajar-con-menores-de-edad","status":"publish","type":"post","link":"https:\/\/radiorevelacionfm.cl\/?p=28178","title":{"rendered":"Llaman a padres y apoderados a consultar el Registro de Inhabilidades para trabajar con Menores de Edad"},"content":{"rendered":"<div class=\"flex_column av_one_full  flex_column_div av-zero-column-padding first  avia-builder-el-0  el_before_av_one_full  avia-builder-el-first  \" style='border-radius:0px; '><div  class='avia-image-container  av-styling-    avia-builder-el-1  avia-builder-el-no-sibling  avia-align-center '  itemprop=\"image\" itemscope=\"itemscope\" itemtype=\"https:\/\/schema.org\/ImageObject\"  ><div class='avia-image-container-inner'><div class='avia-image-overlay-wrap'><img decoding=\"async\" class='wp-image-28179 avia-img-lazy-loading-not-28179 avia_image' src=\"https:\/\/radiorevelacionfm.cl\/wp-content\/uploads\/2023\/02\/furgon_escolar4-1-1.jpeg\" alt='' title='furgon_escolar4 (1) (1)' height=\"600\" width=\"800\"  itemprop=\"thumbnailUrl\" srcset=\"https:\/\/radiorevelacionfm.cl\/wp-content\/uploads\/2023\/02\/furgon_escolar4-1-1.jpeg 800w, https:\/\/radiorevelacionfm.cl\/wp-content\/uploads\/2023\/02\/furgon_escolar4-1-1-300x225.jpeg 300w, https:\/\/radiorevelacionfm.cl\/wp-content\/uploads\/2023\/02\/furgon_escolar4-1-1-768x576.jpeg 768w, https:\/\/radiorevelacionfm.cl\/wp-content\/uploads\/2023\/02\/furgon_escolar4-1-1-705x529.jpeg 705w, https:\/\/radiorevelacionfm.cl\/wp-content\/uploads\/2023\/02\/furgon_escolar4-1-1-600x450.jpeg 600w\" sizes=\"(max-width: 800px) 100vw, 800px\" \/><\/div><\/div><\/div><\/div><div class=\"flex_column av_one_full  flex_column_div av-zero-column-padding first  avia-builder-el-2  el_after_av_one_full  el_before_av_one_full  column-top-margin\" style='border-radius:0px; '><section class=\"av_textblock_section \"  itemscope=\"itemscope\" itemtype=\"https:\/\/schema.org\/BlogPosting\" itemprop=\"blogPost\" ><div class='avia_textblock  '   itemprop=\"text\" ><p style=\"text-align: center;\"><span style=\"font-size: 18pt;\"><strong>Llaman a padres y apoderados a consultar el Registro de Inhabilidades para trabajar con Menores de Edad<\/strong><\/span><\/p>\n<p><strong>\u00a0<\/strong><\/p>\n<div id=\"gtx-trans\" style=\"position: absolute; left: -50px; top: 4.31534px;\">\n<div class=\"gtx-trans-icon\"><\/div>\n<\/div>\n<\/div><\/section><\/div><div class=\"flex_column av_one_full  flex_column_div av-zero-column-padding first  avia-builder-el-4  el_after_av_one_full  el_before_av_hr  column-top-margin\" style='border-radius:0px; '><section class=\"av_textblock_section \"  itemscope=\"itemscope\" itemtype=\"https:\/\/schema.org\/BlogPosting\" itemprop=\"blogPost\" ><div class='avia_textblock  '   itemprop=\"text\" ><p style=\"text-align: justify;\">A pocos d\u00edas del inicio del a\u00f1o escolar, el Director Regional del Servicio de Registro Civil e Identificaci\u00f3n en Ays\u00e9n, Rodrigo Aguilera Silva hizo un llamado a los padres, madres y apoderados a consultar el Registro de Inhabilidades para trabajar con menores de edad, antes de contratar transporte escolar u otro servicio.<\/p>\n<p style=\"text-align: justify;\">Seg\u00fan datos del Registro Civil, al 31 de enero de este a\u00f1o, <strong>el Registro de Inhabilidades estaba integrado por 13.492 personas a nivel nacional y en la Regi\u00f3n de Ays\u00e9n, hay inscritos 214 personas.<\/strong><\/p>\n<p style=\"text-align: justify;\">Desde sus inicios en el a\u00f1o 2012, el Registro de Inhabilidades se actualiza diariamente y ha recibido casi 12 millones de consultas por parte de la ciudadan\u00eda, transform\u00e1ndose en una herramienta gratuita de enorme utilidad para los padres y madres que deben escoger a las personas que se vinculan con el cuidado de sus hijos o hijas.<\/p>\n<p style=\"text-align: justify;\">Al respecto, el Director Regional del Servicio de Registro Civil e Identificaci\u00f3n Rodrigo Aguilera Silva indic\u00f3 \u201cquisi\u00e9ramos hacer un llamado a todas aquellas instituciones y personas naturales que van a contratar los servicios, ya sea de un veh\u00edculo, transporte escolar o alg\u00fan funcionario nuevo para escuelas o jardines infantiles, a que hagan la consulta en el registro de inhabilidades que se encuentra disponible en nuestro sitio web <a href=\"http:\/\/www.registrocivil.cl\">www.registrocivil.cl<\/a>, puesto que a nivel nacional son m\u00e1s de 13 mil personas las inhabilitadas para trabajar con menores de edad, por eso la importancia de consultar este registro, antes de dejar el cuidado de su hijo (a) a una persona que no conoce\u201d.<\/p>\n<p style=\"text-align: justify;\">Finalmente, se\u00f1alar que para realizar una consulta en el Registro de Inhabilidades, se debe acceder a <a href=\"http:\/\/www.registrocivil.cl\">www.registrocivil.cl<\/a>, pinchar la secci\u00f3n \u201cservicios en l\u00ednea\u201d, luego seleccionar \u201cconsultas de registros en l\u00ednea\u201d, e ingresar a \u201cinhabilidades para trabajar con menores\u201d. En dicha pantalla, se requerir\u00e1 el nombre y RUN del solicitante y de la persona consultada, para acceder a la informaci\u00f3n requerida.<\/p>\n<\/div><\/section><\/div><div  style='height:50px' class='hr hr-invisible   avia-builder-el-6  el_after_av_one_full  el_before_av_social_share '><span class='hr-inner ' ><span class='hr-inner-style'><\/span><\/span><\/div><\/p>\n<div  class='av-social-sharing-box  avia-builder-el-7  el_after_av_hr  el_before_av_hr  '><div class='av-share-box'><h5 class='av-share-link-description av-no-toc '>Compartir esta noticia<\/h5><ul class='av-share-box-list noLightbox'><li class='av-share-link av-social-link-facebook' ><a target=\"_blank\" aria-label=\"Compartir en Facebook\" href='https:\/\/www.facebook.com\/sharer.php?u=https:\/\/radiorevelacionfm.cl\/?p=28178&#038;t=Llaman%20a%20padres%20y%20apoderados%20a%20consultar%20el%20Registro%20de%20Inhabilidades%20para%20trabajar%20con%20Menores%20de%20Edad' aria-hidden='false' data-av_icon='\ue8f3' data-av_iconfont='entypo-fontello' title='' data-avia-related-tooltip='Compartir en Facebook' rel=\"noopener\"><span class='avia_hidden_link_text'>Compartir en Facebook<\/span><\/a><\/li><li class='av-share-link av-social-link-twitter' ><a target=\"_blank\" aria-label=\"Compartir en Twitter\" href='https:\/\/twitter.com\/share?text=Llaman%20a%20padres%20y%20apoderados%20a%20consultar%20el%20Registro%20de%20Inhabilidades%20para%20trabajar%20con%20Menores%20de%20Edad&#038;url=https:\/\/radiorevelacionfm.cl\/?p=28178' aria-hidden='false' data-av_icon='\ue8f1' data-av_iconfont='entypo-fontello' title='' data-avia-related-tooltip='Compartir en Twitter' rel=\"noopener\"><span class='avia_hidden_link_text'>Compartir en Twitter<\/span><\/a><\/li><li class='av-share-link av-social-link-whatsapp' ><a target=\"_blank\" aria-label=\"Compartir en Whatsapp\" href='https:\/\/api.whatsapp.com\/send?text=https:\/\/radiorevelacionfm.cl\/?p=28178' aria-hidden='false' data-av_icon='\uf232' data-av_iconfont='entypo-fontello' title='' data-avia-related-tooltip='Compartir en Whatsapp' rel=\"noopener\"><span class='avia_hidden_link_text'>Compartir en Whatsapp<\/span><\/a><\/li><li class='av-share-link av-social-link-linkedin' ><a target=\"_blank\" aria-label=\"Compartir en LinkedIn\" href='https:\/\/linkedin.com\/shareArticle?mini=true&#038;title=Llaman%20a%20padres%20y%20apoderados%20a%20consultar%20el%20Registro%20de%20Inhabilidades%20para%20trabajar%20con%20Menores%20de%20Edad&#038;url=https:\/\/radiorevelacionfm.cl\/?p=28178' aria-hidden='false' data-av_icon='\ue8fc' data-av_iconfont='entypo-fontello' title='' data-avia-related-tooltip='Compartir en LinkedIn' rel=\"noopener\"><span class='avia_hidden_link_text'>Compartir en LinkedIn<\/span><\/a><\/li><li class='av-share-link av-social-link-mail' ><a  aria-label=\"Compartir por correo\" href='mailto:?subject=Llaman%20a%20padres%20y%20apoderados%20a%20consultar%20el%20Registro%20de%20Inhabilidades%20para%20trabajar%20con%20Menores%20de%20Edad&#038;body=https:\/\/radiorevelacionfm.cl\/?p=28178' aria-hidden='false' data-av_icon='\ue805' data-av_iconfont='entypo-fontello' title='' data-avia-related-tooltip='Compartir por correo'><span class='avia_hidden_link_text'>Compartir por correo<\/span><\/a><\/li><\/ul><\/div><\/div>\n<div  style='height:50px' class='hr hr-invisible   avia-builder-el-8  el_after_av_social_share  el_before_av_comments_list '><span class='hr-inner ' ><span class='hr-inner-style'><\/span><\/span><\/div>\n<div  class='av-buildercomment  av-blog-meta-html-info-disabled av-blog-meta-tag-disabled  '><\/div>\n","protected":false},"excerpt":{"rendered":"","protected":false},"author":1,"featured_media":28179,"comment_status":"open","ping_status":"open","sticky":false,"template":"","format":"standard","meta":{"footnotes":""},"categories":[55],"tags":[],"class_list":["post-28178","post","type-post","status-publish","format-standard","has-post-thumbnail","hentry","category-justicia"],"jetpack_featured_media_url":"https:\/\/radiorevelacionfm.cl\/wp-content\/uploads\/2023\/02\/furgon_escolar4-1-1.jpeg","_links":{"self":[{"href":"https:\/\/radiorevelacionfm.cl\/index.php?rest_route=\/wp\/v2\/posts\/28178","targetHints":{"allow":["GET"]}}],"collection":[{"href":"https:\/\/radiorevelacionfm.cl\/index.php?rest_route=\/wp\/v2\/posts"}],"about":[{"href":"https:\/\/radiorevelacionfm.cl\/index.php?rest_route=\/wp\/v2\/types\/post"}],"author":[{"embeddable":true,"href":"https:\/\/radiorevelacionfm.cl\/index.php?rest_route=\/wp\/v2\/users\/1"}],"replies":[{"embeddable":true,"href":"https:\/\/radiorevelacionfm.cl\/index.php?rest_route=%2Fwp%2Fv2%2Fcomments&post=28178"}],"version-history":[{"count":2,"href":"https:\/\/radiorevelacionfm.cl\/index.php?rest_route=\/wp\/v2\/posts\/28178\/revisions"}],"predecessor-version":[{"id":28181,"href":"https:\/\/radiorevelacionfm.cl\/index.php?rest_route=\/wp\/v2\/posts\/28178\/revisions\/28181"}],"wp:featuredmedia":[{"embeddable":true,"href":"https:\/\/radiorevelacionfm.cl\/index.php?rest_route=\/wp\/v2\/media\/28179"}],"wp:attachment":[{"href":"https:\/\/radiorevelacionfm.cl\/index.php?rest_route=%2Fwp%2Fv2%2Fmedia&parent=28178"}],"wp:term":[{"taxonomy":"category","embeddable":true,"href":"https:\/\/radiorevelacionfm.cl\/index.php?rest_route=%2Fwp%2Fv2%2Fcategories&post=28178"},{"taxonomy":"post_tag","embeddable":true,"href":"https:\/\/radiorevelacionfm.cl\/index.php?rest_route=%2Fwp%2Fv2%2Ftags&post=28178"}],"curies":[{"name":"wp","href":"https:\/\/api.w.org\/{rel}","templated":true}]}}