{"id":28173,"date":"2023-02-26T20:54:25","date_gmt":"2023-02-26T23:54:25","guid":{"rendered":"https:\/\/radiorevelacionfm.cl\/?p=28173"},"modified":"2023-02-26T20:54:25","modified_gmt":"2023-02-26T23:54:25","slug":"obras-por-106-millones-de-pesos-materializan-en-paso-internacional-coyhaique-alto","status":"publish","type":"post","link":"https:\/\/radiorevelacionfm.cl\/?p=28173","title":{"rendered":"Obras por 106 millones de pesos materializan en Paso Internacional Coyhaique Alto"},"content":{"rendered":"<div class=\"flex_column av_one_full  flex_column_div av-zero-column-padding first  avia-builder-el-0  el_before_av_one_full  avia-builder-el-first  \" style='border-radius:0px; '><div  class='avia-image-container  av-styling-    avia-builder-el-1  avia-builder-el-no-sibling  avia-align-center '  itemprop=\"image\" itemscope=\"itemscope\" itemtype=\"https:\/\/schema.org\/ImageObject\"  ><div class='avia-image-container-inner'><div class='avia-image-overlay-wrap'><img decoding=\"async\" class='wp-image-28174 avia-img-lazy-loading-not-28174 avia_image' src=\"https:\/\/radiorevelacionfm.cl\/wp-content\/uploads\/2023\/02\/delegado-rodrigo-araya-coyhaique-alto-02-1_optimized.jpg\" alt='' title='delegado-rodrigo-araya-coyhaique-alto-02-(1)_optimized' height=\"600\" width=\"1067\"  itemprop=\"thumbnailUrl\" srcset=\"https:\/\/radiorevelacionfm.cl\/wp-content\/uploads\/2023\/02\/delegado-rodrigo-araya-coyhaique-alto-02-1_optimized.jpg 1067w, https:\/\/radiorevelacionfm.cl\/wp-content\/uploads\/2023\/02\/delegado-rodrigo-araya-coyhaique-alto-02-1_optimized-300x169.jpg 300w, https:\/\/radiorevelacionfm.cl\/wp-content\/uploads\/2023\/02\/delegado-rodrigo-araya-coyhaique-alto-02-1_optimized-1030x579.jpg 1030w, https:\/\/radiorevelacionfm.cl\/wp-content\/uploads\/2023\/02\/delegado-rodrigo-araya-coyhaique-alto-02-1_optimized-768x432.jpg 768w, https:\/\/radiorevelacionfm.cl\/wp-content\/uploads\/2023\/02\/delegado-rodrigo-araya-coyhaique-alto-02-1_optimized-705x396.jpg 705w, https:\/\/radiorevelacionfm.cl\/wp-content\/uploads\/2023\/02\/delegado-rodrigo-araya-coyhaique-alto-02-1_optimized-600x337.jpg 600w\" sizes=\"(max-width: 1067px) 100vw, 1067px\" \/><\/div><\/div><\/div><\/div><div class=\"flex_column av_one_full  flex_column_div av-zero-column-padding first  avia-builder-el-2  el_after_av_one_full  el_before_av_one_full  column-top-margin\" style='border-radius:0px; '><section class=\"av_textblock_section \"  itemscope=\"itemscope\" itemtype=\"https:\/\/schema.org\/BlogPosting\" itemprop=\"blogPost\" ><div class='avia_textblock  '   itemprop=\"text\" ><p style=\"text-align: center;\"><strong><span style=\"font-size: 18pt;\">Obras por 106 millones de pesos materializan en Paso Internacional Coyhaique Alto<\/span><\/strong><\/p>\n<div id=\"gtx-trans\" style=\"position: absolute; left: -50px; top: 4.31534px;\">\n<div class=\"gtx-trans-icon\"><\/div>\n<\/div>\n<\/div><\/section><\/div><div class=\"flex_column av_one_full  flex_column_div av-zero-column-padding first  avia-builder-el-4  el_after_av_one_full  el_before_av_hr  column-top-margin\" style='border-radius:0px; '><section class=\"av_textblock_section \"  itemscope=\"itemscope\" itemtype=\"https:\/\/schema.org\/BlogPosting\" itemprop=\"blogPost\" ><div class='avia_textblock  '   itemprop=\"text\" ><p style=\"font-weight: 400; text-align: justify;\">Pr\u00f3ximo a su reapertura hacia fines de marzo pr\u00f3ximo est\u00e1 el Paso Internacional Coyhaique Alto, ubicado en la ruta CH 240, a 45 kil\u00f3metros de Coyhaique, en la Regi\u00f3n de Ays\u00e9n, tras una inversi\u00f3n de 106 millones de pesos de la Unidad de Pasos Fronterizos del Ministerio del Interior.<\/p>\n<p style=\"font-weight: 400; text-align: justify;\">El Delegado Presidencial Regional, Rodrigo Araya, inspeccion\u00f3 las obras realizadas en el marco de la Pol\u00edtica Nacional de Seguridad P\u00fablica 2022-2026 y del proceso de restablecimiento del tr\u00e1nsito en fronteras, tras la pandemia, acompa\u00f1ado por Carabineros, Servicio Agr\u00edcola y Ganadero (SAG), Polic\u00eda de Investigaciones (PDI) y Aduanas.<\/p>\n<p style=\"font-weight: 400; text-align: justify;\">\u201cLas mejoras consistieron b\u00e1sicamente en renovar condiciones de habitabilidad del paso fronterizo, hacer instalaciones nuevas, mejorar la calidad de prestaciones que brindamos a las personas que transitan por este paso y, sobre todo, las condiciones para los funcionarios de Carabineros, SAG, PDI y Aduanas. Mejoramos las condiciones de acceso al agua, estamos avanzando en calidad y estamos ac\u00e1 conversando qu\u00e9 otras cosas podemos hacer para mejorar tambi\u00e9n la habitabilidad de todo el complejo\u201d, destac\u00f3.<\/p>\n<p style=\"font-weight: 400; text-align: justify;\">Jean Paul Aravena, subprefecto fronterizo de la Prefectura de Carabineros Ays\u00e9n, indic\u00f3 que ya est\u00e1 todo dispuesto para que el personal destacado en la Tenencia de Coyhaique Alto cumpla funciones destinadas a evitar tr\u00e1ficos ilegales y apoyar controles migratorios.<\/p>\n<p style=\"font-weight: 400; text-align: justify;\">\u201cPor supuesto que es un avance tremendo, principalmente orientado a dar mejores condiciones al p\u00fablico que hace uso de estos pasos fronterizos. Obviamente, se va a contar con una mejor prestaci\u00f3n de servicios, mucho m\u00e1s c\u00f3modo, una calefacci\u00f3n adecuada y un espacio m\u00e1s digno para atender a las personas que requieren salir o entrar al pa\u00eds\u201d, indic\u00f3.<\/p>\n<p style=\"font-weight: 400; text-align: justify;\">Valeria Carrasco, directora regional (s) del SAG destac\u00f3 el mejoramiento del sistema sanitario para el adecuado cumplimiento de las funciones de todos los servicios.<\/p>\n<p style=\"font-weight: 400; text-align: justify;\">\u201cNosotros realizamos la inspecci\u00f3n para evitar el ingreso de mercanc\u00edas que pueden afectar nuestro patrimonio fito y zoosanitario. Este mejoramiento lo est\u00e1bamos esperando hace tiempo, sobre todo, en lo que involucra el tema del agua que era cr\u00edtico y que ya estaba trabajando individualmente cada uno de los servicios, viendo soluciones provisorias, pero hoy en d\u00eda vamos a contar con una soluci\u00f3n definitiva y para todos\u201d, se\u00f1al\u00f3.<\/p>\n<p style=\"font-weight: 400; text-align: justify;\">En este mismo sentido el director regional de Aduanas, V\u00edctor Valenzuela, valor\u00f3 las condiciones para las funciones conjuntas y espec\u00edficas de cada servicio, en este caso de control y fiscalizaci\u00f3n del ingreso y salida legal de veh\u00edculos y mercanc\u00edas.<\/p>\n<p style=\"font-weight: 400; text-align: justify;\">\u201cHay elementos que son b\u00e1sicos y fundamentales, que van a generar un cambio en la vida de los funcionarios, como el nuevo sistema de obtenci\u00f3n de agua directamente desde un pozo profundo. Adem\u00e1s, vamos a tener una mejor calefacci\u00f3n, a trav\u00e9s de un sistema externo de termo panel que nos van a proteger bastante; ha habido un cambio tambi\u00e9n en el sistema de le\u00f1eras y vamos a disponer de una casa oficina multifuncional para SAG, PDI, Aduanas o para la misma coordinaci\u00f3n del Paso. Entonces eso es un tremendo adelanto que valoramos profundamente junto con todos los otros servicios\u201d, expres\u00f3.<\/p>\n<p style=\"font-weight: 400; text-align: justify;\">La pr\u00f3xima reapertura del paso fronterizo Coyhaique Alto hacia fines de marzo pr\u00f3ximo completar\u00e1 el proceso de restablecimiento del tr\u00e1nsito en fronteras situadas en la Regi\u00f3n de Ays\u00e9n, al encontrarse operativos los pasos Las Pampas, R\u00edo Fr\u00edas Appeleg, Pampa Alta, Triana, Integrado Huemules, Ingeniero Ib\u00e1\u00f1ez-Pallavicini, Jeinimeni, Roballos, R\u00edo Mayer, R\u00edo Mosco y Dos Lagunas-Marconi.<\/p>\n<\/div><\/section><\/div><div  style='height:50px' class='hr hr-invisible   avia-builder-el-6  el_after_av_one_full  el_before_av_social_share '><span class='hr-inner ' ><span class='hr-inner-style'><\/span><\/span><\/div><\/p>\n<div  class='av-social-sharing-box  avia-builder-el-7  el_after_av_hr  el_before_av_hr  '><div class='av-share-box'><h5 class='av-share-link-description av-no-toc '>Compartir esta noticia<\/h5><ul class='av-share-box-list noLightbox'><li class='av-share-link av-social-link-facebook' ><a target=\"_blank\" aria-label=\"Compartir en Facebook\" href='https:\/\/www.facebook.com\/sharer.php?u=https:\/\/radiorevelacionfm.cl\/?p=28173&#038;t=Obras%20por%20106%20millones%20de%20pesos%20materializan%20en%20Paso%20Internacional%20Coyhaique%20Alto' aria-hidden='false' data-av_icon='\ue8f3' data-av_iconfont='entypo-fontello' title='' data-avia-related-tooltip='Compartir en Facebook' rel=\"noopener\"><span class='avia_hidden_link_text'>Compartir en Facebook<\/span><\/a><\/li><li class='av-share-link av-social-link-twitter' ><a target=\"_blank\" aria-label=\"Compartir en Twitter\" href='https:\/\/twitter.com\/share?text=Obras%20por%20106%20millones%20de%20pesos%20materializan%20en%20Paso%20Internacional%20Coyhaique%20Alto&#038;url=https:\/\/radiorevelacionfm.cl\/?p=28173' aria-hidden='false' data-av_icon='\ue8f1' data-av_iconfont='entypo-fontello' title='' data-avia-related-tooltip='Compartir en Twitter' rel=\"noopener\"><span class='avia_hidden_link_text'>Compartir en Twitter<\/span><\/a><\/li><li class='av-share-link av-social-link-whatsapp' ><a target=\"_blank\" aria-label=\"Compartir en Whatsapp\" href='https:\/\/api.whatsapp.com\/send?text=https:\/\/radiorevelacionfm.cl\/?p=28173' aria-hidden='false' data-av_icon='\uf232' data-av_iconfont='entypo-fontello' title='' data-avia-related-tooltip='Compartir en Whatsapp' rel=\"noopener\"><span class='avia_hidden_link_text'>Compartir en Whatsapp<\/span><\/a><\/li><li class='av-share-link av-social-link-linkedin' ><a target=\"_blank\" aria-label=\"Compartir en LinkedIn\" href='https:\/\/linkedin.com\/shareArticle?mini=true&#038;title=Obras%20por%20106%20millones%20de%20pesos%20materializan%20en%20Paso%20Internacional%20Coyhaique%20Alto&#038;url=https:\/\/radiorevelacionfm.cl\/?p=28173' aria-hidden='false' data-av_icon='\ue8fc' data-av_iconfont='entypo-fontello' title='' data-avia-related-tooltip='Compartir en LinkedIn' rel=\"noopener\"><span class='avia_hidden_link_text'>Compartir en LinkedIn<\/span><\/a><\/li><li class='av-share-link av-social-link-mail' ><a  aria-label=\"Compartir por correo\" href='mailto:?subject=Obras%20por%20106%20millones%20de%20pesos%20materializan%20en%20Paso%20Internacional%20Coyhaique%20Alto&#038;body=https:\/\/radiorevelacionfm.cl\/?p=28173' aria-hidden='false' data-av_icon='\ue805' data-av_iconfont='entypo-fontello' title='' data-avia-related-tooltip='Compartir por correo'><span class='avia_hidden_link_text'>Compartir por correo<\/span><\/a><\/li><\/ul><\/div><\/div>\n<div  style='height:50px' class='hr hr-invisible   avia-builder-el-8  el_after_av_social_share  el_before_av_comments_list '><span class='hr-inner ' ><span class='hr-inner-style'><\/span><\/span><\/div>\n<div  class='av-buildercomment  av-blog-meta-html-info-disabled av-blog-meta-tag-disabled  '><\/div>\n","protected":false},"excerpt":{"rendered":"","protected":false},"author":1,"featured_media":28174,"comment_status":"open","ping_status":"open","sticky":false,"template":"","format":"standard","meta":{"footnotes":""},"categories":[38],"tags":[],"class_list":["post-28173","post","type-post","status-publish","format-standard","has-post-thumbnail","hentry","category-regional"],"jetpack_featured_media_url":"https:\/\/radiorevelacionfm.cl\/wp-content\/uploads\/2023\/02\/delegado-rodrigo-araya-coyhaique-alto-02-1_optimized.jpg","_links":{"self":[{"href":"https:\/\/radiorevelacionfm.cl\/index.php?rest_route=\/wp\/v2\/posts\/28173","targetHints":{"allow":["GET"]}}],"collection":[{"href":"https:\/\/radiorevelacionfm.cl\/index.php?rest_route=\/wp\/v2\/posts"}],"about":[{"href":"https:\/\/radiorevelacionfm.cl\/index.php?rest_route=\/wp\/v2\/types\/post"}],"author":[{"embeddable":true,"href":"https:\/\/radiorevelacionfm.cl\/index.php?rest_route=\/wp\/v2\/users\/1"}],"replies":[{"embeddable":true,"href":"https:\/\/radiorevelacionfm.cl\/index.php?rest_route=%2Fwp%2Fv2%2Fcomments&post=28173"}],"version-history":[{"count":2,"href":"https:\/\/radiorevelacionfm.cl\/index.php?rest_route=\/wp\/v2\/posts\/28173\/revisions"}],"predecessor-version":[{"id":28176,"href":"https:\/\/radiorevelacionfm.cl\/index.php?rest_route=\/wp\/v2\/posts\/28173\/revisions\/28176"}],"wp:featuredmedia":[{"embeddable":true,"href":"https:\/\/radiorevelacionfm.cl\/index.php?rest_route=\/wp\/v2\/media\/28174"}],"wp:attachment":[{"href":"https:\/\/radiorevelacionfm.cl\/index.php?rest_route=%2Fwp%2Fv2%2Fmedia&parent=28173"}],"wp:term":[{"taxonomy":"category","embeddable":true,"href":"https:\/\/radiorevelacionfm.cl\/index.php?rest_route=%2Fwp%2Fv2%2Fcategories&post=28173"},{"taxonomy":"post_tag","embeddable":true,"href":"https:\/\/radiorevelacionfm.cl\/index.php?rest_route=%2Fwp%2Fv2%2Ftags&post=28173"}],"curies":[{"name":"wp","href":"https:\/\/api.w.org\/{rel}","templated":true}]}}