{"id":28169,"date":"2023-02-26T15:32:05","date_gmt":"2023-02-26T18:32:05","guid":{"rendered":"https:\/\/radiorevelacionfm.cl\/?p=28169"},"modified":"2023-02-26T15:32:05","modified_gmt":"2023-02-26T18:32:05","slug":"refuerzan-campana-de-prevencion-del-virus-hanta-en-parque-queulat","status":"publish","type":"post","link":"https:\/\/radiorevelacionfm.cl\/?p=28169","title":{"rendered":"Refuerzan campa\u00f1a de prevenci\u00f3n del Virus Hanta en Parque Queulat"},"content":{"rendered":"<div class=\"flex_column av_one_full  flex_column_div av-zero-column-padding first  avia-builder-el-0  el_before_av_one_full  avia-builder-el-first  \" style='border-radius:0px; '><div  class='avia-image-container  av-styling-    avia-builder-el-1  avia-builder-el-no-sibling  avia-align-center '  itemprop=\"image\" itemscope=\"itemscope\" itemtype=\"https:\/\/schema.org\/ImageObject\"  ><div class='avia-image-container-inner'><div class='avia-image-overlay-wrap'><img decoding=\"async\" class='wp-image-28170 avia-img-lazy-loading-not-28170 avia_image' src=\"https:\/\/radiorevelacionfm.cl\/wp-content\/uploads\/2023\/02\/img-20230224-wa0017-1_optimized-1.jpg\" alt='' title='img-20230224-wa0017-(1)_optimized (1)' height=\"600\" width=\"902\"  itemprop=\"thumbnailUrl\" srcset=\"https:\/\/radiorevelacionfm.cl\/wp-content\/uploads\/2023\/02\/img-20230224-wa0017-1_optimized-1.jpg 902w, https:\/\/radiorevelacionfm.cl\/wp-content\/uploads\/2023\/02\/img-20230224-wa0017-1_optimized-1-300x200.jpg 300w, https:\/\/radiorevelacionfm.cl\/wp-content\/uploads\/2023\/02\/img-20230224-wa0017-1_optimized-1-768x511.jpg 768w, https:\/\/radiorevelacionfm.cl\/wp-content\/uploads\/2023\/02\/img-20230224-wa0017-1_optimized-1-705x469.jpg 705w, https:\/\/radiorevelacionfm.cl\/wp-content\/uploads\/2023\/02\/img-20230224-wa0017-1_optimized-1-600x399.jpg 600w\" sizes=\"(max-width: 902px) 100vw, 902px\" \/><\/div><\/div><\/div><\/div><div class=\"flex_column av_one_full  flex_column_div av-zero-column-padding first  avia-builder-el-2  el_after_av_one_full  el_before_av_one_full  column-top-margin\" style='border-radius:0px; '><section class=\"av_textblock_section \"  itemscope=\"itemscope\" itemtype=\"https:\/\/schema.org\/BlogPosting\" itemprop=\"blogPost\" ><div class='avia_textblock  '   itemprop=\"text\" ><p style=\"text-align: center;\"><strong><span style=\"font-size: 18pt;\">Refuerzan campa\u00f1a de prevenci\u00f3n del Virus Hanta en Parque Queulat<\/span><\/strong><\/p>\n<div id=\"gtx-trans\" style=\"position: absolute; left: -50px; top: 4.31534px;\">\n<div class=\"gtx-trans-icon\"><\/div>\n<\/div>\n<\/div><\/section><\/div><div class=\"flex_column av_one_full  flex_column_div av-zero-column-padding first  avia-builder-el-4  el_after_av_one_full  el_before_av_hr  column-top-margin\" style='border-radius:0px; '><section class=\"av_textblock_section \"  itemscope=\"itemscope\" itemtype=\"https:\/\/schema.org\/BlogPosting\" itemprop=\"blogPost\" ><div class='avia_textblock  '   itemprop=\"text\" ><p style=\"text-align: justify;\">En el Parque Nacional Queulat, el Seremi (S) de Gobierno y titular de Agricultura en Ays\u00e9n, Alan Espinoza Ortiz, junto al fiscalizador del Servicio de Salud Ays\u00e9n, al administrador del Parque y al Jefe de \u00e1rea La Junta CONAF, reforzaron el llamado a \u00a0la prevenci\u00f3n del Virus Hanta entre visitantes de esta \u00c1rea Silvestre Protegida, que recibe anualmente unas 50 mil personas (2019).<\/p>\n<p style=\"text-align: justify;\">En la actividad el Vocero (S) de Gobierno destac\u00f3 el trabajo intersectorial que se realiza en Ays\u00e9n, para evitar contagios con esta enfermedad de origen viral, que se transmite al ser humano desde roedores silvestres como el Oligorizomys longicaudatus (rat\u00f3n de cola larga, aut\u00f3ctono).<\/p>\n<p style=\"text-align: justify;\">\u201cEste Parque Nacional es uno de los m\u00e1s visitados de la regi\u00f3n, cerca de 600 personas ingresan diariamente, muchos de ellos visitantes que recorren nuestra regi\u00f3n y a ellos los hemos estado informando respecto de las medidas preventivas contra el Hanta. Como Gobierno es muy importante seguir haciendo un llamado a la prevenci\u00f3n para que tengamos una mejor temporada en nuestra querida regi\u00f3n de Ays\u00e9n\u201d, resalt\u00f3.<\/p>\n<p style=\"text-align: justify;\">El Virus Hanta o S\u00edndrome Pulmonar por Hantavirus es una enfermedad infecciosa aguda, habitualmente grave, que puede ser mortal. Se caracteriza por fiebre alta en una persona previamente sana, escalofr\u00edos, dolor de cabeza (cefalea), dolores osteomusculares y s\u00edntomas gastrointestinales (n\u00e1useas, v\u00f3mitos y dolor abdominal). La fiebre, superior a 38.3\u00baC, se acompa\u00f1a por dificultad respiratoria sin una causa conocida.<\/p>\n<p style=\"text-align: justify;\">En Ays\u00e9n 16 organismos p\u00fablicos integran la mesa intersectorial para la prevenci\u00f3n del Virus Hanta,\u00a0 a trav\u00e9s de un trabajo liderado por la Delegaci\u00f3n Presidencial Regional y coordinado por la Seremi de Salud. En este sentido Daniel Fuentes, fiscalizador de la Seremi de Salud, resalt\u00f3 la importancia de estas acciones conjuntas para evitar contagios.<\/p>\n<p style=\"text-align: justify;\">\u201cPoder invitar a toda la comunidad a tener la precauci\u00f3n en la utilizaci\u00f3n de los campings que se encuentren hace mucho tiempo sin ventilar, utilizar de buena manera la superficie, conservar la basura en dep\u00f3sitos que tengan tapa y mantener los alimentos fuera del alcance de los roedores\u201d, indic\u00f3.<\/p>\n<p style=\"text-align: justify;\">En tanto desde CONAF, Juan Reyes, Administrador del Parque Nacional Queulat, \u00a0resalt\u00f3 la importancia de estas actividades de difusi\u00f3n en las \u00c1reas Silvestres Protegidas de Ays\u00e9n.<\/p>\n<p style=\"text-align: justify;\">\u201cSiempre estamos informando a los visitantes. El llamado es a seguir cuidando y a seguir disfrutando los espacios naturales\u201d, destac\u00f3.<\/p>\n<p style=\"text-align: justify;\"><u>Medidas de Prevenci\u00f3n<\/u><\/p>\n<p style=\"text-align: justify;\">Algunas medidas de prevenci\u00f3n del virus son: ventile por 30 minutos antes de entrar a lugares cerrados por largo tiempo y mantenga ventilado posteriormente, roc\u00ede el suelo y superficies con agua y cloro, luego limpie y barra; mantenga el exterior de casas y bodegas libres de maleza y basura; y tenga bodegas ventiladas y ordenadas, sin materiales de desechos.<\/p>\n<p style=\"text-align: justify;\">Selle y desratice galpones y bodegas. Mantenga los alimentos y agua fuera del alcance de los roedores, almacen\u00e1ndolos siempre en envases herm\u00e9ticos. Evite el ingreso de los roedores a las viviendas tapando los orificios y cavidades por donde puedan entrar. No mate zorros, culebras y lechuzas: le protegen de los roedores.<\/p>\n<p style=\"text-align: justify;\">Medidas preventivas para evitar el contagio para la poblaci\u00f3n general que va a campings y paseos: elija lugares limpios y libres de matorrales y pastizales. Use carpa con piso, cierre y sin agujeros. Guarde alimentos en envases resistentes y cerrados. No deje ollas y utensilios al alcance de los ratones. Camine s\u00f3lo por senderos habilitados, no se interne entre matorrales y pastizales, no recolecte ni consuma frutos silvestres. Mantenga la basura en recipientes cerrados, si es necesario enti\u00e9rrela. Beba s\u00f3lo agua segura (potable, envasada, hervida o desinfectada).<\/p>\n<\/div><\/section><\/div><div  style='height:50px' class='hr hr-invisible   avia-builder-el-6  el_after_av_one_full  el_before_av_social_share '><span class='hr-inner ' ><span class='hr-inner-style'><\/span><\/span><\/div><\/p>\n<div  class='av-social-sharing-box  avia-builder-el-7  el_after_av_hr  el_before_av_hr  '><div class='av-share-box'><h5 class='av-share-link-description av-no-toc '>Compartir esta noticia<\/h5><ul class='av-share-box-list noLightbox'><li class='av-share-link av-social-link-facebook' ><a target=\"_blank\" aria-label=\"Compartir en Facebook\" href='https:\/\/www.facebook.com\/sharer.php?u=https:\/\/radiorevelacionfm.cl\/?p=28169&#038;t=Refuerzan%20campa%C3%B1a%20de%20prevenci%C3%B3n%20del%20Virus%20Hanta%20en%20Parque%20Queulat' aria-hidden='false' data-av_icon='\ue8f3' data-av_iconfont='entypo-fontello' title='' data-avia-related-tooltip='Compartir en Facebook' rel=\"noopener\"><span class='avia_hidden_link_text'>Compartir en Facebook<\/span><\/a><\/li><li class='av-share-link av-social-link-twitter' ><a target=\"_blank\" aria-label=\"Compartir en Twitter\" href='https:\/\/twitter.com\/share?text=Refuerzan%20campa%C3%B1a%20de%20prevenci%C3%B3n%20del%20Virus%20Hanta%20en%20Parque%20Queulat&#038;url=https:\/\/radiorevelacionfm.cl\/?p=28169' aria-hidden='false' data-av_icon='\ue8f1' data-av_iconfont='entypo-fontello' title='' data-avia-related-tooltip='Compartir en Twitter' rel=\"noopener\"><span class='avia_hidden_link_text'>Compartir en Twitter<\/span><\/a><\/li><li class='av-share-link av-social-link-whatsapp' ><a target=\"_blank\" aria-label=\"Compartir en Whatsapp\" href='https:\/\/api.whatsapp.com\/send?text=https:\/\/radiorevelacionfm.cl\/?p=28169' aria-hidden='false' data-av_icon='\uf232' data-av_iconfont='entypo-fontello' title='' data-avia-related-tooltip='Compartir en Whatsapp' rel=\"noopener\"><span class='avia_hidden_link_text'>Compartir en Whatsapp<\/span><\/a><\/li><li class='av-share-link av-social-link-linkedin' ><a target=\"_blank\" aria-label=\"Compartir en LinkedIn\" href='https:\/\/linkedin.com\/shareArticle?mini=true&#038;title=Refuerzan%20campa%C3%B1a%20de%20prevenci%C3%B3n%20del%20Virus%20Hanta%20en%20Parque%20Queulat&#038;url=https:\/\/radiorevelacionfm.cl\/?p=28169' aria-hidden='false' data-av_icon='\ue8fc' data-av_iconfont='entypo-fontello' title='' data-avia-related-tooltip='Compartir en LinkedIn' rel=\"noopener\"><span class='avia_hidden_link_text'>Compartir en LinkedIn<\/span><\/a><\/li><li class='av-share-link av-social-link-mail' ><a  aria-label=\"Compartir por correo\" href='mailto:?subject=Refuerzan%20campa%C3%B1a%20de%20prevenci%C3%B3n%20del%20Virus%20Hanta%20en%20Parque%20Queulat&#038;body=https:\/\/radiorevelacionfm.cl\/?p=28169' aria-hidden='false' data-av_icon='\ue805' data-av_iconfont='entypo-fontello' title='' data-avia-related-tooltip='Compartir por correo'><span class='avia_hidden_link_text'>Compartir por correo<\/span><\/a><\/li><\/ul><\/div><\/div>\n<div  style='height:50px' class='hr hr-invisible   avia-builder-el-8  el_after_av_social_share  el_before_av_comments_list '><span class='hr-inner ' ><span class='hr-inner-style'><\/span><\/span><\/div>\n<div  class='av-buildercomment  av-blog-meta-html-info-disabled av-blog-meta-tag-disabled  '><\/div>\n","protected":false},"excerpt":{"rendered":"","protected":false},"author":1,"featured_media":28170,"comment_status":"open","ping_status":"open","sticky":false,"template":"","format":"standard","meta":{"footnotes":""},"categories":[38],"tags":[],"class_list":["post-28169","post","type-post","status-publish","format-standard","has-post-thumbnail","hentry","category-regional"],"jetpack_featured_media_url":"https:\/\/radiorevelacionfm.cl\/wp-content\/uploads\/2023\/02\/img-20230224-wa0017-1_optimized-1.jpg","_links":{"self":[{"href":"https:\/\/radiorevelacionfm.cl\/index.php?rest_route=\/wp\/v2\/posts\/28169","targetHints":{"allow":["GET"]}}],"collection":[{"href":"https:\/\/radiorevelacionfm.cl\/index.php?rest_route=\/wp\/v2\/posts"}],"about":[{"href":"https:\/\/radiorevelacionfm.cl\/index.php?rest_route=\/wp\/v2\/types\/post"}],"author":[{"embeddable":true,"href":"https:\/\/radiorevelacionfm.cl\/index.php?rest_route=\/wp\/v2\/users\/1"}],"replies":[{"embeddable":true,"href":"https:\/\/radiorevelacionfm.cl\/index.php?rest_route=%2Fwp%2Fv2%2Fcomments&post=28169"}],"version-history":[{"count":2,"href":"https:\/\/radiorevelacionfm.cl\/index.php?rest_route=\/wp\/v2\/posts\/28169\/revisions"}],"predecessor-version":[{"id":28172,"href":"https:\/\/radiorevelacionfm.cl\/index.php?rest_route=\/wp\/v2\/posts\/28169\/revisions\/28172"}],"wp:featuredmedia":[{"embeddable":true,"href":"https:\/\/radiorevelacionfm.cl\/index.php?rest_route=\/wp\/v2\/media\/28170"}],"wp:attachment":[{"href":"https:\/\/radiorevelacionfm.cl\/index.php?rest_route=%2Fwp%2Fv2%2Fmedia&parent=28169"}],"wp:term":[{"taxonomy":"category","embeddable":true,"href":"https:\/\/radiorevelacionfm.cl\/index.php?rest_route=%2Fwp%2Fv2%2Fcategories&post=28169"},{"taxonomy":"post_tag","embeddable":true,"href":"https:\/\/radiorevelacionfm.cl\/index.php?rest_route=%2Fwp%2Fv2%2Ftags&post=28169"}],"curies":[{"name":"wp","href":"https:\/\/api.w.org\/{rel}","templated":true}]}}