{"id":28165,"date":"2023-02-27T10:21:40","date_gmt":"2023-02-27T13:21:40","guid":{"rendered":"https:\/\/radiorevelacionfm.cl\/?p=28165"},"modified":"2023-02-27T10:21:40","modified_gmt":"2023-02-27T13:21:40","slug":"inspeccionan-abastecimiento-del-servicio-de-alimentacion-escolar-con-miras-al-inicio-del-ano-lectivo-2023","status":"publish","type":"post","link":"https:\/\/radiorevelacionfm.cl\/?p=28165","title":{"rendered":"Inspeccionan abastecimiento del servicio de Alimentaci\u00f3n Escolar con miras al inicio del a\u00f1o lectivo 2023"},"content":{"rendered":"<div class=\"flex_column av_one_full  flex_column_div av-zero-column-padding first  avia-builder-el-0  el_before_av_one_full  avia-builder-el-first  \" style='border-radius:0px; '><div  class='avia-image-container  av-styling-    avia-builder-el-1  avia-builder-el-no-sibling  avia-align-center '  itemprop=\"image\" itemscope=\"itemscope\" itemtype=\"https:\/\/schema.org\/ImageObject\"  ><div class='avia-image-container-inner'><div class='avia-image-overlay-wrap'><img decoding=\"async\" class='wp-image-28166 avia-img-lazy-loading-not-28166 avia_image' src=\"https:\/\/radiorevelacionfm.cl\/wp-content\/uploads\/2023\/02\/bodega-grupal-1_optimized.jpg\" alt='' title='bodega-grupal-(1)_optimized' height=\"600\" width=\"900\"  itemprop=\"thumbnailUrl\" srcset=\"https:\/\/radiorevelacionfm.cl\/wp-content\/uploads\/2023\/02\/bodega-grupal-1_optimized.jpg 900w, https:\/\/radiorevelacionfm.cl\/wp-content\/uploads\/2023\/02\/bodega-grupal-1_optimized-300x200.jpg 300w, https:\/\/radiorevelacionfm.cl\/wp-content\/uploads\/2023\/02\/bodega-grupal-1_optimized-768x512.jpg 768w, https:\/\/radiorevelacionfm.cl\/wp-content\/uploads\/2023\/02\/bodega-grupal-1_optimized-705x470.jpg 705w, https:\/\/radiorevelacionfm.cl\/wp-content\/uploads\/2023\/02\/bodega-grupal-1_optimized-600x400.jpg 600w\" sizes=\"(max-width: 900px) 100vw, 900px\" \/><\/div><\/div><\/div><\/div><div class=\"flex_column av_one_full  flex_column_div av-zero-column-padding first  avia-builder-el-2  el_after_av_one_full  el_before_av_one_full  column-top-margin\" style='border-radius:0px; '><section class=\"av_textblock_section \"  itemscope=\"itemscope\" itemtype=\"https:\/\/schema.org\/BlogPosting\" itemprop=\"blogPost\" ><div class='avia_textblock  '   itemprop=\"text\" ><p class=\"v1MsoNormal\" align=\"center\"><span style=\"font-size: 18pt;\"><b>Inspeccionan abastecimiento del servicio de Alimentaci\u00f3n Escolar con miras al inicio del a\u00f1o lectivo 2023<\/b><\/span><\/p>\n<div id=\"gtx-trans\" style=\"position: absolute; left: -50px; top: 4.31534px;\">\n<div class=\"gtx-trans-icon\"><\/div>\n<\/div>\n<\/div><\/section><\/div><div class=\"flex_column av_one_full  flex_column_div av-zero-column-padding first  avia-builder-el-4  el_after_av_one_full  el_before_av_hr  column-top-margin\" style='border-radius:0px; '><section class=\"av_textblock_section \"  itemscope=\"itemscope\" itemtype=\"https:\/\/schema.org\/BlogPosting\" itemprop=\"blogPost\" ><div class='avia_textblock  '   itemprop=\"text\" ><p class=\"v1MsoNormal\" style=\"text-align: justify;\">Con el objetivo de inspeccionar en terreno el stock de abastecimiento y condiciones de almacenamiento de los productos destinados a la alimentaci\u00f3n escolar de los colegios y jardines infantiles de la regi\u00f3n, previo al inicio del\u00a0<a href=\"https:\/\/www.facebook.com\/hashtag\/a%C3%B1oescolar2023?__eep__=6&amp;__cft__%5b0%5d=AZUnuZszk8DqPBCca-BKEu3EIMknIBy-ZNvsBQAXjo6oSqsxUiOkXzHnctEx0aewEpkuzMlgCZnt-7ACEy8TKDAQp4V3d52EI9yvLUe0c3a_9Udu7ox41YlBspGCcEpO8-h08mQCiKSoh7MlvZIIYA3Vb-VXSnDh8XMtTfPJy9PCcL6AlDP7l9OBXsXWAe5dNds&amp;__tn__=*NK-R\" target=\"_blank\" rel=\"noopener noreferrer\">a\u00f1o<\/a>\u00a0escolar 2023, las autoridades de educaci\u00f3n visitaron el pasado viernes, las bodegas de la empresa Hendaya, responsable de la prestaci\u00f3n del servicio de alimentaci\u00f3n de la regi\u00f3n.<\/p>\n<p class=\"v1MsoNormal\" style=\"text-align: justify;\">La visita fue encabezada por la Seremi de Educaci\u00f3n, Isabel Garrido Casassa junto al Director Regional de la Junta de Auxilio Escolar y Becas Junaeb Ays\u00e9n, Manuel Vivar. En la visita participaron la Directora Regional de Fundaci\u00f3n Integra Leticia Araya y la representante de Junji Ays\u00e9n Valentina Paredes.<\/p>\n<p class=\"v1MsoNormal\" style=\"text-align: justify;\">En la ocasi\u00f3n, las autoridades educacionales junto al Gerente Zonal de Hendaya SA Jos\u00e9 Luis Valeria recorrieron la bodega principal, ubicada en Coyhaique Alto, para inspeccionar el stock de productos, alimentos, frutas y verduras entre otros, constatando que el servicio se encuentra en condiciones para comenzar la entrega de raciones del programa de alimentaci\u00f3n en este nuevo inicio de a\u00f1o escolar. Posterior a la visita, las autoridades sostuvieron una reuni\u00f3n de trabajo para coordinar el correcto funcionamiento del servicio de alimentaci\u00f3n escolar durante el presente a\u00f1o lectivo.<\/p>\n<p class=\"v1MsoNormal\" style=\"text-align: justify;\">La Seremi de Educaci\u00f3n, Isabel Garrido destac\u00f3 durante la visita la importancia que tiene este programa para el inicio del a\u00f1o escolar. \u00abEn el marco del plan de Reactivaci\u00f3n Educativa anunciada por el Presidente Gabriel Boric estamos trabajando para asegurar un buen inicio de a\u00f1o escolar 2023, hemos constatado que la empresa ha adoptado las medidas para evitar los problemas que se presentaron el a\u00f1o pasado, pero estamos muy atentos a que esto se mantenga de esa manera y queremos que todas las raciones sean distribuidas en su totalidad y oportunamente el primer d\u00eda de clases\u00bb.<\/p>\n<p class=\"v1MsoNormal\" style=\"text-align: justify;\">En la ocasi\u00f3n Manuel Vivar, Director Regional de Junaeb destac\u00f3 la importancia del Programa de Alimentaci\u00f3n Escolar. \u00abHoy fue una valiosa jornada de trabajo junto a la seremi de Educaci\u00f3n y representantes de Junji y Fundaci\u00f3n Integra para analizar en conjunto la puesta en marcha del programa de alimentaci\u00f3n escolar, que es uno de los programas m\u00e1s estrat\u00e9gicos para la Junaeb, ya que a trav\u00e9s de la entrega de alimentaci\u00f3n se permite mejorar la asistencia a clases, lo que contribuye a evitar la deserci\u00f3n escolar.<\/p>\n<p class=\"v1MsoNormal\" style=\"text-align: justify;\">Asimismo, el director regional relev\u00f3 la importancia de la coordinaci\u00f3n interinstitucional en este proceso. \u00a0\u00abEn terreno pudimos constatar que el proceso est\u00e1 avanzando con normalidad, que la empresa proveedora ha trabajado para anticipar y resolver eventuales dificultades que surjan en la entrega del servicio. Tambi\u00e9n es importante consolidar un trabajo de estrecha coordinaci\u00f3n entre las instituciones involucradas: seremi de Educaci\u00f3n, Junji y Fundaci\u00f3n Integra para planificar y coordinar este proceso y en conjunto con la empresa hacer frente y solucionar\u00a0 eventuales contingencias o problemas\u00bb.<\/p>\n<p class=\"v1MsoNormal\" style=\"text-align: justify;\">Finalmente el Director Regional de Junaeb se\u00f1al\u00f3 que durante la visita se verific\u00f3 el estado\u00a0 del servicio de alimentaci\u00f3n para la partida del a\u00f1o escolar para su asegurar su llegada adecuada y oportuna a todos los establecimientos educacionales de la regi\u00f3n.<\/p>\n<p class=\"v1MsoNormal\" style=\"text-align: justify;\">En la Regi\u00f3n de Ays\u00e9n el Programa de Alimentaci\u00f3n Escolar PAE, llega 128 establecimientos educacionales, escuelas, liceos y jardines infantiles entregando en promedio 17.370 raciones diarias de almuerzo, \u00a0entregando adem\u00e1s desayunos, onces, colaciones y cenas, seg\u00fan corresponda, a estudiantes en condiciones de desventaja social, econ\u00f3mica o psicol\u00f3gica, con la finalidad de aportar a los requerimientos nutricionales de cada etapa y facilitar la incorporaci\u00f3n y permanencia en el sistema educacional.<\/p>\n<\/div><\/section><\/div><div  style='height:50px' class='hr hr-invisible   avia-builder-el-6  el_after_av_one_full  el_before_av_social_share '><span class='hr-inner ' ><span class='hr-inner-style'><\/span><\/span><\/div><\/p>\n<div  class='av-social-sharing-box  avia-builder-el-7  el_after_av_hr  el_before_av_hr  '><div class='av-share-box'><h5 class='av-share-link-description av-no-toc '>Compartir esta noticia<\/h5><ul class='av-share-box-list noLightbox'><li class='av-share-link av-social-link-facebook' ><a target=\"_blank\" aria-label=\"Compartir en Facebook\" href='https:\/\/www.facebook.com\/sharer.php?u=https:\/\/radiorevelacionfm.cl\/?p=28165&#038;t=Inspeccionan%20abastecimiento%20del%20servicio%20de%20Alimentaci%C3%B3n%20Escolar%20con%20miras%20al%20inicio%20del%20a%C3%B1o%20lectivo%202023' aria-hidden='false' data-av_icon='\ue8f3' data-av_iconfont='entypo-fontello' title='' data-avia-related-tooltip='Compartir en Facebook' rel=\"noopener\"><span class='avia_hidden_link_text'>Compartir en Facebook<\/span><\/a><\/li><li class='av-share-link av-social-link-twitter' ><a target=\"_blank\" aria-label=\"Compartir en Twitter\" href='https:\/\/twitter.com\/share?text=Inspeccionan%20abastecimiento%20del%20servicio%20de%20Alimentaci%C3%B3n%20Escolar%20con%20miras%20al%20inicio%20del%20a%C3%B1o%20lectivo%202023&#038;url=https:\/\/radiorevelacionfm.cl\/?p=28165' aria-hidden='false' data-av_icon='\ue8f1' data-av_iconfont='entypo-fontello' title='' data-avia-related-tooltip='Compartir en Twitter' rel=\"noopener\"><span class='avia_hidden_link_text'>Compartir en Twitter<\/span><\/a><\/li><li class='av-share-link av-social-link-whatsapp' ><a target=\"_blank\" aria-label=\"Compartir en Whatsapp\" href='https:\/\/api.whatsapp.com\/send?text=https:\/\/radiorevelacionfm.cl\/?p=28165' aria-hidden='false' data-av_icon='\uf232' data-av_iconfont='entypo-fontello' title='' data-avia-related-tooltip='Compartir en Whatsapp' rel=\"noopener\"><span class='avia_hidden_link_text'>Compartir en Whatsapp<\/span><\/a><\/li><li class='av-share-link av-social-link-linkedin' ><a target=\"_blank\" aria-label=\"Compartir en LinkedIn\" href='https:\/\/linkedin.com\/shareArticle?mini=true&#038;title=Inspeccionan%20abastecimiento%20del%20servicio%20de%20Alimentaci%C3%B3n%20Escolar%20con%20miras%20al%20inicio%20del%20a%C3%B1o%20lectivo%202023&#038;url=https:\/\/radiorevelacionfm.cl\/?p=28165' aria-hidden='false' data-av_icon='\ue8fc' data-av_iconfont='entypo-fontello' title='' data-avia-related-tooltip='Compartir en LinkedIn' rel=\"noopener\"><span class='avia_hidden_link_text'>Compartir en LinkedIn<\/span><\/a><\/li><li class='av-share-link av-social-link-mail' ><a  aria-label=\"Compartir por correo\" href='mailto:?subject=Inspeccionan%20abastecimiento%20del%20servicio%20de%20Alimentaci%C3%B3n%20Escolar%20con%20miras%20al%20inicio%20del%20a%C3%B1o%20lectivo%202023&#038;body=https:\/\/radiorevelacionfm.cl\/?p=28165' aria-hidden='false' data-av_icon='\ue805' data-av_iconfont='entypo-fontello' title='' data-avia-related-tooltip='Compartir por correo'><span class='avia_hidden_link_text'>Compartir por correo<\/span><\/a><\/li><\/ul><\/div><\/div>\n<div  style='height:50px' class='hr hr-invisible   avia-builder-el-8  el_after_av_social_share  el_before_av_comments_list '><span class='hr-inner ' ><span class='hr-inner-style'><\/span><\/span><\/div>\n<div  class='av-buildercomment  av-blog-meta-html-info-disabled av-blog-meta-tag-disabled  '><\/div>\n","protected":false},"excerpt":{"rendered":"","protected":false},"author":1,"featured_media":28166,"comment_status":"open","ping_status":"open","sticky":false,"template":"","format":"standard","meta":{"footnotes":""},"categories":[49],"tags":[],"class_list":["post-28165","post","type-post","status-publish","format-standard","has-post-thumbnail","hentry","category-educacion"],"jetpack_featured_media_url":"https:\/\/radiorevelacionfm.cl\/wp-content\/uploads\/2023\/02\/bodega-grupal-1_optimized.jpg","_links":{"self":[{"href":"https:\/\/radiorevelacionfm.cl\/index.php?rest_route=\/wp\/v2\/posts\/28165","targetHints":{"allow":["GET"]}}],"collection":[{"href":"https:\/\/radiorevelacionfm.cl\/index.php?rest_route=\/wp\/v2\/posts"}],"about":[{"href":"https:\/\/radiorevelacionfm.cl\/index.php?rest_route=\/wp\/v2\/types\/post"}],"author":[{"embeddable":true,"href":"https:\/\/radiorevelacionfm.cl\/index.php?rest_route=\/wp\/v2\/users\/1"}],"replies":[{"embeddable":true,"href":"https:\/\/radiorevelacionfm.cl\/index.php?rest_route=%2Fwp%2Fv2%2Fcomments&post=28165"}],"version-history":[{"count":2,"href":"https:\/\/radiorevelacionfm.cl\/index.php?rest_route=\/wp\/v2\/posts\/28165\/revisions"}],"predecessor-version":[{"id":28177,"href":"https:\/\/radiorevelacionfm.cl\/index.php?rest_route=\/wp\/v2\/posts\/28165\/revisions\/28177"}],"wp:featuredmedia":[{"embeddable":true,"href":"https:\/\/radiorevelacionfm.cl\/index.php?rest_route=\/wp\/v2\/media\/28166"}],"wp:attachment":[{"href":"https:\/\/radiorevelacionfm.cl\/index.php?rest_route=%2Fwp%2Fv2%2Fmedia&parent=28165"}],"wp:term":[{"taxonomy":"category","embeddable":true,"href":"https:\/\/radiorevelacionfm.cl\/index.php?rest_route=%2Fwp%2Fv2%2Fcategories&post=28165"},{"taxonomy":"post_tag","embeddable":true,"href":"https:\/\/radiorevelacionfm.cl\/index.php?rest_route=%2Fwp%2Fv2%2Ftags&post=28165"}],"curies":[{"name":"wp","href":"https:\/\/api.w.org\/{rel}","templated":true}]}}