{"id":28162,"date":"2023-02-26T15:12:14","date_gmt":"2023-02-26T18:12:14","guid":{"rendered":"https:\/\/radiorevelacionfm.cl\/?p=28162"},"modified":"2023-02-26T15:12:14","modified_gmt":"2023-02-26T18:12:14","slug":"reducir-los-desechos-y-aprender-un-oficio-los-objetivos-del-curso-de-curtiembre-que-se-realizara-en-puerto-guadal","status":"publish","type":"post","link":"https:\/\/radiorevelacionfm.cl\/?p=28162","title":{"rendered":"Reducir los desechos y aprender un oficio: Los objetivos del curso de curtiembre que se realizar\u00e1 en Puerto Guadal"},"content":{"rendered":"<div class=\"flex_column av_one_full  flex_column_div av-zero-column-padding first  avia-builder-el-0  el_before_av_one_full  avia-builder-el-first  \" style='border-radius:0px; '><div  class='avia-image-container  av-styling-    avia-builder-el-1  avia-builder-el-no-sibling  avia-align-center '  itemprop=\"image\" itemscope=\"itemscope\" itemtype=\"https:\/\/schema.org\/ImageObject\"  ><div class='avia-image-container-inner'><div class='avia-image-overlay-wrap'><img decoding=\"async\" class='wp-image-28163 avia-img-lazy-loading-not-28163 avia_image' src=\"https:\/\/radiorevelacionfm.cl\/wp-content\/uploads\/2023\/02\/Curtiembre-3793-Baja-1-1.jpg\" alt='' title='Curtiembre-3793-Baja (1) (1)' height=\"600\" width=\"900\"  itemprop=\"thumbnailUrl\" srcset=\"https:\/\/radiorevelacionfm.cl\/wp-content\/uploads\/2023\/02\/Curtiembre-3793-Baja-1-1.jpg 900w, https:\/\/radiorevelacionfm.cl\/wp-content\/uploads\/2023\/02\/Curtiembre-3793-Baja-1-1-300x200.jpg 300w, https:\/\/radiorevelacionfm.cl\/wp-content\/uploads\/2023\/02\/Curtiembre-3793-Baja-1-1-768x512.jpg 768w, https:\/\/radiorevelacionfm.cl\/wp-content\/uploads\/2023\/02\/Curtiembre-3793-Baja-1-1-705x470.jpg 705w, https:\/\/radiorevelacionfm.cl\/wp-content\/uploads\/2023\/02\/Curtiembre-3793-Baja-1-1-600x400.jpg 600w\" sizes=\"(max-width: 900px) 100vw, 900px\" \/><\/div><\/div><\/div><\/div><div class=\"flex_column av_one_full  flex_column_div av-zero-column-padding first  avia-builder-el-2  el_after_av_one_full  el_before_av_one_full  column-top-margin\" style='border-radius:0px; '><section class=\"av_textblock_section \"  itemscope=\"itemscope\" itemtype=\"https:\/\/schema.org\/BlogPosting\" itemprop=\"blogPost\" ><div class='avia_textblock  '   itemprop=\"text\" ><p style=\"text-align: center;\"><span style=\"font-size: 18pt;\"><b><span lang=\"ES\">Reducir los desechos y aprender un oficio: Los objetivos del curso de curtiembre que se realizar<\/span><\/b><b><span lang=\"X-NONE\">\u00e1 en Puerto Guadal<\/span><\/b><\/span><\/p>\n<div id=\"gtx-trans\" style=\"position: absolute; left: -50px; top: 4.31534px;\">\n<div class=\"gtx-trans-icon\"><\/div>\n<\/div>\n<\/div><\/section><\/div><div class=\"flex_column av_one_full  flex_column_div av-zero-column-padding first  avia-builder-el-4  el_after_av_one_full  el_before_av_hr  column-top-margin\" style='border-radius:0px; '><section class=\"av_textblock_section \"  itemscope=\"itemscope\" itemtype=\"https:\/\/schema.org\/BlogPosting\" itemprop=\"blogPost\" ><div class='avia_textblock  '   itemprop=\"text\" ><p class=\"v1MsoNormal\" style=\"text-align: justify;\"><span lang=\"ES\">El lunes 6 de marzo se iniciar<\/span><span lang=\"X-NONE\">\u00e1 en Puerto Guadal<span class=\"v1gmail-Apple-converted-space\">\u00a0<\/span><\/span><span lang=\"ES\">un completo taller de curtiembre que ejecutar<\/span><span lang=\"X-NONE\">\u00e1 la Junta de Vecinos N8 de la localidad, con recursos del 7% del FNDR del Gobierno Regional de Ays\u00e9n.\u00a0<span class=\"v1gmail-Apple-converted-space\">\u00a0<\/span>El curso ser\u00e1 impartido por Mar\u00eda Castillo, reconocida artesana de Puerto Ingeniero Ib\u00e1\u00f1ez especializada en este oficio.<span class=\"v1gmail-Apple-converted-space\">\u00a0<\/span><\/span><\/p>\n<p class=\"v1MsoNormal\" style=\"text-align: justify;\"><span lang=\"X-NONE\">El objetivo del proyecto, que se desarrollar\u00e1 durante 3 semanas y est\u00e1 dirigido a un grupo de vecino\/as previamente inscritos, es dar utilidad a los cueros que se generan durante la temporada, y que de otra forma terminan como desechos en el vertedero o a orillas de r\u00edos y lagos.\u00a0<span class=\"v1gmail-Apple-converted-space\">\u00a0<\/span>Adem\u00e1s, permitir\u00e1 entregar herramientas a las y los participantes para dar valor agregado a estos subproductos de la ganader\u00eda local.\u00a0<span class=\"v1gmail-Apple-converted-space\">\u00a0<\/span><\/span><\/p>\n<p class=\"v1MsoNormal\" style=\"text-align: justify;\"><span lang=\"X-NONE\">El taller contemplar\u00e1 t\u00e9cnicas de remojo, secado, descarne, curtiembre, lavado, estaqueado, sobado y peinado.\u00a0<span class=\"v1gmail-Apple-converted-space\">\u00a0<\/span>Adem\u00e1s, corte y molduras para elaborar distintos productos de cuero.<\/span><\/p>\n<p class=\"v1MsoNormal\" style=\"text-align: justify;\"><span lang=\"X-NONE\">\u00abPara nosotros como comunidad en Puerto Guadal es muy importante este curso que haremos con apoyo del Gobierno Regional de Ays\u00e9n.\u00a0<span class=\"v1gmail-Apple-converted-space\">\u00a0<\/span>Hemos visto que hay varias acciones que se pueden hacer para reducir los desechos que llegan al vertedero, que como todos sabemos est\u00e1 colapsado.\u00a0<span class=\"v1gmail-Apple-converted-space\">\u00a0<\/span>Adem\u00e1s, permitir\u00e1 a los participantes aprender un oficio que permanecer\u00e1 en el tiempo\u00bb explic\u00f3 la presidenta de la Junta de Vecinos N8, Miriam Chible Contreras.<\/span><\/p>\n<p class=\"v1MsoNormal\" style=\"text-align: justify;\"><span lang=\"ES\">Agreg<\/span><span lang=\"X-NONE\">\u00f3 la dirigenta que \u00abvarios vecinos nos hab\u00edan dicho que quer\u00edan aprender sobre curtiembre.<span class=\"v1gmail-Apple-converted-space\">\u00a0<\/span>\u00a0As\u00ed que nos contactamos con Mar\u00eda Castillo, que sabemos ha hecho muchos\u00a0<span class=\"v1gmail-Apple-converted-space\">\u00a0<\/span>cursos en la cuenca, quien acept\u00f3 el desaf\u00edo.<span class=\"v1gmail-Apple-converted-space\">\u00a0<\/span>\u00a0Se viene el curso, faltan muy pocos d\u00edas para realizarlo y ya tenemos varios vecinos inscritos, porque la verdad es que fueron muchos los interesados\u00bb.\u00a0<span class=\"v1gmail-Apple-converted-space\">\u00a0<\/span>El proyecto incluye la confecci\u00f3n de los implementos necesarios para la realizaci\u00f3n de todo el proceso.<\/span><\/p>\n<p class=\"v1MsoNormal\" style=\"text-align: justify;\"><span lang=\"X-NONE\">La tem\u00e1tica escogida fue priorizada tras una consulta a los propios integrantes de la unidad vecinal, con respecto a qu\u00e9 actividad les interesaba aprender.<\/span><\/p>\n<\/div><\/section><\/div><div  style='height:50px' class='hr hr-invisible   avia-builder-el-6  el_after_av_one_full  el_before_av_social_share '><span class='hr-inner ' ><span class='hr-inner-style'><\/span><\/span><\/div><\/p>\n<div  class='av-social-sharing-box  avia-builder-el-7  el_after_av_hr  el_before_av_hr  '><div class='av-share-box'><h5 class='av-share-link-description av-no-toc '>Compartir esta noticia<\/h5><ul class='av-share-box-list noLightbox'><li class='av-share-link av-social-link-facebook' ><a target=\"_blank\" aria-label=\"Compartir en Facebook\" href='https:\/\/www.facebook.com\/sharer.php?u=https:\/\/radiorevelacionfm.cl\/?p=28162&#038;t=Reducir%20los%20desechos%20y%20aprender%20un%20oficio%3A%20Los%20objetivos%20del%20curso%20de%20curtiembre%20que%20se%20realizar%C3%A1%20en%20Puerto%20Guadal' aria-hidden='false' data-av_icon='\ue8f3' data-av_iconfont='entypo-fontello' title='' data-avia-related-tooltip='Compartir en Facebook' rel=\"noopener\"><span class='avia_hidden_link_text'>Compartir en Facebook<\/span><\/a><\/li><li class='av-share-link av-social-link-twitter' ><a target=\"_blank\" aria-label=\"Compartir en Twitter\" href='https:\/\/twitter.com\/share?text=Reducir%20los%20desechos%20y%20aprender%20un%20oficio%3A%20Los%20objetivos%20del%20curso%20de%20curtiembre%20que%20se%20realizar%C3%A1%20en%20Puerto%20Guadal&#038;url=https:\/\/radiorevelacionfm.cl\/?p=28162' aria-hidden='false' data-av_icon='\ue8f1' data-av_iconfont='entypo-fontello' title='' data-avia-related-tooltip='Compartir en Twitter' rel=\"noopener\"><span class='avia_hidden_link_text'>Compartir en Twitter<\/span><\/a><\/li><li class='av-share-link av-social-link-whatsapp' ><a target=\"_blank\" aria-label=\"Compartir en Whatsapp\" href='https:\/\/api.whatsapp.com\/send?text=https:\/\/radiorevelacionfm.cl\/?p=28162' aria-hidden='false' data-av_icon='\uf232' data-av_iconfont='entypo-fontello' title='' data-avia-related-tooltip='Compartir en Whatsapp' rel=\"noopener\"><span class='avia_hidden_link_text'>Compartir en Whatsapp<\/span><\/a><\/li><li class='av-share-link av-social-link-linkedin' ><a target=\"_blank\" aria-label=\"Compartir en LinkedIn\" href='https:\/\/linkedin.com\/shareArticle?mini=true&#038;title=Reducir%20los%20desechos%20y%20aprender%20un%20oficio%3A%20Los%20objetivos%20del%20curso%20de%20curtiembre%20que%20se%20realizar%C3%A1%20en%20Puerto%20Guadal&#038;url=https:\/\/radiorevelacionfm.cl\/?p=28162' aria-hidden='false' data-av_icon='\ue8fc' data-av_iconfont='entypo-fontello' title='' data-avia-related-tooltip='Compartir en LinkedIn' rel=\"noopener\"><span class='avia_hidden_link_text'>Compartir en LinkedIn<\/span><\/a><\/li><li class='av-share-link av-social-link-mail' ><a  aria-label=\"Compartir por correo\" href='mailto:?subject=Reducir%20los%20desechos%20y%20aprender%20un%20oficio%3A%20Los%20objetivos%20del%20curso%20de%20curtiembre%20que%20se%20realizar%C3%A1%20en%20Puerto%20Guadal&#038;body=https:\/\/radiorevelacionfm.cl\/?p=28162' aria-hidden='false' data-av_icon='\ue805' data-av_iconfont='entypo-fontello' title='' data-avia-related-tooltip='Compartir por correo'><span class='avia_hidden_link_text'>Compartir por correo<\/span><\/a><\/li><\/ul><\/div><\/div>\n<div  style='height:50px' class='hr hr-invisible   avia-builder-el-8  el_after_av_social_share  el_before_av_comments_list '><span class='hr-inner ' ><span class='hr-inner-style'><\/span><\/span><\/div>\n<div  class='av-buildercomment  av-blog-meta-html-info-disabled av-blog-meta-tag-disabled  '><\/div>\n","protected":false},"excerpt":{"rendered":"","protected":false},"author":1,"featured_media":28163,"comment_status":"open","ping_status":"open","sticky":false,"template":"","format":"standard","meta":{"footnotes":""},"categories":[38],"tags":[],"class_list":["post-28162","post","type-post","status-publish","format-standard","has-post-thumbnail","hentry","category-regional"],"jetpack_featured_media_url":"https:\/\/radiorevelacionfm.cl\/wp-content\/uploads\/2023\/02\/Curtiembre-3793-Baja-1-1.jpg","_links":{"self":[{"href":"https:\/\/radiorevelacionfm.cl\/index.php?rest_route=\/wp\/v2\/posts\/28162","targetHints":{"allow":["GET"]}}],"collection":[{"href":"https:\/\/radiorevelacionfm.cl\/index.php?rest_route=\/wp\/v2\/posts"}],"about":[{"href":"https:\/\/radiorevelacionfm.cl\/index.php?rest_route=\/wp\/v2\/types\/post"}],"author":[{"embeddable":true,"href":"https:\/\/radiorevelacionfm.cl\/index.php?rest_route=\/wp\/v2\/users\/1"}],"replies":[{"embeddable":true,"href":"https:\/\/radiorevelacionfm.cl\/index.php?rest_route=%2Fwp%2Fv2%2Fcomments&post=28162"}],"version-history":[{"count":2,"href":"https:\/\/radiorevelacionfm.cl\/index.php?rest_route=\/wp\/v2\/posts\/28162\/revisions"}],"predecessor-version":[{"id":28168,"href":"https:\/\/radiorevelacionfm.cl\/index.php?rest_route=\/wp\/v2\/posts\/28162\/revisions\/28168"}],"wp:featuredmedia":[{"embeddable":true,"href":"https:\/\/radiorevelacionfm.cl\/index.php?rest_route=\/wp\/v2\/media\/28163"}],"wp:attachment":[{"href":"https:\/\/radiorevelacionfm.cl\/index.php?rest_route=%2Fwp%2Fv2%2Fmedia&parent=28162"}],"wp:term":[{"taxonomy":"category","embeddable":true,"href":"https:\/\/radiorevelacionfm.cl\/index.php?rest_route=%2Fwp%2Fv2%2Fcategories&post=28162"},{"taxonomy":"post_tag","embeddable":true,"href":"https:\/\/radiorevelacionfm.cl\/index.php?rest_route=%2Fwp%2Fv2%2Ftags&post=28162"}],"curies":[{"name":"wp","href":"https:\/\/api.w.org\/{rel}","templated":true}]}}