{"id":28153,"date":"2023-02-25T11:19:13","date_gmt":"2023-02-25T14:19:13","guid":{"rendered":"https:\/\/radiorevelacionfm.cl\/?p=28153"},"modified":"2023-02-25T11:19:13","modified_gmt":"2023-02-25T14:19:13","slug":"aprueban-recursos-por-dos-mil-millones-para-obras-en-chacra-g-en-sector-alto-de-coyhaique","status":"publish","type":"post","link":"https:\/\/radiorevelacionfm.cl\/?p=28153","title":{"rendered":"Aprueban recursos por dos mil millones para obras en Chacra G en sector alto de Coyhaique"},"content":{"rendered":"<div class=\"flex_column av_one_full  flex_column_div av-zero-column-padding first  avia-builder-el-0  el_before_av_one_full  avia-builder-el-first  \" style='border-radius:0px; '><div  class='avia-image-container  av-styling-    avia-builder-el-1  avia-builder-el-no-sibling  avia-align-center '  itemprop=\"image\" itemscope=\"itemscope\" itemtype=\"https:\/\/schema.org\/ImageObject\"  ><div class='avia-image-container-inner'><div class='avia-image-overlay-wrap'><img decoding=\"async\" class='wp-image-28154 avia-img-lazy-loading-not-28154 avia_image' src=\"https:\/\/radiorevelacionfm.cl\/wp-content\/uploads\/2023\/02\/1-70-1-1.jpeg\" alt='' title='1 (70) (1) (1)' height=\"600\" width=\"901\"  itemprop=\"thumbnailUrl\" srcset=\"https:\/\/radiorevelacionfm.cl\/wp-content\/uploads\/2023\/02\/1-70-1-1.jpeg 901w, https:\/\/radiorevelacionfm.cl\/wp-content\/uploads\/2023\/02\/1-70-1-1-300x200.jpeg 300w, https:\/\/radiorevelacionfm.cl\/wp-content\/uploads\/2023\/02\/1-70-1-1-768x511.jpeg 768w, https:\/\/radiorevelacionfm.cl\/wp-content\/uploads\/2023\/02\/1-70-1-1-705x469.jpeg 705w, https:\/\/radiorevelacionfm.cl\/wp-content\/uploads\/2023\/02\/1-70-1-1-600x400.jpeg 600w\" sizes=\"(max-width: 901px) 100vw, 901px\" \/><\/div><\/div><\/div><\/div><div class=\"flex_column av_one_full  flex_column_div av-zero-column-padding first  avia-builder-el-2  el_after_av_one_full  el_before_av_one_full  column-top-margin\" style='border-radius:0px; '><section class=\"av_textblock_section \"  itemscope=\"itemscope\" itemtype=\"https:\/\/schema.org\/BlogPosting\" itemprop=\"blogPost\" ><div class='avia_textblock  '   itemprop=\"text\" ><p style=\"text-align: center;\"><strong><span style=\"font-size: 18pt;\">Aprueban recursos por dos mil millones para obras en Chacra G en sector alto de Coyhaique<\/span><\/strong><\/p>\n<div id=\"gtx-trans\" style=\"position: absolute; left: -50px; top: 4.31534px;\">\n<div class=\"gtx-trans-icon\"><\/div>\n<\/div>\n<\/div><\/section><\/div><div class=\"flex_column av_one_full  flex_column_div av-zero-column-padding first  avia-builder-el-4  el_after_av_one_full  el_before_av_hr  column-top-margin\" style='border-radius:0px; '><section class=\"av_textblock_section \"  itemscope=\"itemscope\" itemtype=\"https:\/\/schema.org\/BlogPosting\" itemprop=\"blogPost\" ><div class='avia_textblock  '   itemprop=\"text\" ><p dir=\"ltr\" style=\"text-align: justify;\">Durante la tarde de este viernes el Pleno del Consejo Regional retom\u00f3 las sesiones tras su receso. Uno de los hitos que marc\u00f3 la sesi\u00f3n, fue la aprobaci\u00f3n de dos mil millones de pesos para el financiamiento del proyecto \u00abConstrucci\u00f3n macroinfraestructura Chacra G Esc. Agr\u00edcola Coyhaique\u00bb.<\/p>\n<p dir=\"ltr\" style=\"text-align: justify;\">La Gobernadora Regional destac\u00f3 el rol del Gobierno Regional y su Consejo, luego de que se aceptara la propuesta. El capital permitir\u00e1 \u00abdar inicio a la construcci\u00f3n de esta macroinfraestructura de la Chacra G. En ese sentido, relevar el aporte que significa para cada una de las familias. Son m\u00e1s de mil doscientas viviendas que se van a construir\u00bb.<\/p>\n<p dir=\"ltr\" style=\"text-align: justify;\">Las y los beneficiarios directos ser\u00e1n alrededor de cuatro mil personas, luego de la construcciones, obras, que se desarrollar\u00e1n, m\u00e1s la urbanizaci\u00f3n que habilitar\u00e1 el lote G1.<\/p>\n<p dir=\"ltr\" style=\"text-align: justify;\">Mujeres de ocho comit\u00e9s, entre ellos, Anhelo Austral, La Nueva Esperanza, Entre Patagones, El Chilco de la Patagonia, llegaron hasta la casa central del Gobierno Regional con el objetivo de escuchar la decisi\u00f3n que tomar\u00edan las autoridades regionales.<\/p>\n<p dir=\"ltr\" style=\"text-align: justify;\">Despu\u00e9s de saber el resultado, la presidenta del Comit\u00e9 La Uni\u00f3n, Ivonne Ovalle,\u00a0 acompa\u00f1ada de las otras representantes, manifest\u00f3 su alegr\u00eda \u00abpor lo que se aprob\u00f3 hoy en d\u00eda, los recursos para la parte de la macro y las expropiaciones, que es lo que est\u00e1bamos esperando hace mucho tiempo\u00bb.<\/p>\n<p dir=\"ltr\" style=\"text-align: justify;\">La dirigenta agradeci\u00f3 en la misma instancia a las y los Consejeros, destacando la labor que realizaron dos representantes de la Provincia de Coyhaique, Felipe Klein y Ra\u00fal Rudolphi, adem\u00e1s del apoyo entregado por la Gobernadora Regional, Andrea Mac\u00edas Palma.<\/p>\n<p dir=\"ltr\" style=\"text-align: justify;\">\u00abPudimos aprobar de forma un\u00e1nime dos mil millones de pesos que est\u00e1n destinados a la urbanizaci\u00f3n de un sector que comprende treinta y seis hect\u00e1reas de terreno, correspondiente a la Chacra G, donde se van a construir un n\u00famero muy importante de viviendas para las familias de diversos comit\u00e9s de vivienda de Coyhaique\u00bb, dijo la presidenta de la Comisi\u00f3n de Vivienda, Ordenamiento Territorial e Instrumentos de Planificaci\u00f3n del Consejo Regional, Marisol Mart\u00ednez.<\/p>\n<p dir=\"ltr\" style=\"text-align: justify;\">La instituci\u00f3n formuladora del proyecto fue la Secretar\u00eda Regional Ministerial de Vivienda y Urbanismo. \u00abEsto implica que ya tenemos la parte del financiamiento que nos estaba faltando. Nosotros ya estamos en condiciones de planificar iniciar las obras f\u00edsicas este a\u00f1o en la Chacra G 1\u00bb, inform\u00f3 el director (s) del Servicio de Vivienda y Urbanismo (Serviu), Eduardo Navarro.<\/p>\n<p dir=\"ltr\" style=\"text-align: justify;\">Concesiones<\/p>\n<p dir=\"ltr\" style=\"text-align: justify;\">Otras dos aprobaciones acerca de propuestas de opini\u00f3n favorable se realizaron en el Pleno del Consejo Regional, ambas de concesiones de uso gratuito. La primera en discusi\u00f3n fue a favor de la municipalidad de Chile Chico, sobre un inmueble fiscal con una superficie de 40,17 hect\u00e1reas.<\/p>\n<p dir=\"ltr\" style=\"text-align: justify;\">La siguiente correspondi\u00f3 a la Ilustre Municipalidad de Tortel, otro inmueble fiscal, de siete mil doscientos quince metros cuadrados. Es por ello, que la alcaldesa (s) de la comuna, Roc\u00edo Lobos, manifest\u00f3 su alegr\u00eda luego de que en el Consejo Regional aceptaran.\u00a0 Explic\u00f3 que dentro de los aspectos que considera es \u00abel poder mejorar el ordenamiento territorial del sector rotonda para poder descongestionar as\u00ed este espacio y contemplar en el patio municipal, el estacionamiento de veh\u00edculos y tambi\u00e9n bodegaje\u00bb.<\/p>\n<p dir=\"ltr\" style=\"text-align: justify;\">Desde la Comisi\u00f3n de Regionalizaci\u00f3n, Integraci\u00f3n Territorial y Medio Ambiente (RIMA) del Consejo Regional, Paulina Hern\u00e1ndez, su presidenta destac\u00f3 la iniciativa del municipal as\u00ed como los beneficios que tendr\u00e1.<\/p>\n<p style=\"text-align: justify;\">Parte del espacio podr\u00e1 servir para un galp\u00f3n con el objetivo de \u00absecar madera. Recordemos que Caleta Tortel es muy famoso por la acci\u00f3n maderera de cipr\u00e9s de las Guaitecas\u00bb, asever\u00f3 la Consejera.<\/p>\n<\/div><\/section><\/div><div  style='height:50px' class='hr hr-invisible   avia-builder-el-6  el_after_av_one_full  el_before_av_social_share '><span class='hr-inner ' ><span class='hr-inner-style'><\/span><\/span><\/div><\/p>\n<div  class='av-social-sharing-box  avia-builder-el-7  el_after_av_hr  el_before_av_hr  '><div class='av-share-box'><h5 class='av-share-link-description av-no-toc '>Compartir esta noticia<\/h5><ul class='av-share-box-list noLightbox'><li class='av-share-link av-social-link-facebook' ><a target=\"_blank\" aria-label=\"Compartir en Facebook\" href='https:\/\/www.facebook.com\/sharer.php?u=https:\/\/radiorevelacionfm.cl\/?p=28153&#038;t=Aprueban%20recursos%20por%20dos%20mil%20millones%20para%20obras%20en%20Chacra%20G%20en%20sector%20alto%20de%20Coyhaique' aria-hidden='false' data-av_icon='\ue8f3' data-av_iconfont='entypo-fontello' title='' data-avia-related-tooltip='Compartir en Facebook' rel=\"noopener\"><span class='avia_hidden_link_text'>Compartir en Facebook<\/span><\/a><\/li><li class='av-share-link av-social-link-twitter' ><a target=\"_blank\" aria-label=\"Compartir en Twitter\" href='https:\/\/twitter.com\/share?text=Aprueban%20recursos%20por%20dos%20mil%20millones%20para%20obras%20en%20Chacra%20G%20en%20sector%20alto%20de%20Coyhaique&#038;url=https:\/\/radiorevelacionfm.cl\/?p=28153' aria-hidden='false' data-av_icon='\ue8f1' data-av_iconfont='entypo-fontello' title='' data-avia-related-tooltip='Compartir en Twitter' rel=\"noopener\"><span class='avia_hidden_link_text'>Compartir en Twitter<\/span><\/a><\/li><li class='av-share-link av-social-link-whatsapp' ><a target=\"_blank\" aria-label=\"Compartir en Whatsapp\" href='https:\/\/api.whatsapp.com\/send?text=https:\/\/radiorevelacionfm.cl\/?p=28153' aria-hidden='false' data-av_icon='\uf232' data-av_iconfont='entypo-fontello' title='' data-avia-related-tooltip='Compartir en Whatsapp' rel=\"noopener\"><span class='avia_hidden_link_text'>Compartir en Whatsapp<\/span><\/a><\/li><li class='av-share-link av-social-link-linkedin' ><a target=\"_blank\" aria-label=\"Compartir en LinkedIn\" href='https:\/\/linkedin.com\/shareArticle?mini=true&#038;title=Aprueban%20recursos%20por%20dos%20mil%20millones%20para%20obras%20en%20Chacra%20G%20en%20sector%20alto%20de%20Coyhaique&#038;url=https:\/\/radiorevelacionfm.cl\/?p=28153' aria-hidden='false' data-av_icon='\ue8fc' data-av_iconfont='entypo-fontello' title='' data-avia-related-tooltip='Compartir en LinkedIn' rel=\"noopener\"><span class='avia_hidden_link_text'>Compartir en LinkedIn<\/span><\/a><\/li><li class='av-share-link av-social-link-mail' ><a  aria-label=\"Compartir por correo\" href='mailto:?subject=Aprueban%20recursos%20por%20dos%20mil%20millones%20para%20obras%20en%20Chacra%20G%20en%20sector%20alto%20de%20Coyhaique&#038;body=https:\/\/radiorevelacionfm.cl\/?p=28153' aria-hidden='false' data-av_icon='\ue805' data-av_iconfont='entypo-fontello' title='' data-avia-related-tooltip='Compartir por correo'><span class='avia_hidden_link_text'>Compartir por correo<\/span><\/a><\/li><\/ul><\/div><\/div>\n<div  style='height:50px' class='hr hr-invisible   avia-builder-el-8  el_after_av_social_share  el_before_av_comments_list '><span class='hr-inner ' ><span class='hr-inner-style'><\/span><\/span><\/div>\n<div  class='av-buildercomment  av-blog-meta-html-info-disabled av-blog-meta-tag-disabled  '><\/div>\n","protected":false},"excerpt":{"rendered":"","protected":false},"author":1,"featured_media":28154,"comment_status":"open","ping_status":"open","sticky":false,"template":"","format":"standard","meta":{"footnotes":""},"categories":[38],"tags":[],"class_list":["post-28153","post","type-post","status-publish","format-standard","has-post-thumbnail","hentry","category-regional"],"jetpack_featured_media_url":"https:\/\/radiorevelacionfm.cl\/wp-content\/uploads\/2023\/02\/1-70-1-1.jpeg","_links":{"self":[{"href":"https:\/\/radiorevelacionfm.cl\/index.php?rest_route=\/wp\/v2\/posts\/28153","targetHints":{"allow":["GET"]}}],"collection":[{"href":"https:\/\/radiorevelacionfm.cl\/index.php?rest_route=\/wp\/v2\/posts"}],"about":[{"href":"https:\/\/radiorevelacionfm.cl\/index.php?rest_route=\/wp\/v2\/types\/post"}],"author":[{"embeddable":true,"href":"https:\/\/radiorevelacionfm.cl\/index.php?rest_route=\/wp\/v2\/users\/1"}],"replies":[{"embeddable":true,"href":"https:\/\/radiorevelacionfm.cl\/index.php?rest_route=%2Fwp%2Fv2%2Fcomments&post=28153"}],"version-history":[{"count":2,"href":"https:\/\/radiorevelacionfm.cl\/index.php?rest_route=\/wp\/v2\/posts\/28153\/revisions"}],"predecessor-version":[{"id":28158,"href":"https:\/\/radiorevelacionfm.cl\/index.php?rest_route=\/wp\/v2\/posts\/28153\/revisions\/28158"}],"wp:featuredmedia":[{"embeddable":true,"href":"https:\/\/radiorevelacionfm.cl\/index.php?rest_route=\/wp\/v2\/media\/28154"}],"wp:attachment":[{"href":"https:\/\/radiorevelacionfm.cl\/index.php?rest_route=%2Fwp%2Fv2%2Fmedia&parent=28153"}],"wp:term":[{"taxonomy":"category","embeddable":true,"href":"https:\/\/radiorevelacionfm.cl\/index.php?rest_route=%2Fwp%2Fv2%2Fcategories&post=28153"},{"taxonomy":"post_tag","embeddable":true,"href":"https:\/\/radiorevelacionfm.cl\/index.php?rest_route=%2Fwp%2Fv2%2Ftags&post=28153"}],"curies":[{"name":"wp","href":"https:\/\/api.w.org\/{rel}","templated":true}]}}