{"id":28147,"date":"2023-02-25T10:16:23","date_gmt":"2023-02-25T13:16:23","guid":{"rendered":"https:\/\/radiorevelacionfm.cl\/?p=28147"},"modified":"2023-02-25T10:16:23","modified_gmt":"2023-02-25T13:16:23","slug":"destacan-transferencias-gratuitas-de-inmuebles-fiscales-y-su-contribucion-al-desarrollo-de-proyectos-habitacionales-en-la-region","status":"publish","type":"post","link":"https:\/\/radiorevelacionfm.cl\/?p=28147","title":{"rendered":"Destacan transferencias gratuitas de inmuebles fiscales y su contribuci\u00f3n al desarrollo de proyectos habitacionales en la regi\u00f3n"},"content":{"rendered":"<div class=\"flex_column av_one_full  flex_column_div av-zero-column-padding first  avia-builder-el-0  el_before_av_one_full  avia-builder-el-first  \" style='border-radius:0px; '><div  class='avia-image-container  av-styling-    avia-builder-el-1  avia-builder-el-no-sibling  avia-align-center '  itemprop=\"image\" itemscope=\"itemscope\" itemtype=\"https:\/\/schema.org\/ImageObject\"  ><div class='avia-image-container-inner'><div class='avia-image-overlay-wrap'><img decoding=\"async\" class='wp-image-28148 avia-img-lazy-loading-not-28148 avia_image' src=\"https:\/\/radiorevelacionfm.cl\/wp-content\/uploads\/2023\/02\/1-2023-02-24T161500.831-1-1.jpg\" alt='' title='1 - 2023-02-24T161500.831 (1) (1)' height=\"600\" width=\"900\"  itemprop=\"thumbnailUrl\" srcset=\"https:\/\/radiorevelacionfm.cl\/wp-content\/uploads\/2023\/02\/1-2023-02-24T161500.831-1-1.jpg 900w, https:\/\/radiorevelacionfm.cl\/wp-content\/uploads\/2023\/02\/1-2023-02-24T161500.831-1-1-300x200.jpg 300w, https:\/\/radiorevelacionfm.cl\/wp-content\/uploads\/2023\/02\/1-2023-02-24T161500.831-1-1-768x512.jpg 768w, https:\/\/radiorevelacionfm.cl\/wp-content\/uploads\/2023\/02\/1-2023-02-24T161500.831-1-1-705x470.jpg 705w, https:\/\/radiorevelacionfm.cl\/wp-content\/uploads\/2023\/02\/1-2023-02-24T161500.831-1-1-600x400.jpg 600w\" sizes=\"(max-width: 900px) 100vw, 900px\" \/><\/div><\/div><\/div><\/div><div class=\"flex_column av_one_full  flex_column_div av-zero-column-padding first  avia-builder-el-2  el_after_av_one_full  el_before_av_one_full  column-top-margin\" style='border-radius:0px; '><section class=\"av_textblock_section \"  itemscope=\"itemscope\" itemtype=\"https:\/\/schema.org\/BlogPosting\" itemprop=\"blogPost\" ><div class='avia_textblock  '   itemprop=\"text\" ><p style=\"text-align: center;\"><strong><span style=\"font-size: 18pt;\">Destacan transferencias gratuitas de inmuebles fiscales y su contribuci\u00f3n al desarrollo de proyectos habitacionales en la regi\u00f3n<\/span><\/strong><\/p>\n<div id=\"gtx-trans\" style=\"position: absolute; left: -50px; top: 4.31534px;\">\n<div class=\"gtx-trans-icon\"><\/div>\n<\/div>\n<\/div><\/section><\/div><div class=\"flex_column av_one_full  flex_column_div av-zero-column-padding first  avia-builder-el-4  el_after_av_one_full  el_before_av_hr  column-top-margin\" style='border-radius:0px; '><section class=\"av_textblock_section \"  itemscope=\"itemscope\" itemtype=\"https:\/\/schema.org\/BlogPosting\" itemprop=\"blogPost\" ><div class='avia_textblock  '   itemprop=\"text\" ><p style=\"text-align: justify;\"><em>Durante el a\u00f1o pasado la Seremi de Bienes Nacionales Ays\u00e9n finaliz\u00f3 exitosamente la transferencia de tres inmuebles fiscales al Serviu Ays\u00e9n, y otras 11 est\u00e1n en proceso. <\/em><\/p>\n<p style=\"text-align: justify;\">Una de las prioridades para el Gobierno del Presidente Gabriel Boric es reducir el d\u00e9ficit habitacional del pa\u00eds, asumiendo como compromiso la entrega progresiva de aproximadamente 260 mil viviendas durante su administraci\u00f3n, y en el caso de la regi\u00f3n de Ays\u00e9n, superar la meta de construcci\u00f3n de m\u00e1s de 1.200 viviendas dignas.<\/p>\n<p style=\"text-align: justify;\">Para cumplir con este compromiso, los ministerios involucrados y sus correspondientes secretar\u00edas regionales de Ays\u00e9n, instalaron durante el primer semestre de 2022 una mesa de trabajo, que permiti\u00f3 cohesionar a los equipos t\u00e9cnicos y as\u00ed agilizar los procesos administrativos que den como resultado las transferencias gratuitas desde Bienes Nacionales a Minvu \u2013 Serviu de los inmuebles fiscales requeridos por estos \u00faltimos, logr\u00e1ndose as\u00ed la concreci\u00f3n de tres transferencias durante 2022, espec\u00edficamente en las comunas de Coyhaique, Cochrane y Chile Chico.<\/p>\n<p style=\"text-align: justify;\">\u201cDurante nuestra administraci\u00f3n como Ministerio de Bienes Nacionales, hemos tomado como uno de nuestros principales desaf\u00edos el trabajar coordinadamente con el Minvu y Serviu para contribuir en reducir el d\u00e9ficit habitacional con sentido de urgencia, como nos ha encargado nuestro Presidente Gabriel Boric. Para ello, nuestro Ministerio cuenta con la facultad normativa de la Transferencia Gratuita, herramienta que hemos puesto a disposici\u00f3n de forma exclusiva para apoyar en la meta regional de Serviu de construir m\u00e1s de 1200 viviendas. As\u00ed tambi\u00e9n, seguiremos trabajando en robustecer la planificaci\u00f3n del banco de suelo p\u00fablico para, m\u00e1s all\u00e1 de este periodo de Gobierno, dar continuidad al trabajo coordinado entre Bienes Nacionales y Minvu, y de esta forma, contar con los inmuebles en la medida que los proyectos habitacionales se vayan desarrollando por parte de la cartera de vivienda\u201d, puntualiz\u00f3 Irina Morend Valdebenito, Seremi de Bienes Nacionales Ays\u00e9n.<\/p>\n<p style=\"text-align: justify;\"><strong>\u00bfQu\u00e9 es la Transferencia Gratuita?<\/strong><\/p>\n<p style=\"text-align: justify;\">Es un acto administrativo por el cual se transfiere el dominio de un bien ra\u00edz fiscal, de manera gratuita, a entidades que se encuentran determinadas en la ley (D.L. N\u00ba 1.939 de 1977).<\/p>\n<p style=\"text-align: justify;\">La transferencia se otorga excepcionalmente y s\u00f3lo por motivos justificados, en este caso, para contribuir a reducir el d\u00e9ficit habitacional del pa\u00eds.<\/p>\n<p style=\"text-align: justify;\">Morend Valdebenito, destac\u00f3 que a nivel pa\u00eds la regi\u00f3n de Ays\u00e9n es una de las que m\u00e1s transferencias gratuitas se encuentra tramitando. \u201cEstamos cumpliendo con uno de nuestros principales lineamientos ministeriales, con el fin de que a medida que avanzan los proyectos habitacionales en la cartera de vivienda, el terreno fiscal ya estar\u00e1 dispuesto para cuando se organice la demanda\u201d, puntualiz\u00f3 la seremi de Bienes Nacionales.<\/p>\n<\/div><\/section><\/div><div  style='height:50px' class='hr hr-invisible   avia-builder-el-6  el_after_av_one_full  el_before_av_social_share '><span class='hr-inner ' ><span class='hr-inner-style'><\/span><\/span><\/div><\/p>\n<div  class='av-social-sharing-box  avia-builder-el-7  el_after_av_hr  el_before_av_hr  '><div class='av-share-box'><h5 class='av-share-link-description av-no-toc '>Compartir esta noticia<\/h5><ul class='av-share-box-list noLightbox'><li class='av-share-link av-social-link-facebook' ><a target=\"_blank\" aria-label=\"Compartir en Facebook\" href='https:\/\/www.facebook.com\/sharer.php?u=https:\/\/radiorevelacionfm.cl\/?p=28147&#038;t=Destacan%20transferencias%20gratuitas%20de%20inmuebles%20fiscales%20y%20su%20contribuci%C3%B3n%20al%20desarrollo%20de%20proyectos%20habitacionales%20en%20la%20regi%C3%B3n' aria-hidden='false' data-av_icon='\ue8f3' data-av_iconfont='entypo-fontello' title='' data-avia-related-tooltip='Compartir en Facebook' rel=\"noopener\"><span class='avia_hidden_link_text'>Compartir en Facebook<\/span><\/a><\/li><li class='av-share-link av-social-link-twitter' ><a target=\"_blank\" aria-label=\"Compartir en Twitter\" href='https:\/\/twitter.com\/share?text=Destacan%20transferencias%20gratuitas%20de%20inmuebles%20fiscales%20y%20su%20contribuci%C3%B3n%20al%20desarrollo%20de%20proyectos%20habitacionales%20en%20la%20regi%C3%B3n&#038;url=https:\/\/radiorevelacionfm.cl\/?p=28147' aria-hidden='false' data-av_icon='\ue8f1' data-av_iconfont='entypo-fontello' title='' data-avia-related-tooltip='Compartir en Twitter' rel=\"noopener\"><span class='avia_hidden_link_text'>Compartir en Twitter<\/span><\/a><\/li><li class='av-share-link av-social-link-whatsapp' ><a target=\"_blank\" aria-label=\"Compartir en Whatsapp\" href='https:\/\/api.whatsapp.com\/send?text=https:\/\/radiorevelacionfm.cl\/?p=28147' aria-hidden='false' data-av_icon='\uf232' data-av_iconfont='entypo-fontello' title='' data-avia-related-tooltip='Compartir en Whatsapp' rel=\"noopener\"><span class='avia_hidden_link_text'>Compartir en Whatsapp<\/span><\/a><\/li><li class='av-share-link av-social-link-linkedin' ><a target=\"_blank\" aria-label=\"Compartir en LinkedIn\" href='https:\/\/linkedin.com\/shareArticle?mini=true&#038;title=Destacan%20transferencias%20gratuitas%20de%20inmuebles%20fiscales%20y%20su%20contribuci%C3%B3n%20al%20desarrollo%20de%20proyectos%20habitacionales%20en%20la%20regi%C3%B3n&#038;url=https:\/\/radiorevelacionfm.cl\/?p=28147' aria-hidden='false' data-av_icon='\ue8fc' data-av_iconfont='entypo-fontello' title='' data-avia-related-tooltip='Compartir en LinkedIn' rel=\"noopener\"><span class='avia_hidden_link_text'>Compartir en LinkedIn<\/span><\/a><\/li><li class='av-share-link av-social-link-mail' ><a  aria-label=\"Compartir por correo\" href='mailto:?subject=Destacan%20transferencias%20gratuitas%20de%20inmuebles%20fiscales%20y%20su%20contribuci%C3%B3n%20al%20desarrollo%20de%20proyectos%20habitacionales%20en%20la%20regi%C3%B3n&#038;body=https:\/\/radiorevelacionfm.cl\/?p=28147' aria-hidden='false' data-av_icon='\ue805' data-av_iconfont='entypo-fontello' title='' data-avia-related-tooltip='Compartir por correo'><span class='avia_hidden_link_text'>Compartir por correo<\/span><\/a><\/li><\/ul><\/div><\/div>\n<div  style='height:50px' class='hr hr-invisible   avia-builder-el-8  el_after_av_social_share  el_before_av_comments_list '><span class='hr-inner ' ><span class='hr-inner-style'><\/span><\/span><\/div>\n<div  class='av-buildercomment  av-blog-meta-html-info-disabled av-blog-meta-tag-disabled  '><\/div>\n","protected":false},"excerpt":{"rendered":"","protected":false},"author":1,"featured_media":28148,"comment_status":"open","ping_status":"open","sticky":false,"template":"","format":"standard","meta":{"footnotes":""},"categories":[38],"tags":[],"class_list":["post-28147","post","type-post","status-publish","format-standard","has-post-thumbnail","hentry","category-regional"],"jetpack_featured_media_url":"https:\/\/radiorevelacionfm.cl\/wp-content\/uploads\/2023\/02\/1-2023-02-24T161500.831-1-1.jpg","_links":{"self":[{"href":"https:\/\/radiorevelacionfm.cl\/index.php?rest_route=\/wp\/v2\/posts\/28147","targetHints":{"allow":["GET"]}}],"collection":[{"href":"https:\/\/radiorevelacionfm.cl\/index.php?rest_route=\/wp\/v2\/posts"}],"about":[{"href":"https:\/\/radiorevelacionfm.cl\/index.php?rest_route=\/wp\/v2\/types\/post"}],"author":[{"embeddable":true,"href":"https:\/\/radiorevelacionfm.cl\/index.php?rest_route=\/wp\/v2\/users\/1"}],"replies":[{"embeddable":true,"href":"https:\/\/radiorevelacionfm.cl\/index.php?rest_route=%2Fwp%2Fv2%2Fcomments&post=28147"}],"version-history":[{"count":3,"href":"https:\/\/radiorevelacionfm.cl\/index.php?rest_route=\/wp\/v2\/posts\/28147\/revisions"}],"predecessor-version":[{"id":28156,"href":"https:\/\/radiorevelacionfm.cl\/index.php?rest_route=\/wp\/v2\/posts\/28147\/revisions\/28156"}],"wp:featuredmedia":[{"embeddable":true,"href":"https:\/\/radiorevelacionfm.cl\/index.php?rest_route=\/wp\/v2\/media\/28148"}],"wp:attachment":[{"href":"https:\/\/radiorevelacionfm.cl\/index.php?rest_route=%2Fwp%2Fv2%2Fmedia&parent=28147"}],"wp:term":[{"taxonomy":"category","embeddable":true,"href":"https:\/\/radiorevelacionfm.cl\/index.php?rest_route=%2Fwp%2Fv2%2Fcategories&post=28147"},{"taxonomy":"post_tag","embeddable":true,"href":"https:\/\/radiorevelacionfm.cl\/index.php?rest_route=%2Fwp%2Fv2%2Ftags&post=28147"}],"curies":[{"name":"wp","href":"https:\/\/api.w.org\/{rel}","templated":true}]}}