{"id":28122,"date":"2023-02-24T10:36:58","date_gmt":"2023-02-24T13:36:58","guid":{"rendered":"https:\/\/radiorevelacionfm.cl\/?p=28122"},"modified":"2023-02-24T10:36:58","modified_gmt":"2023-02-24T13:36:58","slug":"caleta-tortel-modernizara-su-sistema-de-iluminacion-con-proyecto-de-luminarias-en-la-via-publica","status":"publish","type":"post","link":"https:\/\/radiorevelacionfm.cl\/?p=28122","title":{"rendered":"Caleta Tortel modernizar\u00e1 su sistema de iluminaci\u00f3n con proyecto de luminarias en la v\u00eda p\u00fablica"},"content":{"rendered":"<div class=\"flex_column av_one_full  flex_column_div av-zero-column-padding first  avia-builder-el-0  el_before_av_one_full  avia-builder-el-first  \" style='border-radius:0px; '><div  class='avia-image-container  av-styling-    avia-builder-el-1  avia-builder-el-no-sibling  avia-align-center '  itemprop=\"image\" itemscope=\"itemscope\" itemtype=\"https:\/\/schema.org\/ImageObject\"  ><div class='avia-image-container-inner'><div class='avia-image-overlay-wrap'><img decoding=\"async\" class='wp-image-28123 avia-img-lazy-loading-not-28123 avia_image' src=\"https:\/\/radiorevelacionfm.cl\/wp-content\/uploads\/2023\/02\/Tortel-Luminarias-1-1.jpg\" alt='' title='Tortel Luminarias (1) (1)' height=\"600\" width=\"797\"  itemprop=\"thumbnailUrl\" srcset=\"https:\/\/radiorevelacionfm.cl\/wp-content\/uploads\/2023\/02\/Tortel-Luminarias-1-1.jpg 797w, https:\/\/radiorevelacionfm.cl\/wp-content\/uploads\/2023\/02\/Tortel-Luminarias-1-1-300x226.jpg 300w, https:\/\/radiorevelacionfm.cl\/wp-content\/uploads\/2023\/02\/Tortel-Luminarias-1-1-768x578.jpg 768w, https:\/\/radiorevelacionfm.cl\/wp-content\/uploads\/2023\/02\/Tortel-Luminarias-1-1-705x531.jpg 705w, https:\/\/radiorevelacionfm.cl\/wp-content\/uploads\/2023\/02\/Tortel-Luminarias-1-1-600x452.jpg 600w\" sizes=\"(max-width: 797px) 100vw, 797px\" \/><\/div><\/div><\/div><\/div><div class=\"flex_column av_one_full  flex_column_div av-zero-column-padding first  avia-builder-el-2  el_after_av_one_full  el_before_av_one_full  column-top-margin\" style='border-radius:0px; '><section class=\"av_textblock_section \"  itemscope=\"itemscope\" itemtype=\"https:\/\/schema.org\/BlogPosting\" itemprop=\"blogPost\" ><div class='avia_textblock  '   itemprop=\"text\" ><p style=\"text-align: center;\"><strong><span style=\"font-size: 18pt;\">Caleta Tortel modernizar\u00e1 su sistema de iluminaci\u00f3n con proyecto de luminarias en la v\u00eda p\u00fablica<\/span><\/strong><\/p>\n<div id=\"gtx-trans\" style=\"position: absolute; left: -50px; top: 4.31534px;\">\n<div class=\"gtx-trans-icon\"><\/div>\n<\/div>\n<\/div><\/section><\/div><div class=\"flex_column av_one_full  flex_column_div av-zero-column-padding first  avia-builder-el-4  el_after_av_one_full  el_before_av_hr  column-top-margin\" style='border-radius:0px; '><section class=\"av_textblock_section \"  itemscope=\"itemscope\" itemtype=\"https:\/\/schema.org\/BlogPosting\" itemprop=\"blogPost\" ><div class='avia_textblock  '   itemprop=\"text\" ><p style=\"text-align: justify;\">La iniciativa cuenta con validaci\u00f3n ciudadana, a partir de un trabajo conjunto entre organizaciones de la sociedad civil y el departamento de SECPLAN, adem\u00e1s de ser parte de los compromisos consignados en el Plan de Desarrollo Comunal 2022-2030.<\/p>\n<p style=\"text-align: justify;\">El compromiso por mejorar la infraestructura local, es parte trascendental de la pauta de trabajo del alcalde Abel Becerra Vidal, edil de la comuna de Tortel. Y es que, con inversi\u00f3n directa de SUBDERE, tras un vinculante trabajo con organizaciones comunitarias, en conjunto con la labor del departamento de SECPLA, se defini\u00f3 la importancia de implementar nuevas luminarias en la v\u00eda p\u00fablica.<\/p>\n<p style=\"text-align: justify;\">Ser\u00e1n 40 luminarias fotovoltaicas las que estar\u00e1n desplegadas en distintos sectores de la comuna, especialmente, en el \u00e1rea de la rotonda, pasarelas y muelles de embarcaciones. La instalaci\u00f3n en estos puntos, fue considerada estrat\u00e9gica para reforzar la seguridad nocturna para vecinos y visitantes del territorio.<\/p>\n<p style=\"text-align: justify;\">\u201cPara nosotros es un proyecto que la ciudadan\u00eda estaba pidiendo. Si bien recibimos bastantes visitas, en la din\u00e1mica comunal es muy necesario contar con luz en tiempo de invierno, momento en que oscurece m\u00e1s temprano\u201d asegura el alcalde de Tortel, Abel Becerra Vidal.<\/p>\n<p style=\"text-align: justify;\">Desde ah\u00ed, Roc\u00edo Lobos, directora de SECPLAN, refuerza lo mencionado por la autoridad comunal, enfatizando en que con este proyecto se contar\u00e1 con energ\u00eda eficiente y renovable, \u201cya que los focos tienen sensor de encendido y estar\u00e1n programadas para funcionar en las horas de mayor oscuridad\u201d, a\u00f1ade.<\/p>\n<p style=\"text-align: justify;\">En ese sentido, la co-creaci\u00f3n del proyecto evidencia la relevancia de tener un trabajo sostenido entre la sociedad civil y la administraci\u00f3n p\u00fablica, a modo de relevar sensaciones y necesidades de la poblaci\u00f3n local, punto que est\u00e1 siendo enfatizado en el desarrollo de esta moci\u00f3n.<\/p>\n<p style=\"text-align: justify;\">Desde ah\u00ed, para Francisca Pinilla, vecina y socia de la Junta de Vecinos de Rinc\u00f3n Alto, la iniciativa le parece excelente, sobre todo considerando que los tramos considerados se complementan a otros considerados por su organizaci\u00f3n, en el marco de la ejecuci\u00f3n de otro proyecto ciudadano.<\/p>\n<p style=\"text-align: justify;\">La empresa Sociedad Dual Service SPA, ser\u00e1 quien se har\u00e1 cargo de la realizaci\u00f3n del proyecto. As\u00ed, con una inversi\u00f3n que supera los 74 millones, la apuesta ser\u00e1 por el abastecimiento lum\u00ednico a partir de la energ\u00eda solar, elemento novedoso para implementarse en la comuna de Tortel, lugar que cuenta desde hace poco tiempo con un suministro constante de electricidad.<\/p>\n<\/div><\/section><\/div><div  style='height:50px' class='hr hr-invisible   avia-builder-el-6  el_after_av_one_full  el_before_av_social_share '><span class='hr-inner ' ><span class='hr-inner-style'><\/span><\/span><\/div><\/p>\n<div  class='av-social-sharing-box  avia-builder-el-7  el_after_av_hr  el_before_av_hr  '><div class='av-share-box'><h5 class='av-share-link-description av-no-toc '>Compartir esta noticia<\/h5><ul class='av-share-box-list noLightbox'><li class='av-share-link av-social-link-facebook' ><a target=\"_blank\" aria-label=\"Compartir en Facebook\" href='https:\/\/www.facebook.com\/sharer.php?u=https:\/\/radiorevelacionfm.cl\/?p=28122&#038;t=Caleta%20Tortel%20modernizar%C3%A1%20su%20sistema%20de%20iluminaci%C3%B3n%20con%20proyecto%20de%20luminarias%20en%20la%20v%C3%ADa%20p%C3%BAblica' aria-hidden='false' data-av_icon='\ue8f3' data-av_iconfont='entypo-fontello' title='' data-avia-related-tooltip='Compartir en Facebook' rel=\"noopener\"><span class='avia_hidden_link_text'>Compartir en Facebook<\/span><\/a><\/li><li class='av-share-link av-social-link-twitter' ><a target=\"_blank\" aria-label=\"Compartir en Twitter\" href='https:\/\/twitter.com\/share?text=Caleta%20Tortel%20modernizar%C3%A1%20su%20sistema%20de%20iluminaci%C3%B3n%20con%20proyecto%20de%20luminarias%20en%20la%20v%C3%ADa%20p%C3%BAblica&#038;url=https:\/\/radiorevelacionfm.cl\/?p=28122' aria-hidden='false' data-av_icon='\ue8f1' data-av_iconfont='entypo-fontello' title='' data-avia-related-tooltip='Compartir en Twitter' rel=\"noopener\"><span class='avia_hidden_link_text'>Compartir en Twitter<\/span><\/a><\/li><li class='av-share-link av-social-link-whatsapp' ><a target=\"_blank\" aria-label=\"Compartir en Whatsapp\" href='https:\/\/api.whatsapp.com\/send?text=https:\/\/radiorevelacionfm.cl\/?p=28122' aria-hidden='false' data-av_icon='\uf232' data-av_iconfont='entypo-fontello' title='' data-avia-related-tooltip='Compartir en Whatsapp' rel=\"noopener\"><span class='avia_hidden_link_text'>Compartir en Whatsapp<\/span><\/a><\/li><li class='av-share-link av-social-link-linkedin' ><a target=\"_blank\" aria-label=\"Compartir en LinkedIn\" href='https:\/\/linkedin.com\/shareArticle?mini=true&#038;title=Caleta%20Tortel%20modernizar%C3%A1%20su%20sistema%20de%20iluminaci%C3%B3n%20con%20proyecto%20de%20luminarias%20en%20la%20v%C3%ADa%20p%C3%BAblica&#038;url=https:\/\/radiorevelacionfm.cl\/?p=28122' aria-hidden='false' data-av_icon='\ue8fc' data-av_iconfont='entypo-fontello' title='' data-avia-related-tooltip='Compartir en LinkedIn' rel=\"noopener\"><span class='avia_hidden_link_text'>Compartir en LinkedIn<\/span><\/a><\/li><li class='av-share-link av-social-link-mail' ><a  aria-label=\"Compartir por correo\" href='mailto:?subject=Caleta%20Tortel%20modernizar%C3%A1%20su%20sistema%20de%20iluminaci%C3%B3n%20con%20proyecto%20de%20luminarias%20en%20la%20v%C3%ADa%20p%C3%BAblica&#038;body=https:\/\/radiorevelacionfm.cl\/?p=28122' aria-hidden='false' data-av_icon='\ue805' data-av_iconfont='entypo-fontello' title='' data-avia-related-tooltip='Compartir por correo'><span class='avia_hidden_link_text'>Compartir por correo<\/span><\/a><\/li><\/ul><\/div><\/div>\n<div  style='height:50px' class='hr hr-invisible   avia-builder-el-8  el_after_av_social_share  el_before_av_comments_list '><span class='hr-inner ' ><span class='hr-inner-style'><\/span><\/span><\/div>\n<div  class='av-buildercomment  av-blog-meta-html-info-disabled av-blog-meta-tag-disabled  '><\/div>\n","protected":false},"excerpt":{"rendered":"","protected":false},"author":1,"featured_media":28123,"comment_status":"open","ping_status":"open","sticky":false,"template":"","format":"standard","meta":{"footnotes":""},"categories":[38],"tags":[],"class_list":["post-28122","post","type-post","status-publish","format-standard","has-post-thumbnail","hentry","category-regional"],"jetpack_featured_media_url":"https:\/\/radiorevelacionfm.cl\/wp-content\/uploads\/2023\/02\/Tortel-Luminarias-1-1.jpg","_links":{"self":[{"href":"https:\/\/radiorevelacionfm.cl\/index.php?rest_route=\/wp\/v2\/posts\/28122","targetHints":{"allow":["GET"]}}],"collection":[{"href":"https:\/\/radiorevelacionfm.cl\/index.php?rest_route=\/wp\/v2\/posts"}],"about":[{"href":"https:\/\/radiorevelacionfm.cl\/index.php?rest_route=\/wp\/v2\/types\/post"}],"author":[{"embeddable":true,"href":"https:\/\/radiorevelacionfm.cl\/index.php?rest_route=\/wp\/v2\/users\/1"}],"replies":[{"embeddable":true,"href":"https:\/\/radiorevelacionfm.cl\/index.php?rest_route=%2Fwp%2Fv2%2Fcomments&post=28122"}],"version-history":[{"count":2,"href":"https:\/\/radiorevelacionfm.cl\/index.php?rest_route=\/wp\/v2\/posts\/28122\/revisions"}],"predecessor-version":[{"id":28125,"href":"https:\/\/radiorevelacionfm.cl\/index.php?rest_route=\/wp\/v2\/posts\/28122\/revisions\/28125"}],"wp:featuredmedia":[{"embeddable":true,"href":"https:\/\/radiorevelacionfm.cl\/index.php?rest_route=\/wp\/v2\/media\/28123"}],"wp:attachment":[{"href":"https:\/\/radiorevelacionfm.cl\/index.php?rest_route=%2Fwp%2Fv2%2Fmedia&parent=28122"}],"wp:term":[{"taxonomy":"category","embeddable":true,"href":"https:\/\/radiorevelacionfm.cl\/index.php?rest_route=%2Fwp%2Fv2%2Fcategories&post=28122"},{"taxonomy":"post_tag","embeddable":true,"href":"https:\/\/radiorevelacionfm.cl\/index.php?rest_route=%2Fwp%2Fv2%2Ftags&post=28122"}],"curies":[{"name":"wp","href":"https:\/\/api.w.org\/{rel}","templated":true}]}}