{"id":28114,"date":"2023-02-23T20:12:32","date_gmt":"2023-02-23T23:12:32","guid":{"rendered":"https:\/\/radiorevelacionfm.cl\/?p=28114"},"modified":"2023-02-24T11:54:57","modified_gmt":"2023-02-24T14:54:57","slug":"realizan-segunda-version-de-proyecto-turismo-salmonero-en-aysen","status":"publish","type":"post","link":"https:\/\/radiorevelacionfm.cl\/?p=28114","title":{"rendered":"Realizan segunda versi\u00f3n de programa Turismo Salmonero en Ays\u00e9n"},"content":{"rendered":"<div class=\"flex_column av_one_full  flex_column_div av-zero-column-padding first  avia-builder-el-0  el_before_av_one_full  avia-builder-el-first  \" style='border-radius:0px; '><div  class='avia-image-container  av-styling-    avia-builder-el-1  avia-builder-el-no-sibling  avia-align-center '  itemprop=\"image\" itemscope=\"itemscope\" itemtype=\"https:\/\/schema.org\/ImageObject\"  ><div class='avia-image-container-inner'><div class='avia-image-overlay-wrap'><img decoding=\"async\" class='wp-image-28115 avia-img-lazy-loading-not-28115 avia_image' src=\"https:\/\/radiorevelacionfm.cl\/wp-content\/uploads\/2023\/02\/img_8818-1_optimized.jpg\" alt='' title='img_8818-(1)_optimized' height=\"600\" width=\"800\"  itemprop=\"thumbnailUrl\" srcset=\"https:\/\/radiorevelacionfm.cl\/wp-content\/uploads\/2023\/02\/img_8818-1_optimized.jpg 800w, https:\/\/radiorevelacionfm.cl\/wp-content\/uploads\/2023\/02\/img_8818-1_optimized-300x225.jpg 300w, https:\/\/radiorevelacionfm.cl\/wp-content\/uploads\/2023\/02\/img_8818-1_optimized-768x576.jpg 768w, https:\/\/radiorevelacionfm.cl\/wp-content\/uploads\/2023\/02\/img_8818-1_optimized-705x529.jpg 705w, https:\/\/radiorevelacionfm.cl\/wp-content\/uploads\/2023\/02\/img_8818-1_optimized-600x450.jpg 600w\" sizes=\"(max-width: 800px) 100vw, 800px\" \/><\/div><\/div><\/div><\/div>\n<div class=\"flex_column av_one_full  flex_column_div av-zero-column-padding first  avia-builder-el-2  el_after_av_one_full  el_before_av_one_full  column-top-margin\" style='border-radius:0px; '><section class=\"av_textblock_section \"  itemscope=\"itemscope\" itemtype=\"https:\/\/schema.org\/BlogPosting\" itemprop=\"blogPost\" ><div class='avia_textblock  '   itemprop=\"text\" ><p style=\"text-align: center;\"><strong><span style=\"font-size: 18pt;\">Realizan segunda versi\u00f3n de programa Turismo Salmonero en Ays\u00e9n<\/span><\/strong><\/p>\n<div id=\"gtx-trans\" style=\"position: absolute; left: -50px; top: 4.31534px;\">\n<div class=\"gtx-trans-icon\"><\/div>\n<\/div>\n<\/div><\/section><\/div>\n<div class=\"flex_column av_one_full  flex_column_div av-zero-column-padding first  avia-builder-el-4  el_after_av_one_full  el_before_av_hr  column-top-margin\" style='border-radius:0px; '><section class=\"av_textblock_section \"  itemscope=\"itemscope\" itemtype=\"https:\/\/schema.org\/BlogPosting\" itemprop=\"blogPost\" ><div class='avia_textblock  '   itemprop=\"text\" ><p style=\"text-align: justify;\"><em>Se espera que participen m\u00e1s de 100 personas de diversos sectores representativos de la regi\u00f3n como educaci\u00f3n, gastronom\u00eda, turismo, autoridades y organizaciones sociales.<\/em><\/p>\n<p style=\"text-align: justify;\">Por segundo a\u00f1o consecutivo, Mowi Chile est\u00e1 llevando a cabo su exitoso proyecto Turismo Salmonero, el que tiene como objetivo abrir las puertas de la empresa a la comunidad y dar a conocer una de las principales actividades productivas de la regi\u00f3n de Ays\u00e9n, a los habitantes y visitantes de la regi\u00f3n.<\/p>\n<p style=\"text-align: justify;\">Cada uno de estos tours recorre el ciclo productivo completo del salm\u00f3n, aprovechando que la empresa lo tiene completamente integrado dentro de la regi\u00f3n de Ays\u00e9n: es as\u00ed que la visita inicia en la piscicultura de recirculaci\u00f3n Fiordo Ays\u00e9n, contin\u00faa en el centro de cultivo Tortuga y finaliza en la planta secundaria de Chacabuco con una degustaci\u00f3n de alimentos donde el salm\u00f3n es el protagonista.<\/p>\n<p style=\"text-align: justify;\">El gerente general de Mowi Chile, Fernando Villarroel menciona que es muy interesante poder mostrar la pasi\u00f3n que mueve nuestro trabajo y agrega que \u201cEstamos muy contentos de esta segunda versi\u00f3n de turismo salmonero. Las personas que nos han visitado han podido ver c\u00f3mo operamos, lo que producimos, lo que hacemos y con el orgullo que lo hacemos\u2026 estamos muy contentos de poder compartir nuestra actividad con la comunidad\u201d puntualiza Villarroel.<\/p>\n<p style=\"text-align: justify;\">Uno de los atractivos de esta experiencia ha sido que los visitantes que trabajaron en el rubro d\u00e9cadas atr\u00e1s, han tenido la oportunidad de apreciar la evoluci\u00f3n de los procesos, en cuanto a calidad del empleo y la incorporaci\u00f3n de nuevas tecnolog\u00edas. En este sentido, Jaqueline Melinao, representante de la agrupaci\u00f3n Esperanza de Vida, tras vivir la experiencia dijo que \u201cEsto fue un aprendizaje para nosotros como dirigentes sociales.<\/p>\n<p style=\"text-align: justify;\">Vivimos hace a\u00f1os en la regi\u00f3n de Ays\u00e9n y hemos visto como han sido crudos los tiempos antiguos. Volver ahora y encontrarnos con robots, por ejemplo, fue totalmente sorprendente. Me doy cuenta que el trabajador est\u00e1 siendo reconocido realmente y protegido por las empresas salmoneras\u201d.<\/p>\n<p style=\"text-align: justify;\">Para Carlos Pacheco, gerente de IdeAys\u00e9n, esta es una excelente iniciativa de Mowi Chile, porque hace que la salmonicultura regional, traspase las fronteras de Puerto Chacabuco, Puerto Ays\u00e9n y Puerto Cisnes y agrega \u201cvenimos de Coyhaique y quedamos realmente sorprendidos con el ciclo; ver desde la ova, hasta el producto terminado, dentro de la regi\u00f3n, es un gran avance. Tenemos, de alguna u otra forma, un cierto sesgo hacia la salmonicultura porque no la conocemos y \u00e9stas son las instancias para poder hacerlo.<\/p>\n<p style=\"text-align: justify;\">Quien quiera y pueda asistir a estas rondas de turismo salmonero que lo haga, porque es una forma nueva de conocer esta industria de nuestra regi\u00f3n\u201d puntualiz\u00f3.<\/p>\n<p style=\"text-align: justify;\">Para la concejala de la comuna de Ays\u00e9n, Tatiana Villarroel, es importante que las empresas tengan esta conexi\u00f3n con la comunidad porque es sumamente enriquecedor conocer el trabajo que realizan, \u201cconocer el proceso completo del salm\u00f3n que es exportado desde aqu\u00ed, es muy enriquecedor. Agradecida de la empresa por tener este tipo de conexi\u00f3n con la comunidad y felicitarlos por hacernos part\u00edcipes de su trabajo, de conocer los centros y tambi\u00e9n la planta, donde muchos de nuestros vecinos y vecinas trabajan o han trabajado en alg\u00fan momento de su vida\u201d<\/p>\n<p style=\"text-align: justify;\">Turismo Salmonero 2023 contempla finalizar la segunda semana de marzo y superar los 100 participantes en su segunda versi\u00f3n. Esta experiencia de turismo industrial, pionera en la regi\u00f3n de Ays\u00e9n, adem\u00e1s de dar a conocer el ciclo productivo completo, entrega a las personas que participan, la posibilidad de compartir con un grupo humano mixto e interesante, con quienes se disfruta una amena y l\u00fadica jornada de mucho aprendizaje, concursos, regalos, videos, audiogu\u00edas e interesantes espacios de conversaci\u00f3n.<\/p>\n<\/div><\/section><\/div><div  style='height:50px' class='hr hr-invisible   avia-builder-el-6  el_after_av_one_full  el_before_av_social_share '><span class='hr-inner ' ><span class='hr-inner-style'><\/span><\/span><\/div><\/p>\n<div  class='av-social-sharing-box  avia-builder-el-7  el_after_av_hr  el_before_av_hr  '><div class='av-share-box'><h5 class='av-share-link-description av-no-toc '>Compartir esta noticia<\/h5><ul class='av-share-box-list noLightbox'><li class='av-share-link av-social-link-facebook' ><a target=\"_blank\" aria-label=\"Compartir en Facebook\" href='https:\/\/www.facebook.com\/sharer.php?u=https:\/\/radiorevelacionfm.cl\/?p=28114&#038;t=Realizan%20segunda%20versi%C3%B3n%20de%20programa%20Turismo%20Salmonero%20en%20Ays%C3%A9n' aria-hidden='false' data-av_icon='\ue8f3' data-av_iconfont='entypo-fontello' title='' data-avia-related-tooltip='Compartir en Facebook' rel=\"noopener\"><span class='avia_hidden_link_text'>Compartir en Facebook<\/span><\/a><\/li><li class='av-share-link av-social-link-twitter' ><a target=\"_blank\" aria-label=\"Compartir en Twitter\" href='https:\/\/twitter.com\/share?text=Realizan%20segunda%20versi%C3%B3n%20de%20programa%20Turismo%20Salmonero%20en%20Ays%C3%A9n&#038;url=https:\/\/radiorevelacionfm.cl\/?p=28114' aria-hidden='false' data-av_icon='\ue8f1' data-av_iconfont='entypo-fontello' title='' data-avia-related-tooltip='Compartir en Twitter' rel=\"noopener\"><span class='avia_hidden_link_text'>Compartir en Twitter<\/span><\/a><\/li><li class='av-share-link av-social-link-whatsapp' ><a target=\"_blank\" aria-label=\"Compartir en Whatsapp\" href='https:\/\/api.whatsapp.com\/send?text=https:\/\/radiorevelacionfm.cl\/?p=28114' aria-hidden='false' data-av_icon='\uf232' data-av_iconfont='entypo-fontello' title='' data-avia-related-tooltip='Compartir en Whatsapp' rel=\"noopener\"><span class='avia_hidden_link_text'>Compartir en Whatsapp<\/span><\/a><\/li><li class='av-share-link av-social-link-linkedin' ><a target=\"_blank\" aria-label=\"Compartir en LinkedIn\" href='https:\/\/linkedin.com\/shareArticle?mini=true&#038;title=Realizan%20segunda%20versi%C3%B3n%20de%20programa%20Turismo%20Salmonero%20en%20Ays%C3%A9n&#038;url=https:\/\/radiorevelacionfm.cl\/?p=28114' aria-hidden='false' data-av_icon='\ue8fc' data-av_iconfont='entypo-fontello' title='' data-avia-related-tooltip='Compartir en LinkedIn' rel=\"noopener\"><span class='avia_hidden_link_text'>Compartir en LinkedIn<\/span><\/a><\/li><li class='av-share-link av-social-link-mail' ><a  aria-label=\"Compartir por correo\" href='mailto:?subject=Realizan%20segunda%20versi%C3%B3n%20de%20programa%20Turismo%20Salmonero%20en%20Ays%C3%A9n&#038;body=https:\/\/radiorevelacionfm.cl\/?p=28114' aria-hidden='false' data-av_icon='\ue805' data-av_iconfont='entypo-fontello' title='' data-avia-related-tooltip='Compartir por correo'><span class='avia_hidden_link_text'>Compartir por correo<\/span><\/a><\/li><\/ul><\/div><\/div>\n<div  style='height:50px' class='hr hr-invisible   avia-builder-el-8  el_after_av_social_share  el_before_av_comments_list '><span class='hr-inner ' ><span class='hr-inner-style'><\/span><\/span><\/div>\n<div  class='av-buildercomment  av-blog-meta-html-info-disabled av-blog-meta-tag-disabled  '><\/div>\n","protected":false},"excerpt":{"rendered":"","protected":false},"author":1,"featured_media":28115,"comment_status":"open","ping_status":"open","sticky":false,"template":"","format":"standard","meta":{"footnotes":""},"categories":[60],"tags":[],"class_list":["post-28114","post","type-post","status-publish","format-standard","has-post-thumbnail","hentry","category-pesca"],"jetpack_featured_media_url":"https:\/\/radiorevelacionfm.cl\/wp-content\/uploads\/2023\/02\/img_8818-1_optimized.jpg","_links":{"self":[{"href":"https:\/\/radiorevelacionfm.cl\/index.php?rest_route=\/wp\/v2\/posts\/28114","targetHints":{"allow":["GET"]}}],"collection":[{"href":"https:\/\/radiorevelacionfm.cl\/index.php?rest_route=\/wp\/v2\/posts"}],"about":[{"href":"https:\/\/radiorevelacionfm.cl\/index.php?rest_route=\/wp\/v2\/types\/post"}],"author":[{"embeddable":true,"href":"https:\/\/radiorevelacionfm.cl\/index.php?rest_route=\/wp\/v2\/users\/1"}],"replies":[{"embeddable":true,"href":"https:\/\/radiorevelacionfm.cl\/index.php?rest_route=%2Fwp%2Fv2%2Fcomments&post=28114"}],"version-history":[{"count":4,"href":"https:\/\/radiorevelacionfm.cl\/index.php?rest_route=\/wp\/v2\/posts\/28114\/revisions"}],"predecessor-version":[{"id":28137,"href":"https:\/\/radiorevelacionfm.cl\/index.php?rest_route=\/wp\/v2\/posts\/28114\/revisions\/28137"}],"wp:featuredmedia":[{"embeddable":true,"href":"https:\/\/radiorevelacionfm.cl\/index.php?rest_route=\/wp\/v2\/media\/28115"}],"wp:attachment":[{"href":"https:\/\/radiorevelacionfm.cl\/index.php?rest_route=%2Fwp%2Fv2%2Fmedia&parent=28114"}],"wp:term":[{"taxonomy":"category","embeddable":true,"href":"https:\/\/radiorevelacionfm.cl\/index.php?rest_route=%2Fwp%2Fv2%2Fcategories&post=28114"},{"taxonomy":"post_tag","embeddable":true,"href":"https:\/\/radiorevelacionfm.cl\/index.php?rest_route=%2Fwp%2Fv2%2Ftags&post=28114"}],"curies":[{"name":"wp","href":"https:\/\/api.w.org\/{rel}","templated":true}]}}