{"id":28110,"date":"2023-02-24T10:20:13","date_gmt":"2023-02-24T13:20:13","guid":{"rendered":"https:\/\/radiorevelacionfm.cl\/?p=28110"},"modified":"2023-02-24T10:20:13","modified_gmt":"2023-02-24T13:20:13","slug":"adultos-mayores-de-villa-manihuales-se-informaron-sobre-pgu-y-otros-beneficios-estatales","status":"publish","type":"post","link":"https:\/\/radiorevelacionfm.cl\/?p=28110","title":{"rendered":"Adultos mayores de Villa Ma\u00f1ihuales se informaron sobre PGU y otros beneficios estatales"},"content":{"rendered":"<div class=\"flex_column av_one_full  flex_column_div av-zero-column-padding first  avia-builder-el-0  el_before_av_one_full  avia-builder-el-first  \" style='border-radius:0px; '><div  class='avia-image-container  av-styling-    avia-builder-el-1  avia-builder-el-no-sibling  avia-align-center '  itemprop=\"image\" itemscope=\"itemscope\" itemtype=\"https:\/\/schema.org\/ImageObject\"  ><div class='avia-image-container-inner'><div class='avia-image-overlay-wrap'><img decoding=\"async\" class='wp-image-28111 avia-img-lazy-loading-not-28111 avia_image' src=\"https:\/\/radiorevelacionfm.cl\/wp-content\/uploads\/2023\/02\/charla_manihuales_feb-1_optimized.jpg\" alt='' title='charla_manihuales_feb-(1)_optimized' height=\"600\" width=\"806\"  itemprop=\"thumbnailUrl\" srcset=\"https:\/\/radiorevelacionfm.cl\/wp-content\/uploads\/2023\/02\/charla_manihuales_feb-1_optimized.jpg 806w, https:\/\/radiorevelacionfm.cl\/wp-content\/uploads\/2023\/02\/charla_manihuales_feb-1_optimized-300x223.jpg 300w, https:\/\/radiorevelacionfm.cl\/wp-content\/uploads\/2023\/02\/charla_manihuales_feb-1_optimized-768x572.jpg 768w, https:\/\/radiorevelacionfm.cl\/wp-content\/uploads\/2023\/02\/charla_manihuales_feb-1_optimized-705x525.jpg 705w, https:\/\/radiorevelacionfm.cl\/wp-content\/uploads\/2023\/02\/charla_manihuales_feb-1_optimized-600x447.jpg 600w\" sizes=\"(max-width: 806px) 100vw, 806px\" \/><\/div><\/div><\/div><\/div><div class=\"flex_column av_one_full  flex_column_div av-zero-column-padding first  avia-builder-el-2  el_after_av_one_full  el_before_av_one_full  column-top-margin\" style='border-radius:0px; '><section class=\"av_textblock_section \"  itemscope=\"itemscope\" itemtype=\"https:\/\/schema.org\/BlogPosting\" itemprop=\"blogPost\" ><div class='avia_textblock  '   itemprop=\"text\" ><p style=\"text-align: center;\"><span style=\"font-size: 18pt;\"><b>Adultos mayores de Villa Ma\u00f1ihuales se informaron sobre PGU y otros beneficios estatales<\/b><\/span><\/p>\n<div id=\"gtx-trans\" style=\"position: absolute; left: -50px; top: 4.31534px;\">\n<div class=\"gtx-trans-icon\"><\/div>\n<\/div>\n<\/div><\/section><\/div><div class=\"flex_column av_one_full  flex_column_div av-zero-column-padding first  avia-builder-el-4  el_after_av_one_full  el_before_av_hr  column-top-margin\" style='border-radius:0px; '><section class=\"av_textblock_section \"  itemscope=\"itemscope\" itemtype=\"https:\/\/schema.org\/BlogPosting\" itemprop=\"blogPost\" ><div class='avia_textblock  '   itemprop=\"text\" ><p class=\"v1MsoNormal\" style=\"text-align: justify;\">Con el objetivo de informar sobre los requisitos para la obtenci\u00f3n de la Pensi\u00f3n Garantizada Universal (PGU) y las modificaciones contenidas en la ley corta, se llev\u00f3 a cabo recientemente una charla dirigida a adultos mayores de la localidad de Villa Ma\u00f1ihuales.<\/p>\n<p class=\"v1MsoNormal\" style=\"text-align: justify;\">La actividad, que se desarroll\u00f3 en el marco del programa IPS en Tu Barrio, cont\u00f3 con la participaci\u00f3n de una treintena de adultos mayores y tuvo lugar en dependencias de la biblioteca municipal de dicha localidad.<\/p>\n<p class=\"v1MsoNormal\" style=\"text-align: justify;\">A cargo de los funcionarios del Instituto de Previsi\u00f3n Social &#8211; IPS ChileAtiende de Puerto Ays\u00e9n, Rodrigo Araneda y Luis Valenzuela, la charla cont\u00f3 tambi\u00e9n con la intervenci\u00f3n del Seremi del Trabajo y Previsi\u00f3n Social, Rodrigo D\u00edaz Cordaro, quien abord\u00f3 con los presentes los principales alcances del proyecto de ley de Reforma Previsional del Sistema Mixto, y el estado de avance del proyecto de ley de la reducci\u00f3n de la jornada laboral a 40 horas.<\/p>\n<p class=\"v1MsoNormal\" style=\"text-align: justify;\">\u00abNosotros, como Ministerio del Trabajo y Previsi\u00f3n Social, aprovechamos de conversar con ellos y contarles en qu\u00e9 va la Reforma Previsional y que, en el caso de aprobarse, tiene beneficios inmediatos y directos para los actuales pensionados. Esperamos que estas actividades se sigan replicando. Poder seguir informando a toda nuestra ciudadan\u00eda en qu\u00e9 va avanzando nuestra reforma y tambi\u00e9n la plataforma y oferta de programas y atenci\u00f3n que tiene el IPS con nuestra ciudadan\u00eda\u00bb, destac\u00f3 la autoridad.<\/p>\n<p class=\"v1MsoNormal\" style=\"text-align: justify;\">Por su parte,<span class=\"v1gmail-contentpasted0\">\u00a0los funcionarios IPS informaron adem\u00e1s respecto del Aporte Familiar Permanente y sobre el grupo de beneficiarios y beneficiarias a quienes corresponde el pago que se inici\u00f3 este 15 de febrero; haciendo \u00e9nfasis a quienes reciben Subsidio \u00danico Familiar (SUF), en que dicho beneficio debe encontrarse vigente al 31 de diciembre de cada a\u00f1o para recibir el tradicional aporte.<\/span><\/p>\n<p class=\"v1MsoNormal\" style=\"text-align: justify;\"><span class=\"v1gmail-contentpasted0\">El encuentro, realizado a sala llena, tuvo una excelente acogida por parte de los asistentes; quienes destacaron el retorno a las charlas presenciales. As\u00ed lo manifest\u00f3 el jefe de plataforma de IPS Puerto Ays\u00e9n, Luis Valenzuela.<\/span><\/p>\n<p class=\"v1MsoNormal\" style=\"text-align: justify;\"><span class=\"v1gmail-contentpasted0\">\u00abNos vamos muy contentos por haber tenido\u00a0<i>llena esta<\/i>\u00a0biblioteca, y por la recepci\u00f3n de los adultos mayores (&#8230;) y de la activa participaci\u00f3n que tuvo esta actividad, donde los adultos mayores, adem\u00e1s de escucharnos, hacen diferentes consultas. Y, lo que nos llena tambi\u00e9n de alegr\u00eda es que nos agradecen esta instancia de volver a estar con ellos entregando este tipo de informaci\u00f3n\u00bb, se\u00f1al\u00f3.<\/span><\/p>\n<p class=\"v1MsoNormal\" style=\"text-align: justify;\">Similar impresi\u00f3n tuvo tambi\u00e9n la asistente social de la delegada de Villa Ma\u00f1ihuales de la I. Municipalidad de Ays\u00e9n, Soraya Basualto, quien destac\u00f3 adem\u00e1s la importancia que tienen estas jornadas para la comunidad local. \u00abEsperamos que este tipo de charlas se sigan realizando, debido a que la lejan\u00eda que existe tanto con Coyhaique como con Puerto Ays\u00e9n, dificulta muchas veces, sobre todo a adultos mayores, que puedan realizar tr\u00e1mites o hacer sus consultas\u00bb, explic\u00f3.<\/p>\n<p class=\"v1MsoNormal\" style=\"text-align: justify;\">\u00abNosotros ac\u00e1 en la delegaci\u00f3n, de igual forma realizamos un trabajo en conjunto con el IPS, donde igual realizamos solicitudes de pensiones y tambi\u00e9n realizamos consultas a funcionarios del IPS. Siempre estamos en contacto tanto por correo y v\u00eda telef\u00f3nica para aclarar dudas a los usuarios y entregar una respuesta de manera oportuna\u00bb, enfatiz\u00f3 .<\/p>\n<p class=\"v1MsoNormal\" style=\"text-align: justify;\">En otro \u00e1mbito, los representantes del IPS reforzaron nuevamente el llamado\u00a0<span class=\"v1gmail-msoDel\"><del>\u00a0<\/del><\/span>a no entregar datos bancarios ni claves personales, haciendo \u00e9nfasis en que el Instituto de Previsi\u00f3n Social, IPS y su red ChileAtiende, jam\u00e1s pedir\u00e1 claves de cuentas bancarias para gestionar pagos pendientes de beneficios del Estado; y tampoco solicitar\u00e1 que accedan a alg\u00fan link. De recibir llamados de alguien que dice ser funcionario del Estado y que solicita claves bancarias para depositar el pago de un bono, canasta u otro beneficio, la recomendaci\u00f3n es registrar el nombre y n\u00famero de la persona, cortar la llamada y realizar la denuncia ante el IPS m\u00e1s cercano.<ins><\/ins><\/p>\n<p class=\"v1MsoNormal\" style=\"text-align: justify;\">Para informaci\u00f3n sobre beneficios del Estado las personas pueden ingresar a\u00a0<a href=\"http:\/\/www.ips.gob.cl\/\" target=\"_blank\" rel=\"noopener noreferrer\">www.ips.gob.cl<\/a>,\u00a0<a href=\"http:\/\/www.chileatiende.cl\/\" target=\"_blank\" rel=\"noopener noreferrer\">www.chileatiende.cl<\/a>, redes sociales @ChileAtiende en Twitter, Facebook e Instagram;\u00a0<span class=\"v1gmail-msoDel\"><del>\u00a0<\/del><\/span>llamar al Call Center 101 (de lunes a viernes), o acudir a la sucursal IPS ChileAtiende m\u00e1s cercana.<\/p>\n<\/div><\/section><\/div><div  style='height:50px' class='hr hr-invisible   avia-builder-el-6  el_after_av_one_full  el_before_av_social_share '><span class='hr-inner ' ><span class='hr-inner-style'><\/span><\/span><\/div><\/p>\n<div  class='av-social-sharing-box  avia-builder-el-7  el_after_av_hr  el_before_av_hr  '><div class='av-share-box'><h5 class='av-share-link-description av-no-toc '>Compartir esta noticia<\/h5><ul class='av-share-box-list noLightbox'><li class='av-share-link av-social-link-facebook' ><a target=\"_blank\" aria-label=\"Compartir en Facebook\" href='https:\/\/www.facebook.com\/sharer.php?u=https:\/\/radiorevelacionfm.cl\/?p=28110&#038;t=Adultos%20mayores%20de%20Villa%20Ma%C3%B1ihuales%20se%20informaron%20sobre%20PGU%20y%20otros%20beneficios%20estatales' aria-hidden='false' data-av_icon='\ue8f3' data-av_iconfont='entypo-fontello' title='' data-avia-related-tooltip='Compartir en Facebook' rel=\"noopener\"><span class='avia_hidden_link_text'>Compartir en Facebook<\/span><\/a><\/li><li class='av-share-link av-social-link-twitter' ><a target=\"_blank\" aria-label=\"Compartir en Twitter\" href='https:\/\/twitter.com\/share?text=Adultos%20mayores%20de%20Villa%20Ma%C3%B1ihuales%20se%20informaron%20sobre%20PGU%20y%20otros%20beneficios%20estatales&#038;url=https:\/\/radiorevelacionfm.cl\/?p=28110' aria-hidden='false' data-av_icon='\ue8f1' data-av_iconfont='entypo-fontello' title='' data-avia-related-tooltip='Compartir en Twitter' rel=\"noopener\"><span class='avia_hidden_link_text'>Compartir en Twitter<\/span><\/a><\/li><li class='av-share-link av-social-link-whatsapp' ><a target=\"_blank\" aria-label=\"Compartir en Whatsapp\" href='https:\/\/api.whatsapp.com\/send?text=https:\/\/radiorevelacionfm.cl\/?p=28110' aria-hidden='false' data-av_icon='\uf232' data-av_iconfont='entypo-fontello' title='' data-avia-related-tooltip='Compartir en Whatsapp' rel=\"noopener\"><span class='avia_hidden_link_text'>Compartir en Whatsapp<\/span><\/a><\/li><li class='av-share-link av-social-link-linkedin' ><a target=\"_blank\" aria-label=\"Compartir en LinkedIn\" href='https:\/\/linkedin.com\/shareArticle?mini=true&#038;title=Adultos%20mayores%20de%20Villa%20Ma%C3%B1ihuales%20se%20informaron%20sobre%20PGU%20y%20otros%20beneficios%20estatales&#038;url=https:\/\/radiorevelacionfm.cl\/?p=28110' aria-hidden='false' data-av_icon='\ue8fc' data-av_iconfont='entypo-fontello' title='' data-avia-related-tooltip='Compartir en LinkedIn' rel=\"noopener\"><span class='avia_hidden_link_text'>Compartir en LinkedIn<\/span><\/a><\/li><li class='av-share-link av-social-link-mail' ><a  aria-label=\"Compartir por correo\" href='mailto:?subject=Adultos%20mayores%20de%20Villa%20Ma%C3%B1ihuales%20se%20informaron%20sobre%20PGU%20y%20otros%20beneficios%20estatales&#038;body=https:\/\/radiorevelacionfm.cl\/?p=28110' aria-hidden='false' data-av_icon='\ue805' data-av_iconfont='entypo-fontello' title='' data-avia-related-tooltip='Compartir por correo'><span class='avia_hidden_link_text'>Compartir por correo<\/span><\/a><\/li><\/ul><\/div><\/div>\n<div  style='height:50px' class='hr hr-invisible   avia-builder-el-8  el_after_av_social_share  el_before_av_comments_list '><span class='hr-inner ' ><span class='hr-inner-style'><\/span><\/span><\/div>\n<div  class='av-buildercomment  av-blog-meta-html-info-disabled av-blog-meta-tag-disabled  '><\/div>\n","protected":false},"excerpt":{"rendered":"","protected":false},"author":1,"featured_media":28111,"comment_status":"open","ping_status":"open","sticky":false,"template":"","format":"standard","meta":{"footnotes":""},"categories":[56],"tags":[],"class_list":["post-28110","post","type-post","status-publish","format-standard","has-post-thumbnail","hentry","category-trabajo"],"jetpack_featured_media_url":"https:\/\/radiorevelacionfm.cl\/wp-content\/uploads\/2023\/02\/charla_manihuales_feb-1_optimized.jpg","_links":{"self":[{"href":"https:\/\/radiorevelacionfm.cl\/index.php?rest_route=\/wp\/v2\/posts\/28110","targetHints":{"allow":["GET"]}}],"collection":[{"href":"https:\/\/radiorevelacionfm.cl\/index.php?rest_route=\/wp\/v2\/posts"}],"about":[{"href":"https:\/\/radiorevelacionfm.cl\/index.php?rest_route=\/wp\/v2\/types\/post"}],"author":[{"embeddable":true,"href":"https:\/\/radiorevelacionfm.cl\/index.php?rest_route=\/wp\/v2\/users\/1"}],"replies":[{"embeddable":true,"href":"https:\/\/radiorevelacionfm.cl\/index.php?rest_route=%2Fwp%2Fv2%2Fcomments&post=28110"}],"version-history":[{"count":2,"href":"https:\/\/radiorevelacionfm.cl\/index.php?rest_route=\/wp\/v2\/posts\/28110\/revisions"}],"predecessor-version":[{"id":28121,"href":"https:\/\/radiorevelacionfm.cl\/index.php?rest_route=\/wp\/v2\/posts\/28110\/revisions\/28121"}],"wp:featuredmedia":[{"embeddable":true,"href":"https:\/\/radiorevelacionfm.cl\/index.php?rest_route=\/wp\/v2\/media\/28111"}],"wp:attachment":[{"href":"https:\/\/radiorevelacionfm.cl\/index.php?rest_route=%2Fwp%2Fv2%2Fmedia&parent=28110"}],"wp:term":[{"taxonomy":"category","embeddable":true,"href":"https:\/\/radiorevelacionfm.cl\/index.php?rest_route=%2Fwp%2Fv2%2Fcategories&post=28110"},{"taxonomy":"post_tag","embeddable":true,"href":"https:\/\/radiorevelacionfm.cl\/index.php?rest_route=%2Fwp%2Fv2%2Ftags&post=28110"}],"curies":[{"name":"wp","href":"https:\/\/api.w.org\/{rel}","templated":true}]}}