{"id":28107,"date":"2023-02-23T18:59:21","date_gmt":"2023-02-23T21:59:21","guid":{"rendered":"https:\/\/radiorevelacionfm.cl\/?p=28107"},"modified":"2023-02-23T18:59:21","modified_gmt":"2023-02-23T21:59:21","slug":"restableceran-transito-bidireccional-en-estrategica-avenida-baquedano-de-coyhaique","status":"publish","type":"post","link":"https:\/\/radiorevelacionfm.cl\/?p=28107","title":{"rendered":"Restablecer\u00e1n tr\u00e1nsito bidireccional en estrat\u00e9gica avenida Baquedano de Coyhaique"},"content":{"rendered":"<div class=\"flex_column av_one_full  flex_column_div av-zero-column-padding first  avia-builder-el-0  el_before_av_one_full  avia-builder-el-first  \" style='border-radius:0px; '><div  class='avia-image-container  av-styling-    avia-builder-el-1  avia-builder-el-no-sibling  avia-align-center '  itemprop=\"image\" itemscope=\"itemscope\" itemtype=\"https:\/\/schema.org\/ImageObject\"  ><div class='avia-image-container-inner'><div class='avia-image-overlay-wrap'><img decoding=\"async\" class='wp-image-28108 avia-img-lazy-loading-not-28108 avia_image' src=\"https:\/\/radiorevelacionfm.cl\/wp-content\/uploads\/2023\/02\/avenida-baquedano-1_optimized.jpeg\" alt='' title='avenida-baquedano-(1)_optimized' height=\"600\" width=\"1072\"  itemprop=\"thumbnailUrl\" srcset=\"https:\/\/radiorevelacionfm.cl\/wp-content\/uploads\/2023\/02\/avenida-baquedano-1_optimized.jpeg 1072w, https:\/\/radiorevelacionfm.cl\/wp-content\/uploads\/2023\/02\/avenida-baquedano-1_optimized-300x168.jpeg 300w, https:\/\/radiorevelacionfm.cl\/wp-content\/uploads\/2023\/02\/avenida-baquedano-1_optimized-1030x576.jpeg 1030w, https:\/\/radiorevelacionfm.cl\/wp-content\/uploads\/2023\/02\/avenida-baquedano-1_optimized-768x430.jpeg 768w, https:\/\/radiorevelacionfm.cl\/wp-content\/uploads\/2023\/02\/avenida-baquedano-1_optimized-705x395.jpeg 705w, https:\/\/radiorevelacionfm.cl\/wp-content\/uploads\/2023\/02\/avenida-baquedano-1_optimized-600x336.jpeg 600w\" sizes=\"(max-width: 1072px) 100vw, 1072px\" \/><\/div><\/div><\/div><\/div><div class=\"flex_column av_one_full  flex_column_div av-zero-column-padding first  avia-builder-el-2  el_after_av_one_full  el_before_av_one_full  column-top-margin\" style='border-radius:0px; '><section class=\"av_textblock_section \"  itemscope=\"itemscope\" itemtype=\"https:\/\/schema.org\/BlogPosting\" itemprop=\"blogPost\" ><div class='avia_textblock  '   itemprop=\"text\" ><p style=\"text-align: center;\"><strong><span style=\"font-size: 18pt;\">Restablecer\u00e1n tr\u00e1nsito bidireccional en estrat\u00e9gica avenida Baquedano de Coyhaique<\/span><\/strong><\/p>\n<div id=\"gtx-trans\" style=\"position: absolute; left: -50px; top: 4.31534px;\">\n<div class=\"gtx-trans-icon\"><\/div>\n<\/div>\n<\/div><\/section><\/div><div class=\"flex_column av_one_full  flex_column_div av-zero-column-padding first  avia-builder-el-4  el_after_av_one_full  el_before_av_hr  column-top-margin\" style='border-radius:0px; '><section class=\"av_textblock_section \"  itemscope=\"itemscope\" itemtype=\"https:\/\/schema.org\/BlogPosting\" itemprop=\"blogPost\" ><div class='avia_textblock  '   itemprop=\"text\" ><p style=\"font-weight: 400; text-align: justify;\">El Delegado Presidencial Regional, Rodrigo Araya, y seremi MOP, Patricio Sanhueza, constataron un 65% de avance en el mejoramiento vial que implica una inversi\u00f3n de 15 mil millones de pesos.<\/p>\n<p style=\"font-weight: 400; text-align: justify;\">El pr\u00f3ximo lunes 27 de febrero se restablece el tr\u00e1nsito bidireccional en Avenida Baquedano, a la altura del puente La Cruz, en el proyecto de mejoramiento vial que el Ministerio de Obras P\u00fablicas (MOP) ejecuta en la Ruta 243 del sector oriente de Coyhaique.<\/p>\n<p style=\"font-weight: 400; text-align: justify;\">Ante la mayor circulaci\u00f3n que implica el nuevo a\u00f1o escolar, el Delegado Presidencial Regional, Rodrigo Araya, y seremi de Obras P\u00fablicas, Patricio Sanhueza, inspeccionaron la construcci\u00f3n de esta doble v\u00eda de 2,5 kil\u00f3metros de longitud, que implica una inversi\u00f3n de 15 mil millones de pesos del MOP.<\/p>\n<p style=\"font-weight: 400; text-align: justify;\">Las faenas tienen un 65 por ciento de avance y tienen el objetivo de descongestionar el tr\u00e1nsito de un \u00e1rea estrat\u00e9gica para el tr\u00e1nsito expedito en la capital regional, dado el flujo estimado en alrededor de 1.700 veh\u00edculos diarios.<\/p>\n<p style=\"font-weight: 400; text-align: justify;\">\u201cPara nuestro Gobierno, nuestro Presidente, mejorar las condiciones de vida es muy importante y esta gran obra que estamos ejecutando ac\u00e1 es tremendamente relevante. Tiene que ver con la conectividad de un sector importante de nuestra comunidad, con el acceso a sectores residenciales, al Museo Regional, a la Universidad Austral y al camino internacional que llega a Coyhaique Alto, cumpliendo con los plazos que nos hab\u00edamos fijado, inclusive adelantando un poco los plazos\u201d, afirm\u00f3 el Delegado Rodrigo Araya.<\/p>\n<p style=\"font-weight: 400; text-align: justify;\">El seremi Patricio Sanhueza indic\u00f3 que desde la pr\u00f3xima semana se pone en servicio el pavimento mientras contin\u00faan obras complementarias antes de la entrega de la doble v\u00eda durante el primer semestre de este a\u00f1o.<\/p>\n<p style=\"font-weight: 400; text-align: justify;\">\u201cEstamos anunciando que el d\u00eda 27 de febrero vamos a hacer la apertura bidireccional, levantando las restricciones al tr\u00e1nsito. El contrato hoy d\u00eda tiene un 65 por ciento de avance, estamos con un aumento de plazo que se solicit\u00f3 a fines del a\u00f1o pasado y tenemos la expectativa de que el contrato va a estar concluido a fines del mes de mayo\u201d, indic\u00f3.<\/p>\n<p style=\"font-weight: 400; text-align: justify;\">Emilia Rivera Fern\u00e1ndez, encargada de Medio Ambiente y Participaci\u00f3n Ciudadana del proyecto, concluy\u00f3 llamando a un tr\u00e1nsito respetuoso y preventivo.<\/p>\n<p style=\"font-weight: 400; text-align: justify;\">\u201cLa idea es llamar a la comunidad a que tengan precauci\u00f3n, respeten la velocidad, porque habr\u00e1n trabajadores en la v\u00eda, porque tenemos que terminar de hacer soleras y van a estar muy cercanos a la calzada. Llamamos a respetar para que todos puedan circular de la mejor manera, generando el menor impacto posible a la comunidad\u201d, expres\u00f3.<\/p>\n<p style=\"font-weight: 400; text-align: justify;\">El proyecto de mejoramiento de la Ruta 243 se extiende desde calle Victoria hasta el Museo Regional de Ays\u00e9n, siendo ejecutado por la empresa Compax.<\/p>\n<p style=\"font-weight: 400; text-align: justify;\">En las obras se han desempe\u00f1ado hasta m\u00e1s de 130 trabajadores y trabajadoras, con variaciones seg\u00fan etapas de ejecuci\u00f3n.<\/p>\n<\/div><\/section><\/div><div  style='height:50px' class='hr hr-invisible   avia-builder-el-6  el_after_av_one_full  el_before_av_social_share '><span class='hr-inner ' ><span class='hr-inner-style'><\/span><\/span><\/div><\/p>\n<div  class='av-social-sharing-box  avia-builder-el-7  el_after_av_hr  el_before_av_hr  '><div class='av-share-box'><h5 class='av-share-link-description av-no-toc '>Compartir esta noticia<\/h5><ul class='av-share-box-list noLightbox'><li class='av-share-link av-social-link-facebook' ><a target=\"_blank\" aria-label=\"Compartir en Facebook\" href='https:\/\/www.facebook.com\/sharer.php?u=https:\/\/radiorevelacionfm.cl\/?p=28107&#038;t=Restablecer%C3%A1n%20tr%C3%A1nsito%20bidireccional%20en%20estrat%C3%A9gica%20avenida%20Baquedano%20de%20Coyhaique' aria-hidden='false' data-av_icon='\ue8f3' data-av_iconfont='entypo-fontello' title='' data-avia-related-tooltip='Compartir en Facebook' rel=\"noopener\"><span class='avia_hidden_link_text'>Compartir en Facebook<\/span><\/a><\/li><li class='av-share-link av-social-link-twitter' ><a target=\"_blank\" aria-label=\"Compartir en Twitter\" href='https:\/\/twitter.com\/share?text=Restablecer%C3%A1n%20tr%C3%A1nsito%20bidireccional%20en%20estrat%C3%A9gica%20avenida%20Baquedano%20de%20Coyhaique&#038;url=https:\/\/radiorevelacionfm.cl\/?p=28107' aria-hidden='false' data-av_icon='\ue8f1' data-av_iconfont='entypo-fontello' title='' data-avia-related-tooltip='Compartir en Twitter' rel=\"noopener\"><span class='avia_hidden_link_text'>Compartir en Twitter<\/span><\/a><\/li><li class='av-share-link av-social-link-whatsapp' ><a target=\"_blank\" aria-label=\"Compartir en Whatsapp\" href='https:\/\/api.whatsapp.com\/send?text=https:\/\/radiorevelacionfm.cl\/?p=28107' aria-hidden='false' data-av_icon='\uf232' data-av_iconfont='entypo-fontello' title='' data-avia-related-tooltip='Compartir en Whatsapp' rel=\"noopener\"><span class='avia_hidden_link_text'>Compartir en Whatsapp<\/span><\/a><\/li><li class='av-share-link av-social-link-linkedin' ><a target=\"_blank\" aria-label=\"Compartir en LinkedIn\" href='https:\/\/linkedin.com\/shareArticle?mini=true&#038;title=Restablecer%C3%A1n%20tr%C3%A1nsito%20bidireccional%20en%20estrat%C3%A9gica%20avenida%20Baquedano%20de%20Coyhaique&#038;url=https:\/\/radiorevelacionfm.cl\/?p=28107' aria-hidden='false' data-av_icon='\ue8fc' data-av_iconfont='entypo-fontello' title='' data-avia-related-tooltip='Compartir en LinkedIn' rel=\"noopener\"><span class='avia_hidden_link_text'>Compartir en LinkedIn<\/span><\/a><\/li><li class='av-share-link av-social-link-mail' ><a  aria-label=\"Compartir por correo\" href='mailto:?subject=Restablecer%C3%A1n%20tr%C3%A1nsito%20bidireccional%20en%20estrat%C3%A9gica%20avenida%20Baquedano%20de%20Coyhaique&#038;body=https:\/\/radiorevelacionfm.cl\/?p=28107' aria-hidden='false' data-av_icon='\ue805' data-av_iconfont='entypo-fontello' title='' data-avia-related-tooltip='Compartir por correo'><span class='avia_hidden_link_text'>Compartir por correo<\/span><\/a><\/li><\/ul><\/div><\/div>\n<div  style='height:50px' class='hr hr-invisible   avia-builder-el-8  el_after_av_social_share  el_before_av_comments_list '><span class='hr-inner ' ><span class='hr-inner-style'><\/span><\/span><\/div>\n<div  class='av-buildercomment  av-blog-meta-html-info-disabled av-blog-meta-tag-disabled  '><\/div>\n","protected":false},"excerpt":{"rendered":"","protected":false},"author":1,"featured_media":28108,"comment_status":"open","ping_status":"open","sticky":false,"template":"","format":"standard","meta":{"footnotes":""},"categories":[38],"tags":[],"class_list":["post-28107","post","type-post","status-publish","format-standard","has-post-thumbnail","hentry","category-regional"],"jetpack_featured_media_url":"https:\/\/radiorevelacionfm.cl\/wp-content\/uploads\/2023\/02\/avenida-baquedano-1_optimized.jpeg","_links":{"self":[{"href":"https:\/\/radiorevelacionfm.cl\/index.php?rest_route=\/wp\/v2\/posts\/28107","targetHints":{"allow":["GET"]}}],"collection":[{"href":"https:\/\/radiorevelacionfm.cl\/index.php?rest_route=\/wp\/v2\/posts"}],"about":[{"href":"https:\/\/radiorevelacionfm.cl\/index.php?rest_route=\/wp\/v2\/types\/post"}],"author":[{"embeddable":true,"href":"https:\/\/radiorevelacionfm.cl\/index.php?rest_route=\/wp\/v2\/users\/1"}],"replies":[{"embeddable":true,"href":"https:\/\/radiorevelacionfm.cl\/index.php?rest_route=%2Fwp%2Fv2%2Fcomments&post=28107"}],"version-history":[{"count":2,"href":"https:\/\/radiorevelacionfm.cl\/index.php?rest_route=\/wp\/v2\/posts\/28107\/revisions"}],"predecessor-version":[{"id":28113,"href":"https:\/\/radiorevelacionfm.cl\/index.php?rest_route=\/wp\/v2\/posts\/28107\/revisions\/28113"}],"wp:featuredmedia":[{"embeddable":true,"href":"https:\/\/radiorevelacionfm.cl\/index.php?rest_route=\/wp\/v2\/media\/28108"}],"wp:attachment":[{"href":"https:\/\/radiorevelacionfm.cl\/index.php?rest_route=%2Fwp%2Fv2%2Fmedia&parent=28107"}],"wp:term":[{"taxonomy":"category","embeddable":true,"href":"https:\/\/radiorevelacionfm.cl\/index.php?rest_route=%2Fwp%2Fv2%2Fcategories&post=28107"},{"taxonomy":"post_tag","embeddable":true,"href":"https:\/\/radiorevelacionfm.cl\/index.php?rest_route=%2Fwp%2Fv2%2Ftags&post=28107"}],"curies":[{"name":"wp","href":"https:\/\/api.w.org\/{rel}","templated":true}]}}