{"id":2810,"date":"2021-02-19T17:14:45","date_gmt":"2021-02-19T20:14:45","guid":{"rendered":"https:\/\/radiorevelacionfm.cl\/?p=2810"},"modified":"2021-02-19T17:14:45","modified_gmt":"2021-02-19T20:14:45","slug":"corfo-abre-programa-para-desarrollar-metodologias-de-aceleracion-para-micro-y-pequenas-empresas","status":"publish","type":"post","link":"https:\/\/radiorevelacionfm.cl\/?p=2810","title":{"rendered":"Corfo abre programa para desarrollar metodolog\u00edas de aceleraci\u00f3n para micro y peque\u00f1as empresas"},"content":{"rendered":"<div class=\"flex_column av_one_full  flex_column_div av-zero-column-padding first  avia-builder-el-0  el_before_av_one_full  avia-builder-el-first  \" style='border-radius:0px; '><div  class='avia-image-container  av-styling-    avia-builder-el-1  avia-builder-el-no-sibling  avia-align-center '  itemprop=\"image\" itemscope=\"itemscope\" itemtype=\"https:\/\/schema.org\/ImageObject\"  ><div class='avia-image-container-inner'><div class='avia-image-overlay-wrap'><img decoding=\"async\" class='wp-image-0 avia-img-lazy-loading-not-0 avia_image' src=\"https:\/\/radiorevelacionfm.cl\/wp-content\/uploads\/2021\/02\/001-V3-13-1.png\" alt='' title=''   itemprop=\"thumbnailUrl\"  \/><\/div><\/div><\/div><\/div><div class=\"flex_column av_one_full  flex_column_div av-zero-column-padding first  avia-builder-el-2  el_after_av_one_full  el_before_av_one_full  column-top-margin\" style='border-radius:0px; '><section class=\"av_textblock_section \"  itemscope=\"itemscope\" itemtype=\"https:\/\/schema.org\/BlogPosting\" itemprop=\"blogPost\" ><div class='avia_textblock  '   itemprop=\"text\" ><p style=\"text-align: center;\"><span style=\"font-size: 18pt;\"><strong>Corfo abre programa para desarrollar metodolog\u00edas de aceleraci\u00f3n para micro y peque\u00f1as empresas<\/strong><\/span><\/p>\n<div id=\"gtx-trans\" style=\"position: absolute; left: -50px; top: 4.31534px;\">\n<div class=\"gtx-trans-icon\"><\/div>\n<\/div>\n<\/div><\/section><\/div><div class=\"flex_column av_one_full  flex_column_div av-zero-column-padding first  avia-builder-el-4  el_after_av_one_full  el_before_av_hr  column-top-margin\" style='border-radius:0px; '><section class=\"av_textblock_section \"  itemscope=\"itemscope\" itemtype=\"https:\/\/schema.org\/BlogPosting\" itemprop=\"blogPost\" ><div class='avia_textblock  '   itemprop=\"text\" ><p style=\"text-align: justify;\"><em>La convocatoria estar\u00e1 disponible hasta el 5 de marzo y va dirigida<\/em><em> a empresas e instituciones que desarrollen y ejecuten metodolog\u00edas de aceleraci\u00f3n de negocios para micro y peque\u00f1as empresas con potencial de crecimiento<\/em><em>.<\/em><\/p>\n<p style=\"text-align: justify;\">Apoyar iniciativas de empresas e instituciones que desarrollen y ejecuten metodolog\u00edas de aceleraci\u00f3n de negocios para micro y peque\u00f1as empresas, y que puedan disponibilizarlas en el ecosistema, es el foco principal del programa \u201cViraliza &#8211; Metodolog\u00edas de aceleraci\u00f3n para Mipes\u201d, impulsado por Corfo.<\/p>\n<p style=\"text-align: justify;\">Omar Mu\u00f1oz Sierra, director de Corfo Ays\u00e9n, detall\u00f3 los alcances del programa. \u201cEste es un llamado que hacemos a entidades que desarrollen metodolog\u00edas de aceleraci\u00f3n para micro y peque\u00f1as empresas. Buscamos acercar estas herramientas a las mipes de nuestra regi\u00f3n, que les permitan acelerar el crecimiento de su negocio, mejorar su competitividad y perspectivas de desarrollo y \u00e9xito. Como pa\u00eds vivimos tiempos complejos debido a la crisis sanitaria y econ\u00f3mica y este programa se suma a otros que desde Corfo estamos poniendo a disposici\u00f3n, para la reactivaci\u00f3n econ\u00f3mica y generaci\u00f3n de empleo en todo el territorio\u201d.<\/p>\n<p style=\"text-align: justify;\">Agreg\u00f3 que \u201cel programa busca acelerar los procesos de crecimiento y expansi\u00f3n de las empresas atendidas, as\u00ed como incorporar estrategias de financiamiento e innovaci\u00f3n continua, para transformarlas en empresas competitivas. En este sentido, los postulantes deber\u00e1n presentar iniciativas dirigidas a empresas con potencial de crecimiento, de menos de 6 a\u00f1os de antig\u00fcedad y en etapa de escalamiento\u201d, se\u00f1al\u00f3.<\/p>\n<p style=\"text-align: justify;\">El programa contempla la entrega de un cofinanciamiento de hasta el 70% del costo total de proyecto, con un tope de $30.000.000 a instituciones, empresas u organizaciones que desarrollen y ejecuten estas metodolog\u00edas para atender al menos a 30 empresas. El 30% restante debe ser aportado por la beneficiaria, asociada y\/o co-ejecutor del proyecto. En cuanto al tiempo de ejecuci\u00f3n de los proyectos que sean aprobados, este ser\u00e1 de hasta 10 meses, pudiendo prorrogarse por 4 meses m\u00e1s como m\u00e1ximo.<\/p>\n<p style=\"text-align: justify;\">Toda la informaci\u00f3n y las bases de postulaci\u00f3n al programa \u201cViraliza &#8211; Metodolog\u00eda de aceleraci\u00f3n para mipes de alto potencial\u201d se encuentran disponibles en <a href=\"http:\/\/www.corfo.cl\">www.corfo.cl<\/a>. M\u00e1s informaci\u00f3n en\u00a0 <a href=\"mailto:emprendimiento@corfo.cl\">emprendimiento@corfo.cl<\/a> o llamando al fono 600 586 8000.<\/p>\n<\/div><\/section><\/div><div  style='height:50px' class='hr hr-invisible   avia-builder-el-6  el_after_av_one_full  el_before_av_social_share '><span class='hr-inner ' ><span class='hr-inner-style'><\/span><\/span><\/div><\/p>\n<div  class='av-social-sharing-box  avia-builder-el-7  el_after_av_hr  el_before_av_hr  '><div class='av-share-box'><h5 class='av-share-link-description av-no-toc '>Compartir esta noticia<\/h5><ul class='av-share-box-list noLightbox'><li class='av-share-link av-social-link-facebook' ><a target=\"_blank\" aria-label=\"Compartir en Facebook\" href='https:\/\/www.facebook.com\/sharer.php?u=https:\/\/radiorevelacionfm.cl\/?p=2810&#038;t=Corfo%20abre%20programa%20para%20desarrollar%20metodolog%C3%ADas%20de%20aceleraci%C3%B3n%20para%20micro%20y%20peque%C3%B1as%20empresas' aria-hidden='false' data-av_icon='\ue8f3' data-av_iconfont='entypo-fontello' title='' data-avia-related-tooltip='Compartir en Facebook' rel=\"noopener\"><span class='avia_hidden_link_text'>Compartir en Facebook<\/span><\/a><\/li><li class='av-share-link av-social-link-twitter' ><a target=\"_blank\" aria-label=\"Compartir en Twitter\" href='https:\/\/twitter.com\/share?text=Corfo%20abre%20programa%20para%20desarrollar%20metodolog%C3%ADas%20de%20aceleraci%C3%B3n%20para%20micro%20y%20peque%C3%B1as%20empresas&#038;url=https:\/\/radiorevelacionfm.cl\/?p=2810' aria-hidden='false' data-av_icon='\ue8f1' data-av_iconfont='entypo-fontello' title='' data-avia-related-tooltip='Compartir en Twitter' rel=\"noopener\"><span class='avia_hidden_link_text'>Compartir en Twitter<\/span><\/a><\/li><li class='av-share-link av-social-link-whatsapp' ><a target=\"_blank\" aria-label=\"Compartir en Whatsapp\" href='https:\/\/api.whatsapp.com\/send?text=https:\/\/radiorevelacionfm.cl\/?p=2810' aria-hidden='false' data-av_icon='\uf232' data-av_iconfont='entypo-fontello' title='' data-avia-related-tooltip='Compartir en Whatsapp' rel=\"noopener\"><span class='avia_hidden_link_text'>Compartir en Whatsapp<\/span><\/a><\/li><li class='av-share-link av-social-link-linkedin' ><a target=\"_blank\" aria-label=\"Compartir en LinkedIn\" href='https:\/\/linkedin.com\/shareArticle?mini=true&#038;title=Corfo%20abre%20programa%20para%20desarrollar%20metodolog%C3%ADas%20de%20aceleraci%C3%B3n%20para%20micro%20y%20peque%C3%B1as%20empresas&#038;url=https:\/\/radiorevelacionfm.cl\/?p=2810' aria-hidden='false' data-av_icon='\ue8fc' data-av_iconfont='entypo-fontello' title='' data-avia-related-tooltip='Compartir en LinkedIn' rel=\"noopener\"><span class='avia_hidden_link_text'>Compartir en LinkedIn<\/span><\/a><\/li><li class='av-share-link av-social-link-mail' ><a  aria-label=\"Compartir por correo\" href='mailto:?subject=Corfo%20abre%20programa%20para%20desarrollar%20metodolog%C3%ADas%20de%20aceleraci%C3%B3n%20para%20micro%20y%20peque%C3%B1as%20empresas&#038;body=https:\/\/radiorevelacionfm.cl\/?p=2810' aria-hidden='false' data-av_icon='\ue805' data-av_iconfont='entypo-fontello' title='' data-avia-related-tooltip='Compartir por correo'><span class='avia_hidden_link_text'>Compartir por correo<\/span><\/a><\/li><\/ul><\/div><\/div>\n<div  style='height:50px' class='hr hr-invisible   avia-builder-el-8  el_after_av_social_share  el_before_av_comments_list '><span class='hr-inner ' ><span class='hr-inner-style'><\/span><\/span><\/div>\n<div  class='av-buildercomment  av-blog-meta-html-info-disabled av-blog-meta-tag-disabled  '><\/div>\n","protected":false},"excerpt":{"rendered":"","protected":false},"author":1,"featured_media":0,"comment_status":"open","ping_status":"open","sticky":false,"template":"","format":"standard","meta":{"footnotes":""},"categories":[37],"tags":[],"class_list":["post-2810","post","type-post","status-publish","format-standard","hentry","category-economia"],"jetpack_featured_media_url":"","_links":{"self":[{"href":"https:\/\/radiorevelacionfm.cl\/index.php?rest_route=\/wp\/v2\/posts\/2810","targetHints":{"allow":["GET"]}}],"collection":[{"href":"https:\/\/radiorevelacionfm.cl\/index.php?rest_route=\/wp\/v2\/posts"}],"about":[{"href":"https:\/\/radiorevelacionfm.cl\/index.php?rest_route=\/wp\/v2\/types\/post"}],"author":[{"embeddable":true,"href":"https:\/\/radiorevelacionfm.cl\/index.php?rest_route=\/wp\/v2\/users\/1"}],"replies":[{"embeddable":true,"href":"https:\/\/radiorevelacionfm.cl\/index.php?rest_route=%2Fwp%2Fv2%2Fcomments&post=2810"}],"version-history":[{"count":1,"href":"https:\/\/radiorevelacionfm.cl\/index.php?rest_route=\/wp\/v2\/posts\/2810\/revisions"}],"predecessor-version":[{"id":2812,"href":"https:\/\/radiorevelacionfm.cl\/index.php?rest_route=\/wp\/v2\/posts\/2810\/revisions\/2812"}],"wp:attachment":[{"href":"https:\/\/radiorevelacionfm.cl\/index.php?rest_route=%2Fwp%2Fv2%2Fmedia&parent=2810"}],"wp:term":[{"taxonomy":"category","embeddable":true,"href":"https:\/\/radiorevelacionfm.cl\/index.php?rest_route=%2Fwp%2Fv2%2Fcategories&post=2810"},{"taxonomy":"post_tag","embeddable":true,"href":"https:\/\/radiorevelacionfm.cl\/index.php?rest_route=%2Fwp%2Fv2%2Ftags&post=2810"}],"curies":[{"name":"wp","href":"https:\/\/api.w.org\/{rel}","templated":true}]}}