{"id":28098,"date":"2023-02-23T18:06:57","date_gmt":"2023-02-23T21:06:57","guid":{"rendered":"https:\/\/radiorevelacionfm.cl\/?p=28098"},"modified":"2023-02-23T18:06:57","modified_gmt":"2023-02-23T21:06:57","slug":"equipo-de-ruta-sin-barreras-realizo-conversatorio-en-municipio-de-aysen","status":"publish","type":"post","link":"https:\/\/radiorevelacionfm.cl\/?p=28098","title":{"rendered":"Equipo de Ruta sin barreras realiz\u00f3 conversatorio en municipio de Ays\u00e9n"},"content":{"rendered":"<div class=\"flex_column av_one_full  flex_column_div av-zero-column-padding first  avia-builder-el-0  el_before_av_one_full  avia-builder-el-first  \" style='border-radius:0px; '><div  class='avia-image-container  av-styling-    avia-builder-el-1  avia-builder-el-no-sibling  avia-align-center '  itemprop=\"image\" itemscope=\"itemscope\" itemtype=\"https:\/\/schema.org\/ImageObject\"  ><div class='avia-image-container-inner'><div class='avia-image-overlay-wrap'><img decoding=\"async\" class='wp-image-28099 avia-img-lazy-loading-not-28099 avia_image' src=\"https:\/\/radiorevelacionfm.cl\/wp-content\/uploads\/2023\/02\/Fotografia-3-1-1-1.jpg\" alt='' title='Fotograf\u00eda 3 (1) (1) (1)' height=\"600\" width=\"900\"  itemprop=\"thumbnailUrl\" srcset=\"https:\/\/radiorevelacionfm.cl\/wp-content\/uploads\/2023\/02\/Fotografia-3-1-1-1.jpg 900w, https:\/\/radiorevelacionfm.cl\/wp-content\/uploads\/2023\/02\/Fotografia-3-1-1-1-300x200.jpg 300w, https:\/\/radiorevelacionfm.cl\/wp-content\/uploads\/2023\/02\/Fotografia-3-1-1-1-768x512.jpg 768w, https:\/\/radiorevelacionfm.cl\/wp-content\/uploads\/2023\/02\/Fotografia-3-1-1-1-705x470.jpg 705w, https:\/\/radiorevelacionfm.cl\/wp-content\/uploads\/2023\/02\/Fotografia-3-1-1-1-600x400.jpg 600w\" sizes=\"(max-width: 900px) 100vw, 900px\" \/><\/div><\/div><\/div><\/div><div class=\"flex_column av_one_full  flex_column_div av-zero-column-padding first  avia-builder-el-2  el_after_av_one_full  el_before_av_one_full  column-top-margin\" style='border-radius:0px; '><section class=\"av_textblock_section \"  itemscope=\"itemscope\" itemtype=\"https:\/\/schema.org\/BlogPosting\" itemprop=\"blogPost\" ><div class='avia_textblock  '   itemprop=\"text\" ><p style=\"text-align: center;\"><span style=\"font-size: 18pt;\"><strong>Equipo de Ruta sin barreras realiz\u00f3 conversatorio en municipio de Ays\u00e9n <\/strong><\/span><\/p>\n<div id=\"gtx-trans\" style=\"position: absolute; left: -50px; top: 4.31534px;\">\n<div class=\"gtx-trans-icon\"><\/div>\n<\/div>\n<\/div><\/section><\/div><div class=\"flex_column av_one_full  flex_column_div av-zero-column-padding first  avia-builder-el-4  el_after_av_one_full  el_before_av_hr  column-top-margin\" style='border-radius:0px; '><section class=\"av_textblock_section \"  itemscope=\"itemscope\" itemtype=\"https:\/\/schema.org\/BlogPosting\" itemprop=\"blogPost\" ><div class='avia_textblock  '   itemprop=\"text\" ><p style=\"text-align: justify;\">Durante la jornada del mi\u00e9rcoles 22 de febrero se realiz\u00f3 un conversatorio entre el equipo de Ruta sin barreras, la agrupaci\u00f3n no vidente Visi\u00f3n de Futuro, la Oficina de Discapacidad de la Direcci\u00f3n de Desarrollo Comunitario y la Secretar\u00eda Comunal de Planificaci\u00f3n de la Ilustre Municipalidad de Ays\u00e9n.<\/p>\n<p style=\"text-align: justify;\">En la instancia, el equipo de Ruta sin barreras compuesto por una ciclista no vidente, su perro gu\u00eda y sus acompa\u00f1antes expusieron sobre espacio p\u00fablico, conectividad y c\u00f3mo la comuna de Ays\u00e9n se puede preparar para generar infraestructura y turismo inclusivo. Este equipo se encuentra realizando una traves\u00eda en bicicleta por la carretera austral, visitando localidades y conversando en distintas actividades sobre sus apreciaciones y vivencias.<\/p>\n<p style=\"text-align: justify;\">\u201cCreo que el trabajo intersectorial es fundamental para poder llevar a la comuna a ser una comuna inclusiva\u201d, coment\u00f3 Soledad Toro Ar\u00e9valo, l\u00edder del proyecto Ruta sin barreras.\u00a0 Asimismo, \u00c1ngel Maldonado director de la agrupaci\u00f3n Visi\u00f3n de futuro, agradeci\u00f3 la oportunidad que otorg\u00f3 el municipio para participar del conversatorio, \u201cfue una muy buena ense\u00f1anza. Me alegro de tener este espacio de conversaci\u00f3n donde nos enriquecemos todos y podamos salir adelante independiente de la capacidad que uno tenga\u201d.<\/p>\n<p style=\"text-align: justify;\">Desde el municipio de Ays\u00e9n, destacaron la visita de la agrupaci\u00f3n Ruta sin barreras, \u201ccreo que cuando esta administraci\u00f3n habla de un Ays\u00e9n somos todos, es establecer de que podamos conversar, podamos trabajar en los futuros proyectos, que sean inclusivos. Fue una reuni\u00f3n muy provechosa pensando en el bienestar de todos\u201d, comenta Marcos Co\u00f1uecar Villegas, alcalde (s) de la comuna de Ays\u00e9n.<\/p>\n<p style=\"text-align: justify;\">Por otro lado, la directora de la Secretar\u00eda Comunal de Planificaci\u00f3n de la Ilustre Municipalidad de Ays\u00e9n, Roc\u00edo B\u00f3rquez Jorquera, especific\u00f3 la importancia y el sentido de esta exposici\u00f3n para su departamento de profesionales, \u201cestamos muy contentas y contentos con el conversatorio que se origin\u00f3 junto al equipo de Ruta sin barreras, esta instancia genera conversaci\u00f3n sobre la inclusividad, sobre nuestro espacio p\u00fablico, sobre la conectividad y como nuestra regi\u00f3n est\u00e1 o no preparada para personas con discapacidad visual, para adultos mayores y todo tipo de personas con distintas necesidades. Todo lo que hoy se convers\u00f3 para nosotros es muy importante y muy relevante para poder trabajar en los proyectos que d\u00eda a d\u00eda se desarrollan en el municipio y para tener una comuna mejor, inclusiva para todas y todos\u201d.<\/p>\n<\/div><\/section><\/div><div  style='height:50px' class='hr hr-invisible   avia-builder-el-6  el_after_av_one_full  el_before_av_social_share '><span class='hr-inner ' ><span class='hr-inner-style'><\/span><\/span><\/div><\/p>\n<div  class='av-social-sharing-box  avia-builder-el-7  el_after_av_hr  el_before_av_hr  '><div class='av-share-box'><h5 class='av-share-link-description av-no-toc '>Compartir esta noticia<\/h5><ul class='av-share-box-list noLightbox'><li class='av-share-link av-social-link-facebook' ><a target=\"_blank\" aria-label=\"Compartir en Facebook\" href='https:\/\/www.facebook.com\/sharer.php?u=https:\/\/radiorevelacionfm.cl\/?p=28098&#038;t=Equipo%20de%20Ruta%20sin%20barreras%20realiz%C3%B3%20conversatorio%20en%20municipio%20de%20Ays%C3%A9n' aria-hidden='false' data-av_icon='\ue8f3' data-av_iconfont='entypo-fontello' title='' data-avia-related-tooltip='Compartir en Facebook' rel=\"noopener\"><span class='avia_hidden_link_text'>Compartir en Facebook<\/span><\/a><\/li><li class='av-share-link av-social-link-twitter' ><a target=\"_blank\" aria-label=\"Compartir en Twitter\" href='https:\/\/twitter.com\/share?text=Equipo%20de%20Ruta%20sin%20barreras%20realiz%C3%B3%20conversatorio%20en%20municipio%20de%20Ays%C3%A9n&#038;url=https:\/\/radiorevelacionfm.cl\/?p=28098' aria-hidden='false' data-av_icon='\ue8f1' data-av_iconfont='entypo-fontello' title='' data-avia-related-tooltip='Compartir en Twitter' rel=\"noopener\"><span class='avia_hidden_link_text'>Compartir en Twitter<\/span><\/a><\/li><li class='av-share-link av-social-link-whatsapp' ><a target=\"_blank\" aria-label=\"Compartir en Whatsapp\" href='https:\/\/api.whatsapp.com\/send?text=https:\/\/radiorevelacionfm.cl\/?p=28098' aria-hidden='false' data-av_icon='\uf232' data-av_iconfont='entypo-fontello' title='' data-avia-related-tooltip='Compartir en Whatsapp' rel=\"noopener\"><span class='avia_hidden_link_text'>Compartir en Whatsapp<\/span><\/a><\/li><li class='av-share-link av-social-link-linkedin' ><a target=\"_blank\" aria-label=\"Compartir en LinkedIn\" href='https:\/\/linkedin.com\/shareArticle?mini=true&#038;title=Equipo%20de%20Ruta%20sin%20barreras%20realiz%C3%B3%20conversatorio%20en%20municipio%20de%20Ays%C3%A9n&#038;url=https:\/\/radiorevelacionfm.cl\/?p=28098' aria-hidden='false' data-av_icon='\ue8fc' data-av_iconfont='entypo-fontello' title='' data-avia-related-tooltip='Compartir en LinkedIn' rel=\"noopener\"><span class='avia_hidden_link_text'>Compartir en LinkedIn<\/span><\/a><\/li><li class='av-share-link av-social-link-mail' ><a  aria-label=\"Compartir por correo\" href='mailto:?subject=Equipo%20de%20Ruta%20sin%20barreras%20realiz%C3%B3%20conversatorio%20en%20municipio%20de%20Ays%C3%A9n&#038;body=https:\/\/radiorevelacionfm.cl\/?p=28098' aria-hidden='false' data-av_icon='\ue805' data-av_iconfont='entypo-fontello' title='' data-avia-related-tooltip='Compartir por correo'><span class='avia_hidden_link_text'>Compartir por correo<\/span><\/a><\/li><\/ul><\/div><\/div>\n<div  style='height:50px' class='hr hr-invisible   avia-builder-el-8  el_after_av_social_share  el_before_av_comments_list '><span class='hr-inner ' ><span class='hr-inner-style'><\/span><\/span><\/div>\n<div  class='av-buildercomment  av-blog-meta-html-info-disabled av-blog-meta-tag-disabled  '><\/div>\n","protected":false},"excerpt":{"rendered":"","protected":false},"author":1,"featured_media":28099,"comment_status":"open","ping_status":"open","sticky":false,"template":"","format":"standard","meta":{"footnotes":""},"categories":[38],"tags":[],"class_list":["post-28098","post","type-post","status-publish","format-standard","has-post-thumbnail","hentry","category-regional"],"jetpack_featured_media_url":"https:\/\/radiorevelacionfm.cl\/wp-content\/uploads\/2023\/02\/Fotografia-3-1-1-1.jpg","_links":{"self":[{"href":"https:\/\/radiorevelacionfm.cl\/index.php?rest_route=\/wp\/v2\/posts\/28098","targetHints":{"allow":["GET"]}}],"collection":[{"href":"https:\/\/radiorevelacionfm.cl\/index.php?rest_route=\/wp\/v2\/posts"}],"about":[{"href":"https:\/\/radiorevelacionfm.cl\/index.php?rest_route=\/wp\/v2\/types\/post"}],"author":[{"embeddable":true,"href":"https:\/\/radiorevelacionfm.cl\/index.php?rest_route=\/wp\/v2\/users\/1"}],"replies":[{"embeddable":true,"href":"https:\/\/radiorevelacionfm.cl\/index.php?rest_route=%2Fwp%2Fv2%2Fcomments&post=28098"}],"version-history":[{"count":2,"href":"https:\/\/radiorevelacionfm.cl\/index.php?rest_route=\/wp\/v2\/posts\/28098\/revisions"}],"predecessor-version":[{"id":28106,"href":"https:\/\/radiorevelacionfm.cl\/index.php?rest_route=\/wp\/v2\/posts\/28098\/revisions\/28106"}],"wp:featuredmedia":[{"embeddable":true,"href":"https:\/\/radiorevelacionfm.cl\/index.php?rest_route=\/wp\/v2\/media\/28099"}],"wp:attachment":[{"href":"https:\/\/radiorevelacionfm.cl\/index.php?rest_route=%2Fwp%2Fv2%2Fmedia&parent=28098"}],"wp:term":[{"taxonomy":"category","embeddable":true,"href":"https:\/\/radiorevelacionfm.cl\/index.php?rest_route=%2Fwp%2Fv2%2Fcategories&post=28098"},{"taxonomy":"post_tag","embeddable":true,"href":"https:\/\/radiorevelacionfm.cl\/index.php?rest_route=%2Fwp%2Fv2%2Ftags&post=28098"}],"curies":[{"name":"wp","href":"https:\/\/api.w.org\/{rel}","templated":true}]}}