{"id":28094,"date":"2023-02-23T15:59:08","date_gmt":"2023-02-23T18:59:08","guid":{"rendered":"https:\/\/radiorevelacionfm.cl\/?p=28094"},"modified":"2023-02-23T15:59:08","modified_gmt":"2023-02-23T18:59:08","slug":"calisto-insiste-en-plan-de-conservacion-de-caminos-el-estado-de-las-rutas-sera-mucho-peor-en-invierno-si-no-actuamos-ahora","status":"publish","type":"post","link":"https:\/\/radiorevelacionfm.cl\/?p=28094","title":{"rendered":"Calisto insiste en plan de conservaci\u00f3n de caminos: \u201cEl estado de las rutas ser\u00e1 mucho peor en invierno si no actuamos ahora\u201d"},"content":{"rendered":"<div class=\"flex_column av_one_full  flex_column_div av-zero-column-padding first  avia-builder-el-0  el_before_av_one_full  avia-builder-el-first  \" style='border-radius:0px; '><div  class='avia-image-container  av-styling-    avia-builder-el-1  avia-builder-el-no-sibling  avia-align-center '  itemprop=\"image\" itemscope=\"itemscope\" itemtype=\"https:\/\/schema.org\/ImageObject\"  ><div class='avia-image-container-inner'><div class='avia-image-overlay-wrap'><img decoding=\"async\" class='wp-image-28095 avia-img-lazy-loading-not-28095 avia_image' src=\"https:\/\/radiorevelacionfm.cl\/wp-content\/uploads\/2023\/02\/CALISTO-CON-MINISTRO-MOP-1.jpeg\" alt='' title='CALISTO CON MINISTRO MOP (1)' height=\"603\" width=\"1068\"  itemprop=\"thumbnailUrl\" srcset=\"https:\/\/radiorevelacionfm.cl\/wp-content\/uploads\/2023\/02\/CALISTO-CON-MINISTRO-MOP-1.jpeg 1068w, https:\/\/radiorevelacionfm.cl\/wp-content\/uploads\/2023\/02\/CALISTO-CON-MINISTRO-MOP-1-300x169.jpeg 300w, https:\/\/radiorevelacionfm.cl\/wp-content\/uploads\/2023\/02\/CALISTO-CON-MINISTRO-MOP-1-1030x582.jpeg 1030w, https:\/\/radiorevelacionfm.cl\/wp-content\/uploads\/2023\/02\/CALISTO-CON-MINISTRO-MOP-1-768x434.jpeg 768w, https:\/\/radiorevelacionfm.cl\/wp-content\/uploads\/2023\/02\/CALISTO-CON-MINISTRO-MOP-1-705x398.jpeg 705w, https:\/\/radiorevelacionfm.cl\/wp-content\/uploads\/2023\/02\/CALISTO-CON-MINISTRO-MOP-1-600x339.jpeg 600w\" sizes=\"(max-width: 1068px) 100vw, 1068px\" \/><\/div><\/div><\/div><\/div><div class=\"flex_column av_one_full  flex_column_div av-zero-column-padding first  avia-builder-el-2  el_after_av_one_full  el_before_av_one_full  column-top-margin\" style='border-radius:0px; '><section class=\"av_textblock_section \"  itemscope=\"itemscope\" itemtype=\"https:\/\/schema.org\/BlogPosting\" itemprop=\"blogPost\" ><div class='avia_textblock  '   itemprop=\"text\" ><p style=\"text-align: center;\"><span style=\"font-size: 18pt;\"><b><span lang=\"ES\">Calisto insiste en plan de conservaci\u00f3n de caminos: \u201cEl estado de las rutas ser\u00e1 mucho peor en invierno si no actuamos ahora\u201d<\/span><\/b><\/span><\/p>\n<div id=\"gtx-trans\" style=\"position: absolute; left: -50px; top: 4.31534px;\">\n<div class=\"gtx-trans-icon\"><\/div>\n<\/div>\n<\/div><\/section><\/div><div class=\"flex_column av_one_full  flex_column_div av-zero-column-padding first  avia-builder-el-4  el_after_av_one_full  el_before_av_hr  column-top-margin\" style='border-radius:0px; '><section class=\"av_textblock_section \"  itemscope=\"itemscope\" itemtype=\"https:\/\/schema.org\/BlogPosting\" itemprop=\"blogPost\" ><div class='avia_textblock  '   itemprop=\"text\" ><p style=\"font-weight: 400; text-align: justify;\">Cuando falta poco para que comience una nueva temporada invernal en la regi\u00f3n de Ays\u00e9n, el diputado Miguel \u00c1ngel Calisto reiter\u00f3 el llamado al Gobierno para implementar un plan de conservaci\u00f3n y mantenimiento de caminos, tema que le plante\u00f3 al propio Ministro de Obras P\u00fablicas, Juan Carlos Garc\u00eda, cuando visit\u00f3 la regi\u00f3n hace algunas semanas.<\/p>\n<p style=\"font-weight: 400; text-align: justify;\">Seg\u00fan el legislador, \u201cen la \u00faltima visita que realiz\u00f3 el Ministro de Obras P\u00fablicas a la Regi\u00f3n, le reiteramos que es importante implementar un plan de mantenci\u00f3n y conservaci\u00f3n de rutas en la regi\u00f3n de Ays\u00e9n. Lamentablemente, cuando viajamos por las rutas de Ays\u00e9n, nos encontramos con caminos que est\u00e1n en p\u00e9simas condiciones, con muchos hoyos, lo que claramente afecta en la calidad de vida de las familias que viven en localidades\u201d.<\/p>\n<p style=\"font-weight: 400; text-align: justify;\">\u201cEsto en la actualidad es un problema para la gente que hoy en d\u00eda transita por la regi\u00f3n en el marco de la temporada tur\u00edstica. Sin embargo, el problema se acrecentar\u00e1 durante el a\u00f1o para las familias, con la llegada del invierno, las nevadas y las lluvias\u201d, se\u00f1al\u00f3.<\/p>\n<p style=\"font-weight: 400; text-align: justify;\">Calisto agreg\u00f3 que \u201ces fundamental preparar y mantener las carreteras con miras al invierno que ya est\u00e1 por llegar. No podemos repetir lo que sucedi\u00f3 el invierno pasado, donde tuvimos una sola m\u00e1quina para poder mantener los caminos y despejar la nieve. Eso no puede volver a ocurrir\u201d.<\/p>\n<p style=\"font-weight: 400; text-align: justify;\">Finalmente, el diputado Miguel \u00c1ngel Calisto se\u00f1al\u00f3 que \u201cpor eso, le pedimos al Ministro de Obras P\u00fablicas que se implemente r\u00e1pidamente un plan de invierno, para la conservaci\u00f3n y mantenci\u00f3n de rutas y se aseguren todas las maquinarias para el despeje de nieve, adem\u00e1s de un plan de pavimentaci\u00f3n y conservaci\u00f3n de caminos para todo el a\u00f1o. Esto es fundamental en una regi\u00f3n como la nuestra\u201d.<\/p>\n<\/div><\/section><\/div><div  style='height:50px' class='hr hr-invisible   avia-builder-el-6  el_after_av_one_full  el_before_av_social_share '><span class='hr-inner ' ><span class='hr-inner-style'><\/span><\/span><\/div><\/p>\n<div  class='av-social-sharing-box  avia-builder-el-7  el_after_av_hr  el_before_av_hr  '><div class='av-share-box'><h5 class='av-share-link-description av-no-toc '>Compartir esta noticia<\/h5><ul class='av-share-box-list noLightbox'><li class='av-share-link av-social-link-facebook' ><a target=\"_blank\" aria-label=\"Compartir en Facebook\" href='https:\/\/www.facebook.com\/sharer.php?u=https:\/\/radiorevelacionfm.cl\/?p=28094&#038;t=Calisto%20insiste%20en%20plan%20de%20conservaci%C3%B3n%20de%20caminos%3A%20%E2%80%9CEl%20estado%20de%20las%20rutas%20ser%C3%A1%20mucho%20peor%20en%20invierno%20si%20no%20actuamos%20ahora%E2%80%9D' aria-hidden='false' data-av_icon='\ue8f3' data-av_iconfont='entypo-fontello' title='' data-avia-related-tooltip='Compartir en Facebook' rel=\"noopener\"><span class='avia_hidden_link_text'>Compartir en Facebook<\/span><\/a><\/li><li class='av-share-link av-social-link-twitter' ><a target=\"_blank\" aria-label=\"Compartir en Twitter\" href='https:\/\/twitter.com\/share?text=Calisto%20insiste%20en%20plan%20de%20conservaci%C3%B3n%20de%20caminos%3A%20%E2%80%9CEl%20estado%20de%20las%20rutas%20ser%C3%A1%20mucho%20peor%20en%20invierno%20si%20no%20actuamos%20ahora%E2%80%9D&#038;url=https:\/\/radiorevelacionfm.cl\/?p=28094' aria-hidden='false' data-av_icon='\ue8f1' data-av_iconfont='entypo-fontello' title='' data-avia-related-tooltip='Compartir en Twitter' rel=\"noopener\"><span class='avia_hidden_link_text'>Compartir en Twitter<\/span><\/a><\/li><li class='av-share-link av-social-link-whatsapp' ><a target=\"_blank\" aria-label=\"Compartir en Whatsapp\" href='https:\/\/api.whatsapp.com\/send?text=https:\/\/radiorevelacionfm.cl\/?p=28094' aria-hidden='false' data-av_icon='\uf232' data-av_iconfont='entypo-fontello' title='' data-avia-related-tooltip='Compartir en Whatsapp' rel=\"noopener\"><span class='avia_hidden_link_text'>Compartir en Whatsapp<\/span><\/a><\/li><li class='av-share-link av-social-link-linkedin' ><a target=\"_blank\" aria-label=\"Compartir en LinkedIn\" href='https:\/\/linkedin.com\/shareArticle?mini=true&#038;title=Calisto%20insiste%20en%20plan%20de%20conservaci%C3%B3n%20de%20caminos%3A%20%E2%80%9CEl%20estado%20de%20las%20rutas%20ser%C3%A1%20mucho%20peor%20en%20invierno%20si%20no%20actuamos%20ahora%E2%80%9D&#038;url=https:\/\/radiorevelacionfm.cl\/?p=28094' aria-hidden='false' data-av_icon='\ue8fc' data-av_iconfont='entypo-fontello' title='' data-avia-related-tooltip='Compartir en LinkedIn' rel=\"noopener\"><span class='avia_hidden_link_text'>Compartir en LinkedIn<\/span><\/a><\/li><li class='av-share-link av-social-link-mail' ><a  aria-label=\"Compartir por correo\" href='mailto:?subject=Calisto%20insiste%20en%20plan%20de%20conservaci%C3%B3n%20de%20caminos%3A%20%E2%80%9CEl%20estado%20de%20las%20rutas%20ser%C3%A1%20mucho%20peor%20en%20invierno%20si%20no%20actuamos%20ahora%E2%80%9D&#038;body=https:\/\/radiorevelacionfm.cl\/?p=28094' aria-hidden='false' data-av_icon='\ue805' data-av_iconfont='entypo-fontello' title='' data-avia-related-tooltip='Compartir por correo'><span class='avia_hidden_link_text'>Compartir por correo<\/span><\/a><\/li><\/ul><\/div><\/div>\n<div  style='height:50px' class='hr hr-invisible   avia-builder-el-8  el_after_av_social_share  el_before_av_comments_list '><span class='hr-inner ' ><span class='hr-inner-style'><\/span><\/span><\/div>\n<div  class='av-buildercomment  av-blog-meta-html-info-disabled av-blog-meta-tag-disabled  '><\/div>\n","protected":false},"excerpt":{"rendered":"","protected":false},"author":1,"featured_media":28095,"comment_status":"open","ping_status":"open","sticky":false,"template":"","format":"standard","meta":{"footnotes":""},"categories":[35],"tags":[],"class_list":["post-28094","post","type-post","status-publish","format-standard","has-post-thumbnail","hentry","category-politica"],"jetpack_featured_media_url":"https:\/\/radiorevelacionfm.cl\/wp-content\/uploads\/2023\/02\/CALISTO-CON-MINISTRO-MOP-1.jpeg","_links":{"self":[{"href":"https:\/\/radiorevelacionfm.cl\/index.php?rest_route=\/wp\/v2\/posts\/28094","targetHints":{"allow":["GET"]}}],"collection":[{"href":"https:\/\/radiorevelacionfm.cl\/index.php?rest_route=\/wp\/v2\/posts"}],"about":[{"href":"https:\/\/radiorevelacionfm.cl\/index.php?rest_route=\/wp\/v2\/types\/post"}],"author":[{"embeddable":true,"href":"https:\/\/radiorevelacionfm.cl\/index.php?rest_route=\/wp\/v2\/users\/1"}],"replies":[{"embeddable":true,"href":"https:\/\/radiorevelacionfm.cl\/index.php?rest_route=%2Fwp%2Fv2%2Fcomments&post=28094"}],"version-history":[{"count":2,"href":"https:\/\/radiorevelacionfm.cl\/index.php?rest_route=\/wp\/v2\/posts\/28094\/revisions"}],"predecessor-version":[{"id":28097,"href":"https:\/\/radiorevelacionfm.cl\/index.php?rest_route=\/wp\/v2\/posts\/28094\/revisions\/28097"}],"wp:featuredmedia":[{"embeddable":true,"href":"https:\/\/radiorevelacionfm.cl\/index.php?rest_route=\/wp\/v2\/media\/28095"}],"wp:attachment":[{"href":"https:\/\/radiorevelacionfm.cl\/index.php?rest_route=%2Fwp%2Fv2%2Fmedia&parent=28094"}],"wp:term":[{"taxonomy":"category","embeddable":true,"href":"https:\/\/radiorevelacionfm.cl\/index.php?rest_route=%2Fwp%2Fv2%2Fcategories&post=28094"},{"taxonomy":"post_tag","embeddable":true,"href":"https:\/\/radiorevelacionfm.cl\/index.php?rest_route=%2Fwp%2Fv2%2Ftags&post=28094"}],"curies":[{"name":"wp","href":"https:\/\/api.w.org\/{rel}","templated":true}]}}