{"id":28091,"date":"2023-02-24T19:03:07","date_gmt":"2023-02-24T22:03:07","guid":{"rendered":"https:\/\/radiorevelacionfm.cl\/?p=28091"},"modified":"2023-02-24T19:03:07","modified_gmt":"2023-02-24T22:03:07","slug":"estudio-de-infor-permitira-caracterizar-y-diferenciar-las-mieles-de-aysen","status":"publish","type":"post","link":"https:\/\/radiorevelacionfm.cl\/?p=28091","title":{"rendered":"Estudio de INFOR permitir\u00e1 caracterizar y diferenciar las mieles de Ays\u00e9n"},"content":{"rendered":"<div class=\"flex_column av_one_full  flex_column_div av-zero-column-padding first  avia-builder-el-0  el_before_av_one_full  avia-builder-el-first  \" style='border-radius:0px; '><div  class='avia-image-container  av-styling-    avia-builder-el-1  avia-builder-el-no-sibling  avia-align-center '  itemprop=\"image\" itemscope=\"itemscope\" itemtype=\"https:\/\/schema.org\/ImageObject\"  ><div class='avia-image-container-inner'><div class='avia-image-overlay-wrap'><img decoding=\"async\" class='wp-image-28092 avia-img-lazy-loading-not-28092 avia_image' src=\"https:\/\/radiorevelacionfm.cl\/wp-content\/uploads\/2023\/02\/Estudio-Caracterizacion-Miel-02-1-1.jpg\" alt='' title='Estudio Caracterizacion Miel 02 (1) (1)' height=\"600\" width=\"808\"  itemprop=\"thumbnailUrl\" srcset=\"https:\/\/radiorevelacionfm.cl\/wp-content\/uploads\/2023\/02\/Estudio-Caracterizacion-Miel-02-1-1.jpg 808w, https:\/\/radiorevelacionfm.cl\/wp-content\/uploads\/2023\/02\/Estudio-Caracterizacion-Miel-02-1-1-300x223.jpg 300w, https:\/\/radiorevelacionfm.cl\/wp-content\/uploads\/2023\/02\/Estudio-Caracterizacion-Miel-02-1-1-768x570.jpg 768w, https:\/\/radiorevelacionfm.cl\/wp-content\/uploads\/2023\/02\/Estudio-Caracterizacion-Miel-02-1-1-705x524.jpg 705w, https:\/\/radiorevelacionfm.cl\/wp-content\/uploads\/2023\/02\/Estudio-Caracterizacion-Miel-02-1-1-600x446.jpg 600w\" sizes=\"(max-width: 808px) 100vw, 808px\" \/><\/div><\/div><\/div><\/div><div class=\"flex_column av_one_full  flex_column_div av-zero-column-padding first  avia-builder-el-2  el_after_av_one_full  el_before_av_one_full  column-top-margin\" style='border-radius:0px; '><section class=\"av_textblock_section \"  itemscope=\"itemscope\" itemtype=\"https:\/\/schema.org\/BlogPosting\" itemprop=\"blogPost\" ><div class='avia_textblock  '   itemprop=\"text\" ><p style=\"text-align: center;\"><strong><span style=\"font-size: 18pt;\">Estudio de INFOR permitir\u00e1 caracterizar y diferenciar las mieles de Ays\u00e9n <\/span><\/strong><\/p>\n<div id=\"gtx-trans\" style=\"position: absolute; left: -50px; top: 4.31534px;\">\n<div class=\"gtx-trans-icon\"><\/div>\n<\/div>\n<\/div><\/section><\/div><div class=\"flex_column av_one_full  flex_column_div av-zero-column-padding first  avia-builder-el-4  el_after_av_one_full  el_before_av_hr  column-top-margin\" style='border-radius:0px; '><section class=\"av_textblock_section \"  itemscope=\"itemscope\" itemtype=\"https:\/\/schema.org\/BlogPosting\" itemprop=\"blogPost\" ><div class='avia_textblock  '   itemprop=\"text\" ><p style=\"text-align: justify;\">Las veinticuatro muestras que componen este estudio, ya fueron analizadas en relaci\u00f3n a par\u00e1metros f\u00edsicos, compuestos bioactivos y actividad antioxidante, a\u00fan resta conocer algunos par\u00e1metros que permitir\u00e1n caracterizar las mieles de la Patagonia.<\/p>\n<p style=\"text-align: justify;\">El Instituto Forestal (INFOR) -organismo dependiente del Ministerio de Agricultura- se encuentra realizando el estudio \u00abCaracterizaci\u00f3n y diferenciaci\u00f3n de la miel producida en diferentes zonas de la Patagonia aysenina\u00bb, apoyado por la Fundaci\u00f3n para Innovaci\u00f3n Agraria (FIA) y espera tener resultados completos a mediados del primer semestre del presente a\u00f1o.<\/p>\n<p style=\"text-align: justify;\">La iniciativa que desarrolla la Sede INFOR Patagonia, nace como una inquietud de algunas apicultoras de la zona norte de la regi\u00f3n de Ays\u00e9n por conocer las propiedades de las mieles de la regi\u00f3n, la que fue canalizada por la Secretaria Ministerial de Agricultura de Ays\u00e9n al INFOR Patagonia, para ser presentada a la Convocatoria Nacional 2021 de FIA \u201cEstudios para la Innovaci\u00f3n\u201d y contar con el financiamiento que actualmente permite analizar muestras de miel, de las 4 principales ecorregiones de Ays\u00e9n.<\/p>\n<p style=\"text-align: justify;\">El estudio es liderado por el gerente de la Sede Patagonia de INFOR, Jaime Salinas, quien se\u00f1ala que \u00ablas condiciones de esta regi\u00f3n, como sus ambientes libres de pesticidas, contaminantes y transg\u00e9nicos, libre de la enfermedad Loque americana que aqueja a la apicultura, entre otros factores, hacen propicio un potencial de crecimiento del sector, pero para eso primero debemos conocer la calidad de la miel regional y profesionalizar el rubro\u00bb.<\/p>\n<p style=\"text-align: justify;\">En la regi\u00f3n de Ays\u00e9n, la apicultura est\u00e1 constituida por aproximadamente 60 apicultores y 1.569 colmenas, siendo \u00e9sta una cifra muy menor en comparaci\u00f3n con otras regiones del pa\u00eds. Actualmente, el estudio de INFOR est\u00e1 en la fase de an\u00e1lisis de las muestras en 3 distintos laboratorios del pa\u00eds: en el Instituto de Investigaciones Agropecuarias (INIA, La Platina), donde se realiz\u00f3 el an\u00e1lisis f\u00edsicoqu\u00edmico y calidad; en el laboratorio Dictuc de la Universidad Cat\u00f3lica, se obtuvieron resultados en torno al an\u00e1lisis de microorganismos y bacterias; y en el laboratorio de la Pontificia Universidad Cat\u00f3lica de Chile, se espera conseguir resultados en relaci\u00f3n al an\u00e1lisis bot\u00e1nico.<\/p>\n<p style=\"text-align: justify;\">El seremi Agricultura de la regi\u00f3n de Ays\u00e9n, Alan Espinoza, se\u00f1al\u00f3 que \u00abeste estudio nos entrega una oportunidad de conocer informaci\u00f3n muy valiosa para generar atributos, \u00fanicos y diferenciadores de las mieles de Ays\u00e9n, pudiendo potenciar el valor productivo para los apicultores de nuestra regi\u00f3n\u00bb.<\/p>\n<p style=\"text-align: justify;\">La representante regional de FIA, Deysi Rubilar Vel\u00e1squez, recalca tambi\u00e9n la importancia de la informaci\u00f3n proporcionada por este estudio, el cual, a trav\u00e9s de la identificaci\u00f3n de las caracter\u00edsticas de estas mieles asociadas a los ecosistemas pr\u00edstinos y especies mel\u00edferas de los cuatro territorios estudiados, permitir\u00e1 en un segundo tiempo la valorizaci\u00f3n de este producto regional.<\/p>\n<p style=\"text-align: justify;\">A la fecha, los apicultores y apicultoras que facilitaron las muestras para el estudio, han podido conocer algunos resultados preliminares del mismo, que dicen relaci\u00f3n con el an\u00e1lisis f\u00edsico, compuestos bioactivos y actividad antioxidante, siendo hasta ahora una de las particularidades a destacar la amplia gama de colores que presentan las mieles de la regi\u00f3n, dependiendo del sector geogr\u00e1fico del cual provengan.<\/p>\n<p style=\"text-align: justify;\">En relaci\u00f3n a lo anterior, Pablo Ulloa, encargado del Laboratorio de Servicios Anal\u00edticos para Mieles de INIA, indic\u00f3 que \u00abdentro de las particularidades de las muestras analizadas de la zona Patagonia es la diversidad de colores que abarcaron toda la gama de coloraci\u00f3n para mieles que es posible establecer mediante escala Pfund, caracter\u00edstica proveniente claramente de la floraci\u00f3n de la vegetaci\u00f3n presente en los diferentes sectores, lo que hacen obtener mieles muy diferentes y distintivas de esta regi\u00f3n\u00bb.<\/p>\n<p style=\"text-align: justify;\">Adem\u00e1s, se destaca que las veinticuatro muestras analizadas cumplen con la normativa chilena NCh616:2007 para la mayor\u00eda de los par\u00e1metros fisicoqu\u00edmico y de calidad, en los procesos de manejo, tanto en cosecha como en manipulaci\u00f3n, lo que permiten asegurar un producto final de calidad.<\/p>\n<\/div><\/section><\/div><div  style='height:50px' class='hr hr-invisible   avia-builder-el-6  el_after_av_one_full  el_before_av_social_share '><span class='hr-inner ' ><span class='hr-inner-style'><\/span><\/span><\/div><\/p>\n<div  class='av-social-sharing-box  avia-builder-el-7  el_after_av_hr  el_before_av_hr  '><div class='av-share-box'><h5 class='av-share-link-description av-no-toc '>Compartir esta noticia<\/h5><ul class='av-share-box-list noLightbox'><li class='av-share-link av-social-link-facebook' ><a target=\"_blank\" aria-label=\"Compartir en Facebook\" href='https:\/\/www.facebook.com\/sharer.php?u=https:\/\/radiorevelacionfm.cl\/?p=28091&#038;t=Estudio%20de%20INFOR%20permitir%C3%A1%20caracterizar%20y%20diferenciar%20las%20mieles%20de%20Ays%C3%A9n' aria-hidden='false' data-av_icon='\ue8f3' data-av_iconfont='entypo-fontello' title='' data-avia-related-tooltip='Compartir en Facebook' rel=\"noopener\"><span class='avia_hidden_link_text'>Compartir en Facebook<\/span><\/a><\/li><li class='av-share-link av-social-link-twitter' ><a target=\"_blank\" aria-label=\"Compartir en Twitter\" href='https:\/\/twitter.com\/share?text=Estudio%20de%20INFOR%20permitir%C3%A1%20caracterizar%20y%20diferenciar%20las%20mieles%20de%20Ays%C3%A9n&#038;url=https:\/\/radiorevelacionfm.cl\/?p=28091' aria-hidden='false' data-av_icon='\ue8f1' data-av_iconfont='entypo-fontello' title='' data-avia-related-tooltip='Compartir en Twitter' rel=\"noopener\"><span class='avia_hidden_link_text'>Compartir en Twitter<\/span><\/a><\/li><li class='av-share-link av-social-link-whatsapp' ><a target=\"_blank\" aria-label=\"Compartir en Whatsapp\" href='https:\/\/api.whatsapp.com\/send?text=https:\/\/radiorevelacionfm.cl\/?p=28091' aria-hidden='false' data-av_icon='\uf232' data-av_iconfont='entypo-fontello' title='' data-avia-related-tooltip='Compartir en Whatsapp' rel=\"noopener\"><span class='avia_hidden_link_text'>Compartir en Whatsapp<\/span><\/a><\/li><li class='av-share-link av-social-link-linkedin' ><a target=\"_blank\" aria-label=\"Compartir en LinkedIn\" href='https:\/\/linkedin.com\/shareArticle?mini=true&#038;title=Estudio%20de%20INFOR%20permitir%C3%A1%20caracterizar%20y%20diferenciar%20las%20mieles%20de%20Ays%C3%A9n&#038;url=https:\/\/radiorevelacionfm.cl\/?p=28091' aria-hidden='false' data-av_icon='\ue8fc' data-av_iconfont='entypo-fontello' title='' data-avia-related-tooltip='Compartir en LinkedIn' rel=\"noopener\"><span class='avia_hidden_link_text'>Compartir en LinkedIn<\/span><\/a><\/li><li class='av-share-link av-social-link-mail' ><a  aria-label=\"Compartir por correo\" href='mailto:?subject=Estudio%20de%20INFOR%20permitir%C3%A1%20caracterizar%20y%20diferenciar%20las%20mieles%20de%20Ays%C3%A9n&#038;body=https:\/\/radiorevelacionfm.cl\/?p=28091' aria-hidden='false' data-av_icon='\ue805' data-av_iconfont='entypo-fontello' title='' data-avia-related-tooltip='Compartir por correo'><span class='avia_hidden_link_text'>Compartir por correo<\/span><\/a><\/li><\/ul><\/div><\/div>\n<div  style='height:50px' class='hr hr-invisible   avia-builder-el-8  el_after_av_social_share  el_before_av_comments_list '><span class='hr-inner ' ><span class='hr-inner-style'><\/span><\/span><\/div>\n<div  class='av-buildercomment  av-blog-meta-html-info-disabled av-blog-meta-tag-disabled  '><\/div>\n","protected":false},"excerpt":{"rendered":"","protected":false},"author":1,"featured_media":28092,"comment_status":"open","ping_status":"open","sticky":false,"template":"","format":"standard","meta":{"footnotes":""},"categories":[58],"tags":[],"class_list":["post-28091","post","type-post","status-publish","format-standard","has-post-thumbnail","hentry","category-agricultura"],"jetpack_featured_media_url":"https:\/\/radiorevelacionfm.cl\/wp-content\/uploads\/2023\/02\/Estudio-Caracterizacion-Miel-02-1-1.jpg","_links":{"self":[{"href":"https:\/\/radiorevelacionfm.cl\/index.php?rest_route=\/wp\/v2\/posts\/28091","targetHints":{"allow":["GET"]}}],"collection":[{"href":"https:\/\/radiorevelacionfm.cl\/index.php?rest_route=\/wp\/v2\/posts"}],"about":[{"href":"https:\/\/radiorevelacionfm.cl\/index.php?rest_route=\/wp\/v2\/types\/post"}],"author":[{"embeddable":true,"href":"https:\/\/radiorevelacionfm.cl\/index.php?rest_route=\/wp\/v2\/users\/1"}],"replies":[{"embeddable":true,"href":"https:\/\/radiorevelacionfm.cl\/index.php?rest_route=%2Fwp%2Fv2%2Fcomments&post=28091"}],"version-history":[{"count":2,"href":"https:\/\/radiorevelacionfm.cl\/index.php?rest_route=\/wp\/v2\/posts\/28091\/revisions"}],"predecessor-version":[{"id":28152,"href":"https:\/\/radiorevelacionfm.cl\/index.php?rest_route=\/wp\/v2\/posts\/28091\/revisions\/28152"}],"wp:featuredmedia":[{"embeddable":true,"href":"https:\/\/radiorevelacionfm.cl\/index.php?rest_route=\/wp\/v2\/media\/28092"}],"wp:attachment":[{"href":"https:\/\/radiorevelacionfm.cl\/index.php?rest_route=%2Fwp%2Fv2%2Fmedia&parent=28091"}],"wp:term":[{"taxonomy":"category","embeddable":true,"href":"https:\/\/radiorevelacionfm.cl\/index.php?rest_route=%2Fwp%2Fv2%2Fcategories&post=28091"},{"taxonomy":"post_tag","embeddable":true,"href":"https:\/\/radiorevelacionfm.cl\/index.php?rest_route=%2Fwp%2Fv2%2Ftags&post=28091"}],"curies":[{"name":"wp","href":"https:\/\/api.w.org\/{rel}","templated":true}]}}