{"id":28087,"date":"2023-02-23T14:45:24","date_gmt":"2023-02-23T17:45:24","guid":{"rendered":"https:\/\/radiorevelacionfm.cl\/?p=28087"},"modified":"2023-02-23T14:45:24","modified_gmt":"2023-02-23T17:45:24","slug":"cochrane-dispondra-de-instrumento-de-planificacion-para-impulsar-las-artes-y-la-cultura-local","status":"publish","type":"post","link":"https:\/\/radiorevelacionfm.cl\/?p=28087","title":{"rendered":"Cochrane dispondr\u00e1 de instrumento de planificaci\u00f3n para impulsar las artes y la cultura local"},"content":{"rendered":"<div class=\"flex_column av_one_full  flex_column_div av-zero-column-padding first  avia-builder-el-0  el_before_av_one_full  avia-builder-el-first  \" style='border-radius:0px; '><div  class='avia-image-container  av-styling-    avia-builder-el-1  avia-builder-el-no-sibling  avia-align-center '  itemprop=\"image\" itemscope=\"itemscope\" itemtype=\"https:\/\/schema.org\/ImageObject\"  ><div class='avia-image-container-inner'><div class='avia-image-overlay-wrap'><img decoding=\"async\" class='wp-image-28088 avia-img-lazy-loading-not-28088 avia_image' src=\"https:\/\/radiorevelacionfm.cl\/wp-content\/uploads\/2023\/02\/foto-2-actividad-en-centro-cultural-cochrane-1_optimized.jpg\" alt='' title='foto-2 - -actividad-en-centro-cultural-cochrane-(1)_optimized' height=\"600\" width=\"899\"  itemprop=\"thumbnailUrl\" srcset=\"https:\/\/radiorevelacionfm.cl\/wp-content\/uploads\/2023\/02\/foto-2-actividad-en-centro-cultural-cochrane-1_optimized.jpg 899w, https:\/\/radiorevelacionfm.cl\/wp-content\/uploads\/2023\/02\/foto-2-actividad-en-centro-cultural-cochrane-1_optimized-300x200.jpg 300w, https:\/\/radiorevelacionfm.cl\/wp-content\/uploads\/2023\/02\/foto-2-actividad-en-centro-cultural-cochrane-1_optimized-768x513.jpg 768w, https:\/\/radiorevelacionfm.cl\/wp-content\/uploads\/2023\/02\/foto-2-actividad-en-centro-cultural-cochrane-1_optimized-705x471.jpg 705w, https:\/\/radiorevelacionfm.cl\/wp-content\/uploads\/2023\/02\/foto-2-actividad-en-centro-cultural-cochrane-1_optimized-600x400.jpg 600w\" sizes=\"(max-width: 899px) 100vw, 899px\" \/><\/div><\/div><\/div><\/div><div class=\"flex_column av_one_full  flex_column_div av-zero-column-padding first  avia-builder-el-2  el_after_av_one_full  el_before_av_one_full  column-top-margin\" style='border-radius:0px; '><section class=\"av_textblock_section \"  itemscope=\"itemscope\" itemtype=\"https:\/\/schema.org\/BlogPosting\" itemprop=\"blogPost\" ><div class='avia_textblock  '   itemprop=\"text\" ><p style=\"text-align: center;\"><span style=\"font-size: 18pt;\"><b>Cochrane dispondr\u00e1 de instrumento de planificaci\u00f3n para impulsar las artes y la cultura local<\/b><\/span><\/p>\n<div id=\"gtx-trans\" style=\"position: absolute; left: -50px; top: 4.31534px;\">\n<div class=\"gtx-trans-icon\"><\/div>\n<\/div>\n<\/div><\/section><\/div><div class=\"flex_column av_one_full  flex_column_div av-zero-column-padding first  avia-builder-el-4  el_after_av_one_full  el_before_av_hr  column-top-margin\" style='border-radius:0px; '><section class=\"av_textblock_section \"  itemscope=\"itemscope\" itemtype=\"https:\/\/schema.org\/BlogPosting\" itemprop=\"blogPost\" ><div class='avia_textblock  '   itemprop=\"text\" ><p style=\"text-align: justify;\">A partir de la participaci\u00f3n ciudadana y en sinton\u00eda con la coconstrucci\u00f3n, el Centro Cultural de Cochrane dio un gran paso despu\u00e9s de que autoridades de la comuna aprobaran el Plan de Gesti\u00f3n, tim\u00f3n que dirigir\u00e1 el trabajo de la entidad.<\/p>\n<p style=\"text-align: justify;\">Esta semana el Concejo Municipal de Cochrane dio luz verde al Plan de Gesti\u00f3n (PG), instrumento de planificaci\u00f3n que establece bases y acciones para el quehacer del Centro Cultural de Cochrane, tanto en materia program\u00e1tica como en la implementaci\u00f3n de espacios ciudadanos con el fin de garantizar el derecho de goce y disfrute de las artes.<\/p>\n<p style=\"text-align: justify;\">La validaci\u00f3n del PG, que involucra a la casa edilicia de la comuna y el programa Red Cultura de la Secretar\u00eda Regional Ministerial de las Culturas, las Artes y el Patrimonio Ays\u00e9n, abre las posibilidades territoriales, sobre todo lo relacionado a la promoci\u00f3n de actividades, mediaci\u00f3n de audiencias y mantenimiento del recinto con equipamiento acorde a las necesidades.<\/p>\n<p style=\"text-align: justify;\">Es por esto que el seremi de Culturas Ays\u00e9n, Felipe Quiroz, valor\u00f3 la aprobaci\u00f3n del instrumento, el cual entrar\u00e1 en vigencia en los pr\u00f3ximos d\u00edas: \u201cEl PG del Centro Cultural de Cochrane viene a profundizar la democracia cultural, entendida como una forma en que las comunidades velan por su programaci\u00f3n y la gesti\u00f3n cultural del territorio que habitan, ya que son ellas quienes levantan de forma participativa con el gobierno local, es decir las municipalidades, una hoja de ruta com\u00fan\u201d.<\/p>\n<p style=\"text-align: justify;\">El ente responsable de la elaboraci\u00f3n del instrumento que guiar\u00e1 el actuar institucional, fue la consultora La Estancia, y el proceso fue abordado junto a Danilo Cruces, encargado del espacio cultural. Danilo y Edgardo Tram\u00f3n, representante de la consultora, dieron a conocer la noticia durante la transmisi\u00f3n del Concejo Municipal.<\/p>\n<p style=\"text-align: justify;\">\u201cEl impacto que trae claramente es muy positivo porque permite a la comunidad direccionar un poco la gesti\u00f3n del Centro Cultural en conjunto con las autoridades, los trabajadores del arte y la cultura, tambi\u00e9n los agentes culturales y las organizaciones comunitarias. Entonces es un trabajo que posiciona a todas las entidades que tienen relaci\u00f3n con la vida cultural; las posiciona en un mismo nivel, lo que claramente potencia y fomenta el desarrollo comunitario\u201d, manifest\u00f3 Cruces respecto a los beneficios del PG a mediano plazo.<\/p>\n<p style=\"text-align: justify;\">Cabe destacar que las cuatro l\u00edneas de intervenci\u00f3n, establecidas a partir del levantamiento de informaci\u00f3n, ponen el acento en la participaci\u00f3n y acceso a las artes, preservaci\u00f3n del patrimonio cultural, fortalecimiento institucional y equipamiento para la promoci\u00f3n de una agenda art\u00edstica activa, pero tambi\u00e9n la salvaguarda de la memoria e identidad, as\u00ed como la mediaci\u00f3n de nuevos p\u00fablicos.<\/p>\n<\/div><\/section><\/div><div  style='height:50px' class='hr hr-invisible   avia-builder-el-6  el_after_av_one_full  el_before_av_social_share '><span class='hr-inner ' ><span class='hr-inner-style'><\/span><\/span><\/div><\/p>\n<div  class='av-social-sharing-box  avia-builder-el-7  el_after_av_hr  el_before_av_hr  '><div class='av-share-box'><h5 class='av-share-link-description av-no-toc '>Compartir esta noticia<\/h5><ul class='av-share-box-list noLightbox'><li class='av-share-link av-social-link-facebook' ><a target=\"_blank\" aria-label=\"Compartir en Facebook\" href='https:\/\/www.facebook.com\/sharer.php?u=https:\/\/radiorevelacionfm.cl\/?p=28087&#038;t=Cochrane%20dispondr%C3%A1%20de%20instrumento%20de%20planificaci%C3%B3n%20para%20impulsar%20las%20artes%20y%20la%20cultura%20local' aria-hidden='false' data-av_icon='\ue8f3' data-av_iconfont='entypo-fontello' title='' data-avia-related-tooltip='Compartir en Facebook' rel=\"noopener\"><span class='avia_hidden_link_text'>Compartir en Facebook<\/span><\/a><\/li><li class='av-share-link av-social-link-twitter' ><a target=\"_blank\" aria-label=\"Compartir en Twitter\" href='https:\/\/twitter.com\/share?text=Cochrane%20dispondr%C3%A1%20de%20instrumento%20de%20planificaci%C3%B3n%20para%20impulsar%20las%20artes%20y%20la%20cultura%20local&#038;url=https:\/\/radiorevelacionfm.cl\/?p=28087' aria-hidden='false' data-av_icon='\ue8f1' data-av_iconfont='entypo-fontello' title='' data-avia-related-tooltip='Compartir en Twitter' rel=\"noopener\"><span class='avia_hidden_link_text'>Compartir en Twitter<\/span><\/a><\/li><li class='av-share-link av-social-link-whatsapp' ><a target=\"_blank\" aria-label=\"Compartir en Whatsapp\" href='https:\/\/api.whatsapp.com\/send?text=https:\/\/radiorevelacionfm.cl\/?p=28087' aria-hidden='false' data-av_icon='\uf232' data-av_iconfont='entypo-fontello' title='' data-avia-related-tooltip='Compartir en Whatsapp' rel=\"noopener\"><span class='avia_hidden_link_text'>Compartir en Whatsapp<\/span><\/a><\/li><li class='av-share-link av-social-link-linkedin' ><a target=\"_blank\" aria-label=\"Compartir en LinkedIn\" href='https:\/\/linkedin.com\/shareArticle?mini=true&#038;title=Cochrane%20dispondr%C3%A1%20de%20instrumento%20de%20planificaci%C3%B3n%20para%20impulsar%20las%20artes%20y%20la%20cultura%20local&#038;url=https:\/\/radiorevelacionfm.cl\/?p=28087' aria-hidden='false' data-av_icon='\ue8fc' data-av_iconfont='entypo-fontello' title='' data-avia-related-tooltip='Compartir en LinkedIn' rel=\"noopener\"><span class='avia_hidden_link_text'>Compartir en LinkedIn<\/span><\/a><\/li><li class='av-share-link av-social-link-mail' ><a  aria-label=\"Compartir por correo\" href='mailto:?subject=Cochrane%20dispondr%C3%A1%20de%20instrumento%20de%20planificaci%C3%B3n%20para%20impulsar%20las%20artes%20y%20la%20cultura%20local&#038;body=https:\/\/radiorevelacionfm.cl\/?p=28087' aria-hidden='false' data-av_icon='\ue805' data-av_iconfont='entypo-fontello' title='' data-avia-related-tooltip='Compartir por correo'><span class='avia_hidden_link_text'>Compartir por correo<\/span><\/a><\/li><\/ul><\/div><\/div>\n<div  style='height:50px' class='hr hr-invisible   avia-builder-el-8  el_after_av_social_share  el_before_av_comments_list '><span class='hr-inner ' ><span class='hr-inner-style'><\/span><\/span><\/div>\n<div  class='av-buildercomment  av-blog-meta-html-info-disabled av-blog-meta-tag-disabled  '><\/div>\n","protected":false},"excerpt":{"rendered":"","protected":false},"author":1,"featured_media":28088,"comment_status":"open","ping_status":"open","sticky":false,"template":"","format":"standard","meta":{"footnotes":""},"categories":[52],"tags":[],"class_list":["post-28087","post","type-post","status-publish","format-standard","has-post-thumbnail","hentry","category-cultura"],"jetpack_featured_media_url":"https:\/\/radiorevelacionfm.cl\/wp-content\/uploads\/2023\/02\/foto-2-actividad-en-centro-cultural-cochrane-1_optimized.jpg","_links":{"self":[{"href":"https:\/\/radiorevelacionfm.cl\/index.php?rest_route=\/wp\/v2\/posts\/28087","targetHints":{"allow":["GET"]}}],"collection":[{"href":"https:\/\/radiorevelacionfm.cl\/index.php?rest_route=\/wp\/v2\/posts"}],"about":[{"href":"https:\/\/radiorevelacionfm.cl\/index.php?rest_route=\/wp\/v2\/types\/post"}],"author":[{"embeddable":true,"href":"https:\/\/radiorevelacionfm.cl\/index.php?rest_route=\/wp\/v2\/users\/1"}],"replies":[{"embeddable":true,"href":"https:\/\/radiorevelacionfm.cl\/index.php?rest_route=%2Fwp%2Fv2%2Fcomments&post=28087"}],"version-history":[{"count":2,"href":"https:\/\/radiorevelacionfm.cl\/index.php?rest_route=\/wp\/v2\/posts\/28087\/revisions"}],"predecessor-version":[{"id":28090,"href":"https:\/\/radiorevelacionfm.cl\/index.php?rest_route=\/wp\/v2\/posts\/28087\/revisions\/28090"}],"wp:featuredmedia":[{"embeddable":true,"href":"https:\/\/radiorevelacionfm.cl\/index.php?rest_route=\/wp\/v2\/media\/28088"}],"wp:attachment":[{"href":"https:\/\/radiorevelacionfm.cl\/index.php?rest_route=%2Fwp%2Fv2%2Fmedia&parent=28087"}],"wp:term":[{"taxonomy":"category","embeddable":true,"href":"https:\/\/radiorevelacionfm.cl\/index.php?rest_route=%2Fwp%2Fv2%2Fcategories&post=28087"},{"taxonomy":"post_tag","embeddable":true,"href":"https:\/\/radiorevelacionfm.cl\/index.php?rest_route=%2Fwp%2Fv2%2Ftags&post=28087"}],"curies":[{"name":"wp","href":"https:\/\/api.w.org\/{rel}","templated":true}]}}