{"id":28082,"date":"2023-02-23T12:41:47","date_gmt":"2023-02-23T15:41:47","guid":{"rendered":"https:\/\/radiorevelacionfm.cl\/?p=28082"},"modified":"2023-02-23T17:25:41","modified_gmt":"2023-02-23T20:25:41","slug":"lancha-del-ejercito-auxilia-a-embarcacion-turistica-varada-en-lago-ohiggins","status":"publish","type":"post","link":"https:\/\/radiorevelacionfm.cl\/?p=28082","title":{"rendered":"Lancha del Ej\u00e9rcito auxilia a embarcaci\u00f3n tur\u00edstica que se encontraba a la deriva en Lago O\u00b4Higgins"},"content":{"rendered":"<div class=\"flex_column av_one_full  flex_column_div av-zero-column-padding first  avia-builder-el-0  el_before_av_one_full  avia-builder-el-first  \" style='border-radius:0px; '><div  class='avia-image-container  av-styling-    avia-builder-el-1  avia-builder-el-no-sibling  avia-align-center '  itemprop=\"image\" itemscope=\"itemscope\" itemtype=\"https:\/\/schema.org\/ImageObject\"  ><div class='avia-image-container-inner'><div class='avia-image-overlay-wrap'><img decoding=\"async\" class='wp-image-28083 avia-img-lazy-loading-not-28083 avia_image' src=\"https:\/\/radiorevelacionfm.cl\/wp-content\/uploads\/2023\/02\/WhatsApp-Image-2023-02-23-at-09.22.59-3-1-1.jpeg\" alt='' title='WhatsApp Image 2023-02-23 at 09.22.59 (3) (1) (1)' height=\"600\" width=\"1336\"  itemprop=\"thumbnailUrl\" srcset=\"https:\/\/radiorevelacionfm.cl\/wp-content\/uploads\/2023\/02\/WhatsApp-Image-2023-02-23-at-09.22.59-3-1-1.jpeg 1336w, https:\/\/radiorevelacionfm.cl\/wp-content\/uploads\/2023\/02\/WhatsApp-Image-2023-02-23-at-09.22.59-3-1-1-300x135.jpeg 300w, https:\/\/radiorevelacionfm.cl\/wp-content\/uploads\/2023\/02\/WhatsApp-Image-2023-02-23-at-09.22.59-3-1-1-1030x463.jpeg 1030w, https:\/\/radiorevelacionfm.cl\/wp-content\/uploads\/2023\/02\/WhatsApp-Image-2023-02-23-at-09.22.59-3-1-1-768x345.jpeg 768w, https:\/\/radiorevelacionfm.cl\/wp-content\/uploads\/2023\/02\/WhatsApp-Image-2023-02-23-at-09.22.59-3-1-1-705x317.jpeg 705w, https:\/\/radiorevelacionfm.cl\/wp-content\/uploads\/2023\/02\/WhatsApp-Image-2023-02-23-at-09.22.59-3-1-1-600x269.jpeg 600w\" sizes=\"(max-width: 1336px) 100vw, 1336px\" \/><\/div><\/div><\/div><\/div>\n<div class=\"flex_column av_one_full  flex_column_div av-zero-column-padding first  avia-builder-el-2  el_after_av_one_full  el_before_av_one_full  column-top-margin\" style='border-radius:0px; '><section class=\"av_textblock_section \"  itemscope=\"itemscope\" itemtype=\"https:\/\/schema.org\/BlogPosting\" itemprop=\"blogPost\" ><div class='avia_textblock  '   itemprop=\"text\" ><p style=\"text-align: center;\"><strong><span style=\"font-size: 18pt;\">Lancha del Ej\u00e9rcito auxilia a embarcaci\u00f3n tur\u00edstica que se encontraba a la deriva en Lago O\u00b4Higgins<\/span><\/strong><\/p>\n<div id=\"gtx-trans\" style=\"position: absolute; left: -50px; top: 4.31534px;\">\n<div class=\"gtx-trans-icon\"><\/div>\n<\/div>\n<\/div><\/section><\/div><div class=\"flex_column av_one_full  flex_column_div av-zero-column-padding first  avia-builder-el-4  el_after_av_one_full  el_before_av_hr  column-top-margin\" style='border-radius:0px; '><section class=\"av_textblock_section \"  itemscope=\"itemscope\" itemtype=\"https:\/\/schema.org\/BlogPosting\" itemprop=\"blogPost\" ><div class='avia_textblock  '   itemprop=\"text\" ><p style=\"text-align: justify;\">Efectivos de la Compa\u00f1\u00eda Andina Divisionaria N\u00b020 \u201cCochrane\u201d, a bordo de la lancha del Ej\u00e9rcito Capit\u00e1n \u201cIHL\u201d, auxili\u00f3 a embarcaci\u00f3n de turismo \u201cJackal\u201d, que se encontraba a la deriva en el lago O\u00b4Higgins en la localidad de Villa O\u00b4Higgins.<\/p>\n<p style=\"text-align: justify;\">En este sentido, el personal militar el cual se dirig\u00eda en la Lancha Institucional \u00a0a extraer un grupo de cient\u00edficos del Instituto Chileno de Campos de Hielo desde Punta Nahuelcar, a quienes la Compa\u00f1\u00eda Andina N\u00b020 \u201cCochrane\u201d se encuentra apoy\u00e1ndolos en el desarrollo de una expedici\u00f3n cient\u00edfica sobre glaciares. En ese momento, se percataron de una embarcaci\u00f3n civil la cual se encontraba a la deriva, procediendo inmediatamente a auxiliarlos.<\/p>\n<p style=\"text-align: justify;\">El Patricio Carmona, Sargento Segundo, Patr\u00f3n de la Lancha de la instituci\u00f3n nos se\u00f1ala, \u201cLlev\u00e1bamos una hora de zarpe, cuando nos percatamos de que hab\u00eda una embarcaci\u00f3n a la deriva con problemas mec\u00e1nicos debido a las malas condiciones del tiempo. Inmediatamente acudimos en su ayuda,\u00a0 embarcando a los turistas en nuestra lancha y asegur\u00e1ndonos que se encontraran en buenas condiciones de salud\u201d.<\/p>\n<p style=\"text-align: justify;\">La embarcaci\u00f3n da\u00f1ada se dirig\u00eda al sector de Candelario Mansilla con los turistas, sufriendo problemas t\u00e9cnicos por el fuerte oleaje del lago y las condiciones clim\u00e1ticas, siendo trasladadas las personas y la lancha de turismo por el Ej\u00e9rcito hasta Bah\u00eda Bahamonde.<\/p>\n<p style=\"text-align: justify;\">Nicol\u00e1s Avilar, Marinero Primero desde Puerto Bahamondes, nos indica \u201cSe comunic\u00f3 por v\u00eda radiola se\u00f1al de ayuda a todas las embarcaciones que hab\u00eda zarpado a primera hora. En la lancha Jackal se encontraban 2 tripulantes y 10 turistas, todos abordaron la Capit\u00e1n IHL, remolcando esta \u00faltima a la embarcaci\u00f3n da\u00f1ada hasta Puerto Bahamondes en Villa O\u00b4Higgins\u201d.<\/p>\n<p style=\"text-align: justify;\">Afortunadamente, las personas se encuentran en buenas condiciones de salud, y tras realizar la maniobra de rescate, los militares retomaron la navegaci\u00f3n en direcci\u00f3n a Nahuelcar.<\/p>\n<\/div><\/section><\/div><div  style='height:50px' class='hr hr-invisible   avia-builder-el-6  el_after_av_one_full  el_before_av_social_share '><span class='hr-inner ' ><span class='hr-inner-style'><\/span><\/span><\/div><\/p>\n<div  class='av-social-sharing-box  avia-builder-el-7  el_after_av_hr  el_before_av_hr  '><div class='av-share-box'><h5 class='av-share-link-description av-no-toc '>Compartir esta noticia<\/h5><ul class='av-share-box-list noLightbox'><li class='av-share-link av-social-link-facebook' ><a target=\"_blank\" aria-label=\"Compartir en Facebook\" href='https:\/\/www.facebook.com\/sharer.php?u=https:\/\/radiorevelacionfm.cl\/?p=28082&#038;t=Lancha%20del%20Ej%C3%A9rcito%20auxilia%20a%20embarcaci%C3%B3n%20tur%C3%ADstica%20que%20se%20encontraba%20a%20la%20deriva%20en%20Lago%20O%C2%B4Higgins' aria-hidden='false' data-av_icon='\ue8f3' data-av_iconfont='entypo-fontello' title='' data-avia-related-tooltip='Compartir en Facebook' rel=\"noopener\"><span class='avia_hidden_link_text'>Compartir en Facebook<\/span><\/a><\/li><li class='av-share-link av-social-link-twitter' ><a target=\"_blank\" aria-label=\"Compartir en Twitter\" href='https:\/\/twitter.com\/share?text=Lancha%20del%20Ej%C3%A9rcito%20auxilia%20a%20embarcaci%C3%B3n%20tur%C3%ADstica%20que%20se%20encontraba%20a%20la%20deriva%20en%20Lago%20O%C2%B4Higgins&#038;url=https:\/\/radiorevelacionfm.cl\/?p=28082' aria-hidden='false' data-av_icon='\ue8f1' data-av_iconfont='entypo-fontello' title='' data-avia-related-tooltip='Compartir en Twitter' rel=\"noopener\"><span class='avia_hidden_link_text'>Compartir en Twitter<\/span><\/a><\/li><li class='av-share-link av-social-link-whatsapp' ><a target=\"_blank\" aria-label=\"Compartir en Whatsapp\" href='https:\/\/api.whatsapp.com\/send?text=https:\/\/radiorevelacionfm.cl\/?p=28082' aria-hidden='false' data-av_icon='\uf232' data-av_iconfont='entypo-fontello' title='' data-avia-related-tooltip='Compartir en Whatsapp' rel=\"noopener\"><span class='avia_hidden_link_text'>Compartir en Whatsapp<\/span><\/a><\/li><li class='av-share-link av-social-link-linkedin' ><a target=\"_blank\" aria-label=\"Compartir en LinkedIn\" href='https:\/\/linkedin.com\/shareArticle?mini=true&#038;title=Lancha%20del%20Ej%C3%A9rcito%20auxilia%20a%20embarcaci%C3%B3n%20tur%C3%ADstica%20que%20se%20encontraba%20a%20la%20deriva%20en%20Lago%20O%C2%B4Higgins&#038;url=https:\/\/radiorevelacionfm.cl\/?p=28082' aria-hidden='false' data-av_icon='\ue8fc' data-av_iconfont='entypo-fontello' title='' data-avia-related-tooltip='Compartir en LinkedIn' rel=\"noopener\"><span class='avia_hidden_link_text'>Compartir en LinkedIn<\/span><\/a><\/li><li class='av-share-link av-social-link-mail' ><a  aria-label=\"Compartir por correo\" href='mailto:?subject=Lancha%20del%20Ej%C3%A9rcito%20auxilia%20a%20embarcaci%C3%B3n%20tur%C3%ADstica%20que%20se%20encontraba%20a%20la%20deriva%20en%20Lago%20O%C2%B4Higgins&#038;body=https:\/\/radiorevelacionfm.cl\/?p=28082' aria-hidden='false' data-av_icon='\ue805' data-av_iconfont='entypo-fontello' title='' data-avia-related-tooltip='Compartir por correo'><span class='avia_hidden_link_text'>Compartir por correo<\/span><\/a><\/li><\/ul><\/div><\/div>\n<div  style='height:50px' class='hr hr-invisible   avia-builder-el-8  el_after_av_social_share  el_before_av_comments_list '><span class='hr-inner ' ><span class='hr-inner-style'><\/span><\/span><\/div>\n<div  class='av-buildercomment  av-blog-meta-html-info-disabled av-blog-meta-tag-disabled  '><\/div>\n","protected":false},"excerpt":{"rendered":"","protected":false},"author":1,"featured_media":28083,"comment_status":"open","ping_status":"open","sticky":false,"template":"","format":"standard","meta":{"footnotes":""},"categories":[38],"tags":[],"class_list":["post-28082","post","type-post","status-publish","format-standard","has-post-thumbnail","hentry","category-regional"],"jetpack_featured_media_url":"https:\/\/radiorevelacionfm.cl\/wp-content\/uploads\/2023\/02\/WhatsApp-Image-2023-02-23-at-09.22.59-3-1-1.jpeg","_links":{"self":[{"href":"https:\/\/radiorevelacionfm.cl\/index.php?rest_route=\/wp\/v2\/posts\/28082","targetHints":{"allow":["GET"]}}],"collection":[{"href":"https:\/\/radiorevelacionfm.cl\/index.php?rest_route=\/wp\/v2\/posts"}],"about":[{"href":"https:\/\/radiorevelacionfm.cl\/index.php?rest_route=\/wp\/v2\/types\/post"}],"author":[{"embeddable":true,"href":"https:\/\/radiorevelacionfm.cl\/index.php?rest_route=\/wp\/v2\/users\/1"}],"replies":[{"embeddable":true,"href":"https:\/\/radiorevelacionfm.cl\/index.php?rest_route=%2Fwp%2Fv2%2Fcomments&post=28082"}],"version-history":[{"count":3,"href":"https:\/\/radiorevelacionfm.cl\/index.php?rest_route=\/wp\/v2\/posts\/28082\/revisions"}],"predecessor-version":[{"id":28101,"href":"https:\/\/radiorevelacionfm.cl\/index.php?rest_route=\/wp\/v2\/posts\/28082\/revisions\/28101"}],"wp:featuredmedia":[{"embeddable":true,"href":"https:\/\/radiorevelacionfm.cl\/index.php?rest_route=\/wp\/v2\/media\/28083"}],"wp:attachment":[{"href":"https:\/\/radiorevelacionfm.cl\/index.php?rest_route=%2Fwp%2Fv2%2Fmedia&parent=28082"}],"wp:term":[{"taxonomy":"category","embeddable":true,"href":"https:\/\/radiorevelacionfm.cl\/index.php?rest_route=%2Fwp%2Fv2%2Fcategories&post=28082"},{"taxonomy":"post_tag","embeddable":true,"href":"https:\/\/radiorevelacionfm.cl\/index.php?rest_route=%2Fwp%2Fv2%2Ftags&post=28082"}],"curies":[{"name":"wp","href":"https:\/\/api.w.org\/{rel}","templated":true}]}}