{"id":28073,"date":"2023-02-23T10:42:44","date_gmt":"2023-02-23T13:42:44","guid":{"rendered":"https:\/\/radiorevelacionfm.cl\/?p=28073"},"modified":"2023-02-23T10:42:44","modified_gmt":"2023-02-23T13:42:44","slug":"persecucion-policial-deja-dos-detenidos-por-microtrafico-y-porte-ilegal-de-arma-blanca-en-chile-chico","status":"publish","type":"post","link":"https:\/\/radiorevelacionfm.cl\/?p=28073","title":{"rendered":"Persecuci\u00f3n policial deja dos detenidos por microtr\u00e1fico y porte ilegal de arma blanca en Chile Chico"},"content":{"rendered":"<div class=\"flex_column av_one_full  flex_column_div av-zero-column-padding first  avia-builder-el-0  el_before_av_one_full  avia-builder-el-first  \" style='border-radius:0px; '><div  class='avia-image-container  av-styling-    avia-builder-el-1  avia-builder-el-no-sibling  avia-align-center '  itemprop=\"image\" itemscope=\"itemscope\" itemtype=\"https:\/\/schema.org\/ImageObject\"  ><div class='avia-image-container-inner'><div class='avia-image-overlay-wrap'><img decoding=\"async\" class='wp-image-28074 avia-img-lazy-loading-not-28074 avia_image' src=\"https:\/\/radiorevelacionfm.cl\/wp-content\/uploads\/2023\/02\/carabineros-chile-chico-2-1_optimized.jpg\" alt='' title='carabineros-chile-chico-2-(1)_optimized' height=\"600\" width=\"900\"  itemprop=\"thumbnailUrl\" srcset=\"https:\/\/radiorevelacionfm.cl\/wp-content\/uploads\/2023\/02\/carabineros-chile-chico-2-1_optimized.jpg 900w, https:\/\/radiorevelacionfm.cl\/wp-content\/uploads\/2023\/02\/carabineros-chile-chico-2-1_optimized-300x200.jpg 300w, https:\/\/radiorevelacionfm.cl\/wp-content\/uploads\/2023\/02\/carabineros-chile-chico-2-1_optimized-768x512.jpg 768w, https:\/\/radiorevelacionfm.cl\/wp-content\/uploads\/2023\/02\/carabineros-chile-chico-2-1_optimized-705x470.jpg 705w, https:\/\/radiorevelacionfm.cl\/wp-content\/uploads\/2023\/02\/carabineros-chile-chico-2-1_optimized-600x400.jpg 600w\" sizes=\"(max-width: 900px) 100vw, 900px\" \/><\/div><\/div><\/div><\/div><div class=\"flex_column av_one_full  flex_column_div av-zero-column-padding first  avia-builder-el-2  el_after_av_one_full  el_before_av_one_full  column-top-margin\" style='border-radius:0px; '><section class=\"av_textblock_section \"  itemscope=\"itemscope\" itemtype=\"https:\/\/schema.org\/BlogPosting\" itemprop=\"blogPost\" ><div class='avia_textblock  '   itemprop=\"text\" ><p style=\"text-align: center;\"><span style=\"font-size: 18pt;\"><strong>Persecuci\u00f3n policial deja dos detenidos por microtr\u00e1fico y porte ilegal de arma blanca en Chile Chico<\/strong><\/span><\/p>\n<div id=\"gtx-trans\" style=\"position: absolute; left: -50px; top: 4.31534px;\">\n<div class=\"gtx-trans-icon\"><\/div>\n<\/div>\n<\/div><\/section><\/div><div class=\"flex_column av_one_full  flex_column_div av-zero-column-padding first  avia-builder-el-4  el_after_av_one_full  el_before_av_hr  column-top-margin\" style='border-radius:0px; '><section class=\"av_textblock_section \"  itemscope=\"itemscope\" itemtype=\"https:\/\/schema.org\/BlogPosting\" itemprop=\"blogPost\" ><div class='avia_textblock  '   itemprop=\"text\" ><p style=\"text-align: justify;\">La Fiscal\u00eda de Chile Chico formaliz\u00f3 a dos imputados por los delitos de microtr\u00e1fico y porte ilegal de arma blanca, esto tras una persecuci\u00f3n y control policial, que permiti\u00f3 encontrar los elementos prohibidos tanto en el veh\u00edculo en el que se movilizaban los sujetos como tambi\u00e9n en sus domicilios.<\/p>\n<p style=\"text-align: justify;\">Carabineros realizaban un control vehicular en la avenida Bernardo O\u00b4higgins, cuando uno de los autos se escap\u00f3 para eludir la acci\u00f3n policial y es ah\u00ed donde se inicia la persecuci\u00f3n, inform\u00f3 el fiscal, \u00c1lvaro Sanhueza.<\/p>\n<p style=\"text-align: justify;\">\u201cPersonal de Carabineros se encontraba haciendo fiscalizaciones de tr\u00e1nsito en la avenida Bernardo O\u00b4higgins de Chile Chico, ocasi\u00f3n en la cual, un veh\u00edculo no hizo caso a la se\u00f1al de detenci\u00f3n, siendo perseguido por personal de Carabineros, logrando que este se detuviera frente al n\u00famero 506. En ese lugar se inici\u00f3 una fiscalizaci\u00f3n de tr\u00e1nsito, cuando personal de Carabineros se percata que del interior del veh\u00edculo emana un fuerte olor a marihuana y que el conductor estaba intentando esconder un cigarrillo artesanal\u201d.<\/p>\n<p style=\"text-align: justify;\">Seguido de ello, la fiscalizaci\u00f3n es a\u00fan m\u00e1s exhaustiva y aparecen otros elementos prohibidos en el procedimiento que llev\u00f3 a cabo personal policial, a\u00f1adi\u00f3 el fiscal Sanhueza. \u201cSe efectu\u00f3 un control de identidad, estableci\u00e9ndose que, el conductor y su acompa\u00f1ante portaban elementos corto-punzantes, sin lograr justificar razonablemente su porte, el cigarrillo artesanal correspond\u00eda a cannabis y el copiloto estaba escondiendo un elemento contenedor, en el cual, se encontraban dosificados aproximadamente 6 gramos de marihuana\u201d.<\/p>\n<p style=\"text-align: justify;\">Este procedimiento policial se desarroll\u00f3, adem\u00e1s, con una entrada y registro a los domicilios de los imputados, donde se encontr\u00f3 m\u00e1s marihuana y un sistema de cultivo indoor, agreg\u00f3 el persecutor.<\/p>\n<p style=\"text-align: justify;\">\u201cPosteriormente se efectu\u00f3 una entrada y registro voluntaria de los domicilios de los imputados, encontr\u00e1ndose al interior del domicilio del conductor del veh\u00edculo, una caja de madera escondida en el entretecho, que conten\u00eda aproximadamente 56 gramos de marihuana a granel. En tanto que el copiloto tenia al interior de su domicilio un sistema de cultivo indoor de plantas de marihuana, que eran un total de 4, con tama\u00f1o de entre 20 y 70 cent\u00edmetros de alto\u201d.<\/p>\n<p style=\"text-align: justify;\">Debido a este procedimiento y los art\u00edculos encontrados, \u201cse control\u00f3 la detenci\u00f3n, declar\u00e1ndose que ambas estaban ajustadas a derecho, se les formaliz\u00f3 por los delitos de microtr\u00e1fico y porte ilegal de arma blanca, en tanto que al copiloto se le formaliz\u00f3 por el delito de cultivo especies vegetales del genero cannabis, del art\u00edculo octavo de la ley 20.000, quedando ambos con las medidas cautelares de arraigo nacional y de firma semanal en las dependencias de la Tercera Comisaria de Carabineros de Chile Chico\u201d, puntualiz\u00f3 el fiscal \u00c1lvaro Sanhueza.<\/p>\n<\/div><\/section><\/div><div  style='height:50px' class='hr hr-invisible   avia-builder-el-6  el_after_av_one_full  el_before_av_social_share '><span class='hr-inner ' ><span class='hr-inner-style'><\/span><\/span><\/div><\/p>\n<div  class='av-social-sharing-box  avia-builder-el-7  el_after_av_hr  el_before_av_hr  '><div class='av-share-box'><h5 class='av-share-link-description av-no-toc '>Compartir esta noticia<\/h5><ul class='av-share-box-list noLightbox'><li class='av-share-link av-social-link-facebook' ><a target=\"_blank\" aria-label=\"Compartir en Facebook\" href='https:\/\/www.facebook.com\/sharer.php?u=https:\/\/radiorevelacionfm.cl\/?p=28073&#038;t=Persecuci%C3%B3n%20policial%20deja%20dos%20detenidos%20por%20microtr%C3%A1fico%20y%20porte%20ilegal%20de%20arma%20blanca%20en%20Chile%20Chico' aria-hidden='false' data-av_icon='\ue8f3' data-av_iconfont='entypo-fontello' title='' data-avia-related-tooltip='Compartir en Facebook' rel=\"noopener\"><span class='avia_hidden_link_text'>Compartir en Facebook<\/span><\/a><\/li><li class='av-share-link av-social-link-twitter' ><a target=\"_blank\" aria-label=\"Compartir en Twitter\" href='https:\/\/twitter.com\/share?text=Persecuci%C3%B3n%20policial%20deja%20dos%20detenidos%20por%20microtr%C3%A1fico%20y%20porte%20ilegal%20de%20arma%20blanca%20en%20Chile%20Chico&#038;url=https:\/\/radiorevelacionfm.cl\/?p=28073' aria-hidden='false' data-av_icon='\ue8f1' data-av_iconfont='entypo-fontello' title='' data-avia-related-tooltip='Compartir en Twitter' rel=\"noopener\"><span class='avia_hidden_link_text'>Compartir en Twitter<\/span><\/a><\/li><li class='av-share-link av-social-link-whatsapp' ><a target=\"_blank\" aria-label=\"Compartir en Whatsapp\" href='https:\/\/api.whatsapp.com\/send?text=https:\/\/radiorevelacionfm.cl\/?p=28073' aria-hidden='false' data-av_icon='\uf232' data-av_iconfont='entypo-fontello' title='' data-avia-related-tooltip='Compartir en Whatsapp' rel=\"noopener\"><span class='avia_hidden_link_text'>Compartir en Whatsapp<\/span><\/a><\/li><li class='av-share-link av-social-link-linkedin' ><a target=\"_blank\" aria-label=\"Compartir en LinkedIn\" href='https:\/\/linkedin.com\/shareArticle?mini=true&#038;title=Persecuci%C3%B3n%20policial%20deja%20dos%20detenidos%20por%20microtr%C3%A1fico%20y%20porte%20ilegal%20de%20arma%20blanca%20en%20Chile%20Chico&#038;url=https:\/\/radiorevelacionfm.cl\/?p=28073' aria-hidden='false' data-av_icon='\ue8fc' data-av_iconfont='entypo-fontello' title='' data-avia-related-tooltip='Compartir en LinkedIn' rel=\"noopener\"><span class='avia_hidden_link_text'>Compartir en LinkedIn<\/span><\/a><\/li><li class='av-share-link av-social-link-mail' ><a  aria-label=\"Compartir por correo\" href='mailto:?subject=Persecuci%C3%B3n%20policial%20deja%20dos%20detenidos%20por%20microtr%C3%A1fico%20y%20porte%20ilegal%20de%20arma%20blanca%20en%20Chile%20Chico&#038;body=https:\/\/radiorevelacionfm.cl\/?p=28073' aria-hidden='false' data-av_icon='\ue805' data-av_iconfont='entypo-fontello' title='' data-avia-related-tooltip='Compartir por correo'><span class='avia_hidden_link_text'>Compartir por correo<\/span><\/a><\/li><\/ul><\/div><\/div>\n<div  style='height:50px' class='hr hr-invisible   avia-builder-el-8  el_after_av_social_share  el_before_av_comments_list '><span class='hr-inner ' ><span class='hr-inner-style'><\/span><\/span><\/div>\n<div  class='av-buildercomment  av-blog-meta-html-info-disabled av-blog-meta-tag-disabled  '><\/div>\n","protected":false},"excerpt":{"rendered":"","protected":false},"author":1,"featured_media":28074,"comment_status":"open","ping_status":"open","sticky":false,"template":"","format":"standard","meta":{"footnotes":""},"categories":[36],"tags":[],"class_list":["post-28073","post","type-post","status-publish","format-standard","has-post-thumbnail","hentry","category-policial"],"jetpack_featured_media_url":"https:\/\/radiorevelacionfm.cl\/wp-content\/uploads\/2023\/02\/carabineros-chile-chico-2-1_optimized.jpg","_links":{"self":[{"href":"https:\/\/radiorevelacionfm.cl\/index.php?rest_route=\/wp\/v2\/posts\/28073","targetHints":{"allow":["GET"]}}],"collection":[{"href":"https:\/\/radiorevelacionfm.cl\/index.php?rest_route=\/wp\/v2\/posts"}],"about":[{"href":"https:\/\/radiorevelacionfm.cl\/index.php?rest_route=\/wp\/v2\/types\/post"}],"author":[{"embeddable":true,"href":"https:\/\/radiorevelacionfm.cl\/index.php?rest_route=\/wp\/v2\/users\/1"}],"replies":[{"embeddable":true,"href":"https:\/\/radiorevelacionfm.cl\/index.php?rest_route=%2Fwp%2Fv2%2Fcomments&post=28073"}],"version-history":[{"count":2,"href":"https:\/\/radiorevelacionfm.cl\/index.php?rest_route=\/wp\/v2\/posts\/28073\/revisions"}],"predecessor-version":[{"id":28076,"href":"https:\/\/radiorevelacionfm.cl\/index.php?rest_route=\/wp\/v2\/posts\/28073\/revisions\/28076"}],"wp:featuredmedia":[{"embeddable":true,"href":"https:\/\/radiorevelacionfm.cl\/index.php?rest_route=\/wp\/v2\/media\/28074"}],"wp:attachment":[{"href":"https:\/\/radiorevelacionfm.cl\/index.php?rest_route=%2Fwp%2Fv2%2Fmedia&parent=28073"}],"wp:term":[{"taxonomy":"category","embeddable":true,"href":"https:\/\/radiorevelacionfm.cl\/index.php?rest_route=%2Fwp%2Fv2%2Fcategories&post=28073"},{"taxonomy":"post_tag","embeddable":true,"href":"https:\/\/radiorevelacionfm.cl\/index.php?rest_route=%2Fwp%2Fv2%2Ftags&post=28073"}],"curies":[{"name":"wp","href":"https:\/\/api.w.org\/{rel}","templated":true}]}}